{"id":87029,"date":"2025-11-11T08:26:08","date_gmt":"2025-11-11T08:26:08","guid":{"rendered":"https:\/\/www.europesays.com\/fi\/87029\/"},"modified":"2025-11-11T08:26:08","modified_gmt":"2025-11-11T08:26:08","slug":"venalaislegenda-sai-keskella-yota-puhelun-kanadasta-otti-heti-paukun-vodkaa","status":"publish","type":"post","link":"https:\/\/www.europesays.com\/fi\/87029\/","title":{"rendered":"Ven\u00e4l\u00e4islegenda sai keskell\u00e4 y\u00f6t\u00e4 puhelun Kanadasta \u2013 Otti heti paukun vodkaa"},"content":{"rendered":"<p>J\u00e4\u00e4kiekon Hall of Fame sai uusia j\u00e4seni\u00e4.<\/p>\n<p><img decoding=\"async\" class=\"image image-show image-preview\" src=\"https:\/\/www.europesays.com\/fi\/wp-content\/uploads\/2025\/11\/8311fbc1eae2939b2aa02e26ce30153a1b40d2ac8709a0324c33056d47ce6b4f.jpg\" alt=\"\"\/><img decoding=\"async\" class=\"image image-show\" src=\"https:\/\/www.europesays.com\/fi\/wp-content\/uploads\/2025\/11\/1762849568_674_8311fbc1eae2939b2aa02e26ce30153a1b40d2ac8709a0324c33056d47ce6b4f.jpg\" alt=\"\"\/><\/p>\n<p>Aleksandr Mogilny kertoi hauskan tarinan siit\u00e4, miten h\u00e4n sai kuulla HoF-valinnastaan. ZumaWire \/ MVPHOTOS<\/p>\n<p class=\"paragraph\"><strong>Joe Thornton<\/strong>, <strong>Aleksandr Mogilnyi<\/strong>, <strong>Zdeno Chara<\/strong>, <strong>Duncan Keith<\/strong>, <strong>Jennifer Botterill<\/strong> ja <strong>Brianna Decker<\/strong> nimettiin maanantaina Hockey Hall of Fameen.<\/p>\n<p class=\"paragraph\">Ven\u00e4l\u00e4islegenda Mogilnyi kertoi videon v\u00e4lityksell\u00e4, ett\u00e4 h\u00e4n sai kuulla valinnasta keskell\u00e4 y\u00f6t\u00e4. H\u00e4nelle soitettiin Kanadan Ontarion suuntanumerosta aamukolmelta.<\/p>\n<p class=\"paragraph\">\u2013 Innostuin siit\u00e4 niin paljon, ett\u00e4 en voinut menn\u00e4 takaisin s\u00e4nkyyn. Ajattelin, ett\u00e4 menen keitt\u00e4m\u00e4\u00e4n itselleni kupin kahvia. Tai voisin kaataa itselleni paukun kylm\u00e4\u00e4 ven\u00e4l\u00e4ist\u00e4 vodkaa. Arvatkaa, kumpaan p\u00e4\u00e4dyin? Mogilnyi kysyi vitsaillen.<\/p>\n<p class=\"paragraph\">Sitten h\u00e4n vastasi omaan kysymykseens\u00e4.<\/p>\n<p class=\"paragraph\">\u2013 Olette oikeassa. Se vastavalmistuneen kahvin tuoksu&#8230; Se ei ollut vaihtoehto minulle sill\u00e4 hetkell\u00e4, Mogilnyi totesi naama peruslukemilla.<\/p>\n<p class=\"paragraph\">Jos video ei n\u00e4y laitteellasi, voit katsoa sen <a href=\"https:\/\/www.instagram.com\/p\/DQ5ugJZjINY\/?igsh=cm5nczNyeTc1Mzh4&amp;img_index=2\" target=\"_blank\" rel=\"noopener nofollow\">t\u00e4\u00e4lt\u00e4<\/a>.<\/p>\n<p class=\"paragraph\">Taituri pelasi NHL:ss\u00e4 16 kauden aikana 990 runkosarjapeli\u00e4 tehoilla 473+559=1\u00a0032. 56-vuotias legenda voitti urallaan muun muassa Stanley Cupin, olympiakultaa ja MM-kultaa.<\/p>\n<p class=\"paragraph\">Samassa juhlatilaisuudessa NHL:n komissaari <strong>Gary Bettmanille<\/strong> sattui pieni moka puheen aikana. H\u00e4n kutsui Thorntonia Dumboksi, vaikka miehen lempinimi on Jumbo.<\/p>\n<p class=\"paragraph\">Kun Bettman sai kuulla virheest\u00e4\u00e4n, h\u00e4n k\u00e4vi pyyt\u00e4m\u00e4ss\u00e4 Thorntonilta anteeksi.<\/p>\n<p class=\"paragraph\">Jos video ei n\u00e4y laitteellasi, voit katsoa sen <a href=\"https:\/\/www.instagram.com\/reel\/DQ52jlWDQJA\/?igsh=MXBvN3ozYzgzcnc3dA%3D%3D\" rel=\"noopener nofollow\" target=\"_blank\">t\u00e4\u00e4lt\u00e4<\/a>.<\/p>\n<p><script async src=\"\/\/www.instagram.com\/embed.js\"><\/script><\/p>\n","protected":false},"excerpt":{"rendered":"J\u00e4\u00e4kiekon Hall of Fame sai uusia j\u00e4seni\u00e4. Aleksandr Mogilny kertoi hauskan tarinan siit\u00e4, miten h\u00e4n sai kuulla HoF-valinnastaan.&hellip;\n","protected":false},"author":2,"featured_media":87030,"comment_status":"","ping_status":"","sticky":false,"template":"","format":"standard","meta":{"footnotes":""},"categories":[158],"tags":[35,1144,1274,33,31,30,1143,41,159,32,1145,160],"class_list":{"0":"post-87029","1":"post","2":"type-post","3":"status-publish","4":"format-standard","5":"has-post-thumbnail","7":"category-urheilu","8":"tag-24h","9":"tag-ammattilaisjaakiekko","10":"tag-ammattiurheilu","11":"tag-fi","12":"tag-finland","13":"tag-finnish","14":"tag-jaakiekko","15":"tag-liikunta-ja-urheilu","16":"tag-sports","17":"tag-suomi","18":"tag-talviurheilu","19":"tag-urheilu"},"share_on_mastodon":{"url":"https:\/\/pubeurope.com\/@fi\/115530117126567842","error":""},"_links":{"self":[{"href":"https:\/\/www.europesays.com\/fi\/wp-json\/wp\/v2\/posts\/87029","targetHints":{"allow":["GET"]}}],"collection":[{"href":"https:\/\/www.europesays.com\/fi\/wp-json\/wp\/v2\/posts"}],"about":[{"href":"https:\/\/www.europesays.com\/fi\/wp-json\/wp\/v2\/types\/post"}],"author":[{"embeddable":true,"href":"https:\/\/www.europesays.com\/fi\/wp-json\/wp\/v2\/users\/2"}],"replies":[{"embeddable":true,"href":"https:\/\/www.europesays.com\/fi\/wp-json\/wp\/v2\/comments?post=87029"}],"version-history":[{"count":0,"href":"https:\/\/www.europesays.com\/fi\/wp-json\/wp\/v2\/posts\/87029\/revisions"}],"wp:featuredmedia":[{"embeddable":true,"href":"https:\/\/www.europesays.com\/fi\/wp-json\/wp\/v2\/media\/87030"}],"wp:attachment":[{"href":"https:\/\/www.europesays.com\/fi\/wp-json\/wp\/v2\/media?parent=87029"}],"wp:term":[{"taxonomy":"category","embeddable":true,"href":"https:\/\/www.europesays.com\/fi\/wp-json\/wp\/v2\/categories?post=87029"},{"taxonomy":"post_tag","embeddable":true,"href":"https:\/\/www.europesays.com\/fi\/wp-json\/wp\/v2\/tags?post=87029"}],"curies":[{"name":"wp","href":"https:\/\/api.w.org\/{rel}","templated":true}]}}