{"id":87033,"date":"2025-11-11T08:28:10","date_gmt":"2025-11-11T08:28:10","guid":{"rendered":"https:\/\/www.europesays.com\/fi\/87033\/"},"modified":"2025-11-11T08:28:10","modified_gmt":"2025-11-11T08:28:10","slug":"epaonnisen-peuran-vierailu-helsingin-keskustassa-paattyi-poliisin-laukaukseen","status":"publish","type":"post","link":"https:\/\/www.europesays.com\/fi\/87033\/","title":{"rendered":"Ep\u00e4onnisen peuran vierailu Helsingin keskustassa p\u00e4\u00e4ttyi poliisin laukaukseen"},"content":{"rendered":"<p>El\u00e4in onnistui hankkiutumaan syv\u00e4lle p\u00e4\u00e4kaupungin ytimeen.<\/p>\n<p>10.11. 3:29<\/p>\n<p>Lue tiivistelm\u00e4<\/p>\n<p>Tiivistelm\u00e4 on teko\u00e4lyn tekem\u00e4 ja ihmisen tarkistama.<\/p>\n<p class=\"article-body mb-nof-24 px-nof-16 sndp-summary-bullet-point-font\">Helsingin keskustaan eksynyt peura p\u00e4\u00e4tyi poliisin lopettamaksi sunnuntai-iltana.<\/p>\n<p class=\"article-body mb-nof-24 px-nof-16 sndp-summary-bullet-point-font\">El\u00e4in n\u00e4htiin useissa paikoissa keskustassa, muun muassa Kauppatorilla ja Punavuoressa.<\/p>\n<p class=\"article-body mb-nof-24 px-nof-16 sndp-summary-bullet-point-font\">Komisario Marko K\u00e4\u00e4ri\u00e4isen mukaan peuraa ei voitu ottaa kiinni, joten lopettaminen oli ainoa vaihtoehto.<\/p>\n<p class=\"article-body mb-nof-24 px-nof-16\">Yleens\u00e4 v\u00e4hint\u00e4\u00e4n puistomaisilla alueilla viihtyv\u00e4 peura eksyi ep\u00e4onnekseen Helsingin keskustaan sunnuntai-iltana.<\/p>\n<p class=\"article-body mb-nof-24 px-nof-16\">El\u00e4in onnistui hankkiutumaan niin syv\u00e4lle kaupungin ytimeen, ett\u00e4 sen on t\u00e4ytynyt kulkea kilometrien matka kivitalojen v\u00e4liss\u00e4. Ellei se sitten ole uinut paikalle.<\/p>\n<p class=\"article-body mb-nof-24 px-nof-16\">Kaupunkiretki ei p\u00e4\u00e4ttynyt peuran kannalta hyvin.<\/p>\n<p class=\"article-body mb-nof-24 px-nof-16\">Helsingin poliisin mukaan peura n\u00e4htiin ainakin Kauppatorin kulmalla sek\u00e4 entisen Palace-hotellin luona, joka nyky\u00e4\u00e4n tunnetaan paremmin niin sanottuna ty\u00f6nantaja\u00adlinnakkeena eli useiden ty\u00f6nantaja\u00adj\u00e4rjest\u00f6jen p\u00e4\u00e4konttorina.<\/p>\n<p class=\"article-body mb-nof-24 px-nof-16\">El\u00e4in jolkotteli my\u00f6s T\u00e4htitorninvuoren liepeill\u00e4 ja Tehtaankadulla. Silminn\u00e4kij\u00e4n kuvaaman videon perusteella se kiipesi er\u00e4\u00e4ss\u00e4 vaiheessa Neitsytpolun suunnasta kohti Tehtaankadulla sijaitsevan Ven\u00e4j\u00e4n suurl\u00e4hetyst\u00f6n aitaa.<\/p>\n<p class=\"article-body mb-nof-24 px-nof-16\">Nopealiikkeinen peura n\u00e4htiin my\u00f6s Punavuoressa juoksemassa poliisien saartamana pitkin Annankatua kohti Johanneksenpuistoa.<\/p>\n<p class=\"article-body mb-nof-24 px-nof-16\">Hirviel\u00e4imen pyr\u00e4hdys kaupungin sykkeess\u00e4 ja samalla my\u00f6s sen el\u00e4m\u00e4 p\u00e4\u00e4ttyi rikkaiden suosiman kaupunginosan Kaivopuiston rantaan Ehrenstr\u00f6min\u00adtielle. Poliisi lopetti peuran.<\/p>\n<p class=\"article-body mb-nof-24 px-nof-16\">\u2013\u2009Ei poliisi voi sit\u00e4 kiinni ottaa. Ei ollut muuta keinoa kuin lopettaa se, kertoi komisario <a class=\"article-personlink\" href=\"https:\/\/www.is.fi\/haku\/?query=Marko%20K%C3%A4%C3%A4ri%C3%A4inen\" rel=\"nofollow noopener\" target=\"_blank\">Marko K\u00e4\u00e4ri\u00e4inen<\/a> Helsingin poliisin johtokeskuksesta y\u00f6ll\u00e4.<\/p>\n<p class=\"article-body mb-nof-24 px-nof-16\">Poliisin tiedossa ei ollut, ett\u00e4 sarvip\u00e4\u00e4 olisi kaupungilla juostessaan ehtinyt aiheuttaa esimerkiksi liikenne\u00adonnettomuuksia tai omaisuus\u00advahinkoja.<\/p>\n<p class=\"article-body mb-nof-24 px-nof-16\">Poliisin johtokeskuksessa ei y\u00f6ll\u00e4 osattu sanoa, mink\u00e4 lajin peurasta oli kyse. Silminn\u00e4kij\u00f6iden ottamien valokuvien ja videoiden perusteella se n\u00e4ytt\u00e4isi todenn\u00e4k\u00f6isimmin olevan <a class=\"article-genericlink\" href=\"https:\/\/luontoportti.com\/t\/3237\/valkohantakauris\" rel=\"nofollow noopener\" target=\"_blank\">valkoh\u00e4nt\u00e4kauris<\/a> ja sukupuoleltaan pukki eli uros.<\/p>\n<p class=\"article-body mb-nof-24 px-nof-16\">Valkoh\u00e4nt\u00e4kauris on vakiintunut vieraslaji, jota on hyvin runsaasti varsinkin etel\u00e4isess\u00e4 ja lounaisessa Suomessa. <a class=\"article-genericlink\" href=\"https:\/\/www.luke.fi\/fi\/luonnonvaratieto\/tiedetta-ja-tietoa\/valkohantapeura\" rel=\"nofollow noopener\" target=\"_blank\">Luonnonvarakeskuksen<\/a> mukaan valkoh\u00e4nt\u00e4kauriita oli Suomessa viime talvena reilusti yli sata tuhatta yksil\u00f6\u00e4.<\/p>\n<p class=\"article-body mb-nof-24 px-nof-16\">Kanta on siis kasvanut runsaasti siit\u00e4, kun Yhdysvaltojen Minnesotasta tuotiin Suomen ensimm\u00e4iset viisi valkoh\u00e4nt\u00e4kaurista <a class=\"article-genericlink\" href=\"https:\/\/laukonkartano.fi\/historia\/laukon-peura\/\" rel=\"nofollow noopener\" target=\"_blank\">Pirkanmaan Vesilahdelle<\/a> syksyll\u00e4 1934.<\/p>\n","protected":false},"excerpt":{"rendered":"El\u00e4in onnistui hankkiutumaan syv\u00e4lle p\u00e4\u00e4kaupungin ytimeen. 10.11. 3:29 Lue tiivistelm\u00e4 Tiivistelm\u00e4 on teko\u00e4lyn tekem\u00e4 ja ihmisen tarkistama. Helsingin&hellip;\n","protected":false},"author":2,"featured_media":87034,"comment_status":"","ping_status":"","sticky":false,"template":"","format":"standard","meta":{"footnotes":""},"categories":[112],"tags":[33,31,30,34,118,32,119],"class_list":{"0":"post-87033","1":"post","2":"type-post","3":"status-publish","4":"format-standard","5":"has-post-thumbnail","7":"category-tiede","8":"tag-fi","9":"tag-finland","10":"tag-finnish","11":"tag-ilta-sanomat","12":"tag-science","13":"tag-suomi","14":"tag-tiede"},"share_on_mastodon":{"url":"https:\/\/pubeurope.com\/@fi\/115530124700014439","error":""},"_links":{"self":[{"href":"https:\/\/www.europesays.com\/fi\/wp-json\/wp\/v2\/posts\/87033","targetHints":{"allow":["GET"]}}],"collection":[{"href":"https:\/\/www.europesays.com\/fi\/wp-json\/wp\/v2\/posts"}],"about":[{"href":"https:\/\/www.europesays.com\/fi\/wp-json\/wp\/v2\/types\/post"}],"author":[{"embeddable":true,"href":"https:\/\/www.europesays.com\/fi\/wp-json\/wp\/v2\/users\/2"}],"replies":[{"embeddable":true,"href":"https:\/\/www.europesays.com\/fi\/wp-json\/wp\/v2\/comments?post=87033"}],"version-history":[{"count":0,"href":"https:\/\/www.europesays.com\/fi\/wp-json\/wp\/v2\/posts\/87033\/revisions"}],"wp:featuredmedia":[{"embeddable":true,"href":"https:\/\/www.europesays.com\/fi\/wp-json\/wp\/v2\/media\/87034"}],"wp:attachment":[{"href":"https:\/\/www.europesays.com\/fi\/wp-json\/wp\/v2\/media?parent=87033"}],"wp:term":[{"taxonomy":"category","embeddable":true,"href":"https:\/\/www.europesays.com\/fi\/wp-json\/wp\/v2\/categories?post=87033"},{"taxonomy":"post_tag","embeddable":true,"href":"https:\/\/www.europesays.com\/fi\/wp-json\/wp\/v2\/tags?post=87033"}],"curies":[{"name":"wp","href":"https:\/\/api.w.org\/{rel}","templated":true}]}}