{"id":87037,"date":"2025-11-11T08:31:08","date_gmt":"2025-11-11T08:31:08","guid":{"rendered":"https:\/\/www.europesays.com\/fi\/87037\/"},"modified":"2025-11-11T08:31:08","modified_gmt":"2025-11-11T08:31:08","slug":"ft-eu-perustaa-uuden-tiedusteluyksikon-ursula-von-der-leyenin-alaisuuteen-uutisia-lyhyesti","status":"publish","type":"post","link":"https:\/\/www.europesays.com\/fi\/87037\/","title":{"rendered":"FT: EU perustaa uuden tiedusteluyksik\u00f6n Ursula von der Leyenin alaisuuteen | Uutisia lyhyesti"},"content":{"rendered":"<p class=\"aw-1gybjub aw-5vja16 kEtdKx kmuxyA yle__article__paragraph\">Viime lokakuussa uutisoitiin Sauli Niinist\u00f6n raporttiluonnoksesta, jossa esitettiin EU:lle tiedusteluelimen luomista. <\/p>\n<p><img decoding=\"async\" alt=\"Ursula von der Leyen ja Petteri Orpo keskustelevat laivan ohjaamossa.\" src=\"https:\/\/www.europesays.com\/fi\/wp-content\/uploads\/2025\/11\/39-15515926912cab669391.jpeg\" class=\"aw-1l9m598 hKVVvP\"\/><\/p>\n<p>Avaa kuvien katselu<\/p>\n<p>Ursula von der Leyen kuvattuna vierailullaan Helsingiss\u00e4 elokuussa. Kuva: Antti Aimo-Koivisto \/ Lehtikuva<\/p>\n<p class=\"aw-1gybjub aw-1p7kakr kEtdKx cEmitX yle__article__paragraph\">Euroopan komissio on aloittanut uuden tiedusteluelimen perustamisen puheenjohtaja <strong class=\"aw-ak79eh KyCXm yle__article__strong\">Ursula von der Leyenin<\/strong> alaisuuteen, kertoo brittilehti <a class=\"aw-iao6s4 iHOxEa yle__article__link\" href=\"https:\/\/www.ft.com\/content\/b8a3aee3-222b-4b4f-a1e2-e7a819ac0dd2\" role=\"link\" rel=\"nofollow noopener\" target=\"_blank\">Financial Times<\/a>. Pyrkimyksen\u00e4 on lehden mukaan parantaa kansallisten tiedustelupalvelujen ker\u00e4\u00e4mien tietojen k\u00e4ytt\u00f6\u00e4.<\/p>\n<p class=\"aw-1gybjub aw-1p7kakr kEtdKx cEmitX yle__article__paragraph\">Lehden mukaan yksikk\u00f6 perustetaan komission p\u00e4\u00e4sihteerist\u00f6n sis\u00e4lle. Yksikk\u00f6 aikoo palkata virkamiehi\u00e4 EU:n tiedusteluyhteis\u00f6st\u00e4 ja koota tiedustelutietoja yhteisiin tarkoituksiin, lehti kertoo nelj\u00e4n suunnitelmista perill\u00e4 olevan l\u00e4hteen mukaan.<\/p>\n<p class=\"aw-1gybjub aw-1p7kakr kEtdKx cEmitX yle__article__paragraph\">Reuters ei ole pystynyt v\u00e4litt\u00f6m\u00e4sti vahvistamaan tietoa.<\/p>\n<p class=\"aw-1gybjub aw-1p7kakr kEtdKx cEmitX yle__article__paragraph\">Vuosi sitten uutisoitiin, ett\u00e4 presidentti <strong class=\"aw-ak79eh KyCXm yle__article__strong\">Sauli Niinist\u00f6n<\/strong> raporttiluonnoksessa esitet\u00e4\u00e4n EU:lle t\u00e4ysimittaisen <a class=\"aw-iao6s4 iHOxEa yle__article__link\" href=\"https:\/\/yle.fi\/a\/74-20119778\" role=\"link\" rel=\"nofollow noopener\" target=\"_blank\">tiedusteluelimen <\/a>luomista.<\/p>\n<p class=\"aw-1gybjub aw-1p7kakr kEtdKx cEmitX yle__article__paragraph\">Reuters<\/p>\n","protected":false},"excerpt":{"rendered":"Viime lokakuussa uutisoitiin Sauli Niinist\u00f6n raporttiluonnoksesta, jossa esitettiin EU:lle tiedusteluelimen luomista. Avaa kuvien katselu Ursula von der Leyen&hellip;\n","protected":false},"author":2,"featured_media":87038,"comment_status":"","ping_status":"","sticky":false,"template":"","format":"standard","meta":{"footnotes":""},"categories":[14],"tags":[22,23,26,27,33,31,30,17,24,25,28,29,15,18,21,32,11992,19,20,56,2208,16,59,60,61,796],"class_list":{"0":"post-87037","1":"post","2":"type-post","3":"status-publish","4":"format-standard","5":"has-post-thumbnail","7":"category-ulkomaat","8":"tag-breaking-news","9":"tag-breakingnews","10":"tag-featured-news","11":"tag-featurednews","12":"tag-fi","13":"tag-finland","14":"tag-finnish","15":"tag-headlines","16":"tag-latest-news","17":"tag-latestnews","18":"tag-main-news","19":"tag-mainnews","20":"tag-news","21":"tag-otsikot","22":"tag-paauutiset","23":"tag-suomi","24":"tag-tiedustelupalvelut","25":"tag-top-stories","26":"tag-topstories","27":"tag-ulkomaat","28":"tag-ursula-von-der-leyen","29":"tag-uutiset","30":"tag-world","31":"tag-world-news","32":"tag-worldnews","33":"tag-yhteiskunta"},"share_on_mastodon":{"url":"https:\/\/pubeurope.com\/@fi\/115530136809630374","error":""},"_links":{"self":[{"href":"https:\/\/www.europesays.com\/fi\/wp-json\/wp\/v2\/posts\/87037","targetHints":{"allow":["GET"]}}],"collection":[{"href":"https:\/\/www.europesays.com\/fi\/wp-json\/wp\/v2\/posts"}],"about":[{"href":"https:\/\/www.europesays.com\/fi\/wp-json\/wp\/v2\/types\/post"}],"author":[{"embeddable":true,"href":"https:\/\/www.europesays.com\/fi\/wp-json\/wp\/v2\/users\/2"}],"replies":[{"embeddable":true,"href":"https:\/\/www.europesays.com\/fi\/wp-json\/wp\/v2\/comments?post=87037"}],"version-history":[{"count":0,"href":"https:\/\/www.europesays.com\/fi\/wp-json\/wp\/v2\/posts\/87037\/revisions"}],"wp:featuredmedia":[{"embeddable":true,"href":"https:\/\/www.europesays.com\/fi\/wp-json\/wp\/v2\/media\/87038"}],"wp:attachment":[{"href":"https:\/\/www.europesays.com\/fi\/wp-json\/wp\/v2\/media?parent=87037"}],"wp:term":[{"taxonomy":"category","embeddable":true,"href":"https:\/\/www.europesays.com\/fi\/wp-json\/wp\/v2\/categories?post=87037"},{"taxonomy":"post_tag","embeddable":true,"href":"https:\/\/www.europesays.com\/fi\/wp-json\/wp\/v2\/tags?post=87037"}],"curies":[{"name":"wp","href":"https:\/\/api.w.org\/{rel}","templated":true}]}}