{"id":87039,"date":"2025-11-11T08:32:08","date_gmt":"2025-11-11T08:32:08","guid":{"rendered":"https:\/\/www.europesays.com\/fi\/87039\/"},"modified":"2025-11-11T08:32:08","modified_gmt":"2025-11-11T08:32:08","slug":"kommentti-niiniston-putin-avaus-yllatti-taatusti-stubbinkin-mutta-venaja-yhteyksien-palauttamisesta-presidenteilla-on-yksimielisyys","status":"publish","type":"post","link":"https:\/\/www.europesays.com\/fi\/87039\/","title":{"rendered":"Kommentti: Niinist\u00f6n Putin-avaus yll\u00e4tti taatusti Stubbinkin \u2013 mutta Ven\u00e4j\u00e4-yhteyksien palauttamisesta presidenteill\u00e4 on yksimielisyys"},"content":{"rendered":"<p>Presidentti Sauli Niinist\u00f6 yll\u00e4tti taatusti istuvan tasavallan presidentin Alexander Stubbin esitt\u00e4m\u00e4ll\u00e4 yhteyksien luomista Vladimir Putiniin, vaikka linja onkin pohjimmiltaan sama, arvioi politiikan erikoistoimittaja Timo Haapala.<\/p>\n<p class=\"article-body mb-nof-24 px-nof-16\">Presidentti <a class=\"article-personlink\" href=\"https:\/\/www.is.fi\/haku\/?query=Sauli%20Niinist%C3%B6\" rel=\"nofollow noopener\" target=\"_blank\">Sauli Niinist\u00f6<\/a> is back \u2013 siis julkisuudessa.<\/p>\n<p class=\"article-body mb-nof-24 px-nof-16\">T\u00e4m\u00e4n voi todeta viime p\u00e4ivien valossa. Ensin Niinist\u00f6 puolusti toimiaan ex-p\u00e4\u00e4ministeri <a class=\"article-personlink\" href=\"https:\/\/www.is.fi\/haku\/?query=Sanna%20Marinin\" rel=\"nofollow noopener\" target=\"_blank\">Sanna Marinin<\/a> (sd) kirjassa esitettyj\u00e4 v\u00e4itteit\u00e4 vastaan, siis siit\u00e4, kuka Suomen Natoon vei ja kuka vikisi.<\/p>\n<p class=\"article-body mb-nof-24 px-nof-16\">Lue lis\u00e4\u00e4: <a class=\"article-genericlink\" href=\"https:\/\/www.is.fi\/politiikka\/art-2000011601321.html\" rel=\"nofollow noopener\" target=\"_blank\">Marin pettyi Niinist\u00f6\u00f6n \u2013 Niinist\u00f6lt\u00e4 sapekas ulostulo<\/a><\/p>\n<p class=\"article-body mb-nof-24 px-nof-16\">Maanantaina Niinist\u00f6 hypp\u00e4si entiselle tasavallan presidentille hiukan outoon ajankohtaiseen ulkopoliittiseen rooliin ja peliin, mik\u00e4 ep\u00e4ilem\u00e4tt\u00e4 nostatti kulmakarvoja istuvan presidentin <a class=\"article-personlink\" href=\"https:\/\/www.is.fi\/haku\/?query=Alexander%20Stubbin\" rel=\"nofollow noopener\" target=\"_blank\">Alexander Stubbin<\/a> joukkueessa.<\/p>\n<blockquote class=\"citation\">\n<p>\u201d<\/p>\n<p>Niinist\u00f6n ulostulo taisi tulla yll\u00e4tyksen\u00e4 istuvalle presidentille Alexander Stubbille, sill\u00e4 Niinist\u00f6 on Stubbin kaudella selke\u00e4sti varonut ajankohtaisten ulkopoliittisten asioiden kommentoimista.<\/p>\n<\/blockquote>\n<p class=\"article-body mb-nof-24 px-nof-16\">Kyse on yhteyksien luomisesta presidentti <a class=\"article-personlink\" href=\"https:\/\/www.is.fi\/haku\/?query=Vladimir%20Putiniin\" rel=\"nofollow noopener\" target=\"_blank\">Vladimir Putiniin<\/a>.<\/p>\n<p class=\"article-body mb-nof-24 px-nof-16\">Niinist\u00f6 sanoi Ylen haastattelussa, ett\u00e4 Euroopan pit\u00e4isi keskustella suoraan Putinin kanssa Ukrainan sodan lopettamiseksi, eik\u00e4 katsoa vierest\u00e4, kun Yhdysvaltain presidentti <a class=\"article-personlink\" href=\"https:\/\/www.is.fi\/haku\/?query=Donald%20Trump\" rel=\"nofollow noopener\" target=\"_blank\">Donald Trump<\/a> tekee sit\u00e4 eurooppalaisten p\u00e4\u00e4n ylitse.<\/p>\n<p class=\"article-body mb-nof-24 px-nof-16\">Lue lis\u00e4\u00e4: <a class=\"article-genericlink\" href=\"https:\/\/www.is.fi\/ulkomaat\/art-2000011617735.html\" rel=\"nofollow noopener\" target=\"_blank\">Sauli Niinist\u00f6lt\u00e4 kova avaus Putinista Ylell\u00e4<\/a><\/p>\n<p class=\"article-body mb-nof-24 px-nof-16\">Niinist\u00f6 muistutti, ett\u00e4 Ranskan presidentti<a class=\"article-personlink\" href=\"https:\/\/www.is.fi\/haku\/?query=%20Emmanuel%20Macron\" rel=\"nofollow noopener\" target=\"_blank\"> Emmanuel Macron<\/a> lienee viimeinen, joka on soittanut Putinille, ja sit\u00e4 ennen Saksan entinen liittokansleri <a class=\"article-personlink\" href=\"https:\/\/www.is.fi\/haku\/?query=Olaf%20Scholtz\" rel=\"nofollow noopener\" target=\"_blank\">Olaf Scholtz<\/a> vajaa vuosi sitten.<\/p>\n<p class=\"article-body mb-nof-24 px-nof-16\">\u2013 Ja sai suuret haukut. Min\u00e4 h\u00e4nt\u00e4 puolustin ja n\u00e4en edelleenkin tietynlaisen hassunkurisen tilanteen siin\u00e4, ett\u00e4 eurooppalaiset ilmoittavat etteiv\u00e4t keskustele sotarikollinen Putinin kanssa, Niinist\u00f6 sanoi Ylelle.<\/p>\n<p class=\"article-body mb-nof-24 px-nof-16\">\u2013 Mutta Trump keskustelee ja sitten me menemme kuuntelemaan, ett\u00e4 mit\u00e4s puhuitte. Ja pel\u00e4t\u00e4\u00e4n samalla v\u00e4h\u00e4n, ett\u00e4 etteiv\u00e4t vaan puhu Euroopasta yli Euroopan, Niinist\u00f6 jatkoi.<\/p>\n<p class=\"article-body mb-nof-24 px-nof-16\">Niinist\u00f6n ulostulo taisi tulla yll\u00e4tyksen\u00e4 istuvalle presidentille Alexander Stubbille, sill\u00e4 Niinist\u00f6 on Stubbin kaudella selke\u00e4sti varonut ajankohtaisten ulkopoliittisten asioiden kommentoimista.<\/p>\n<p class=\"article-body mb-nof-24 px-nof-16\">Itse asian suhteen presidenteill\u00e4 ei ole n\u00e4kemyseroja, vaikka Stubbin kova Putin-vastainen retoriikka on saanut maailmalaajuista mainetta ja noteerattu moneen kertaan my\u00f6s Moskovassa.<\/p>\n<p class=\"article-body mb-nof-24 px-nof-16\">Perusajatus on presidenteill\u00e4 kuitenkin sama. Ennemmin tai my\u00f6hemmin Putinin kanssa on puhuttava.<\/p>\n<p class=\"article-body mb-nof-24 px-nof-16\">Mutta kuka puhuu?<\/p>\n<p class=\"article-body mb-nof-24 px-nof-16\">Ranska? Britannia? Saksa? Suomi? Stubb?<\/p>\n<p class=\"article-body mb-nof-24 px-nof-16\">Stubb on moneen kertaan joutunut vastamaan kysymykseen, vastaisiko h\u00e4n edes Putinin soittoon, jos sellainen tulisi.<\/p>\n<p class=\"article-body mb-nof-24 px-nof-16\">Viime kev\u00e4\u00e4st\u00e4 l\u00e4htien linja on ollut kuitenkin toinen.<\/p>\n<p class=\"article-body mb-nof-24 px-nof-16\">Niin sanottu halukkaiden koalitio, joka tapaisi my\u00f6s Trumpin Valkoisessa talossa elokuussa, linjasi tuolloin, ett\u00e4 ainakin yhden Euroopan valtion tulee keskustella Putinin kanssa.<\/p>\n<p class=\"article-body mb-nof-24 px-nof-16\">Stubb sanoi tuolloin, ett\u00e4 kyseeseen tulee joko Ranska tai Britannia.<\/p>\n<p class=\"article-body mb-nof-24 px-nof-16\">Lue lis\u00e4\u00e4: <a class=\"article-genericlink\" href=\"https:\/\/www.is.fi\/politiikka\/art-2000011143585.html\" rel=\"nofollow noopener\" target=\"_blank\">Stubb: Jossakin vaiheessa on aika puhua Putinin kanssa \u2013 nimesi kaksi maata<\/a><\/p>\n<p class=\"article-body mb-nof-24 px-nof-16\">Koko EU:n nimiss\u00e4 on vaikea esiinty\u00e4, koska aina l\u00f6ytyy Unkarin <a class=\"article-personlink\" href=\"https:\/\/www.is.fi\/haku\/?query=Viktor%20Orb%C3%A1nin\" rel=\"nofollow noopener\" target=\"_blank\">Viktor Orb\u00e1nin<\/a> kaltainen aisan yli potkija, joka ly\u00f6 lekkeriksi EU:n yhteisen Ven\u00e4j\u00e4-linjan.<\/p>\n<p class=\"article-body mb-nof-24 px-nof-16\">Suomella on maarajaa Ven\u00e4j\u00e4n kanssa reilut 1\u202f300 kilometri\u00e4, mutta poliittisiin puheluihin ei ole intoa eik\u00e4 asiaa, eik\u00e4 juuri sanottavakaan. Rajaviranomaiset pit\u00e4v\u00e4t virkayhteyksi\u00e4, vaikka raja on kiinni.<\/p>\n<p class=\"article-body mb-nof-24 px-nof-16\">Kun Trump pit\u00e4\u00e4 yhteytt\u00e4 Putiniin, h\u00e4nell\u00e4 on tarjolla sek\u00e4 keppi\u00e4 ett\u00e4 porkkanaa, mit\u00e4 Ukrainan tilanteeseen tulee. EU:lla ei tunnu olevan kumpaakaan, pienest\u00e4 Suomesta puhumattakaan.<\/p>\n<p class=\"article-body mb-nof-24 px-nof-16\">Stubb hoitaa viestej\u00e4 Moskovaan v\u00e4lik\u00e4sien kautta.<\/p>\n<p><img decoding=\"async\" src=\"https:\/\/www.europesays.com\/fi\/wp-content\/uploads\/2025\/11\/1762849928_832_468.jpg\" alt=\"Alexander Stubb tapasi Kazakstanin presidentti Kasym-Zhomart Tokajevin toissa viikolla. Samalla l\u00e4hti terveiset Moskovaan, jossa Tokajev tapaa keskiviikkona presidentti Vladimir Purinin.\" class=\"_Img_1rerz_1\" style=\"aspect-ratio:1.5\" loading=\"eager\"\/><\/p>\n<p class=\"article-picture-caption\">Alexander Stubb tapasi Kazakstanin presidentti Kasym-Zhomart Tokajevin toissa viikolla. Samalla l\u00e4hti terveiset Moskovaan, jossa Tokajev tapaa keskiviikkona presidentti Vladimir Purinin. Kuva:\u00a0Paula Kaskimaa \/ IS<\/p>\n<p class=\"article-body mb-nof-24 px-nof-16\">Toissa viikolla Stubb vieraili Kazakstanissa ja Uzbekistanissa.<\/p>\n<p class=\"article-body mb-nof-24 px-nof-16\">Kazakstanin presidentti <a class=\"article-personlink\" href=\"https:\/\/www.is.fi\/haku\/?query=Kasym-Zhomart%20Tokajev\" rel=\"nofollow noopener\" target=\"_blank\">Kasym-Zhomart Tokajev<\/a> tapaa Putinin Moskovassa keskiviikkona. Samalla h\u00e4n ep\u00e4ilem\u00e4tt\u00e4 v\u00e4litt\u00e4\u00e4 Stubbin ja EU:n n\u00e4kemykset Putinille.<\/p>\n<p class=\"article-body mb-nof-24 px-nof-16\">N\u00e4inkin diplomatia toimii.<\/p>\n<p class=\"article-body mb-nof-24 px-nof-16\">Ven\u00e4j\u00e4 on jatkanut rikollista hy\u00f6kk\u00e4yssotaansa Ukrainassa kohta nelj\u00e4 vuotta.<\/p>\n<p class=\"article-body mb-nof-24 px-nof-16\">Koko ajan Ven\u00e4j\u00e4 on pommittanut siviilikohteita. Mutta vaikka sodan rikollinen luonne ei ole muuttunut, keskustelu Putin-yhteyksist\u00e4 on alkanut. On vain ajan kysymys, kuka Euroopasta on ensimm\u00e4isen\u00e4 Putinin kanssa yhteyksiss\u00e4.<\/p>\n<p class=\"article-body mb-nof-24 px-nof-16\">Syyt\u00e4kin olisi, Niinist\u00f6 ei ole v\u00e4\u00e4r\u00e4ss\u00e4.<\/p>\n<p class=\"article-body mb-nof-24 px-nof-16\">EU-komission puheenjohtaja <a class=\"article-personlink\" href=\"https:\/\/www.is.fi\/haku\/?query=Ursula%20von%20Der%20Leyen\" rel=\"nofollow noopener\" target=\"_blank\">Ursula von Der Leyen<\/a> tai korkea edustaja <a class=\"article-personlink\" href=\"https:\/\/www.is.fi\/haku\/?query=Kaja%20Kallas\" rel=\"nofollow noopener\" target=\"_blank\">Kaja Kallas <\/a>ovat Moskovan silmiss\u00e4 kevyit\u00e4 tapauksia, eli katseet k\u00e4\u00e4ntyv\u00e4t Emmanuel Macroniin, Britannian <a class=\"article-personlink\" href=\"https:\/\/www.is.fi\/haku\/?query=Keir%20Starmeriin\" rel=\"nofollow noopener\" target=\"_blank\">Keir Starmeriin<\/a> tai Saksan <a class=\"article-personlink\" href=\"https:\/\/www.is.fi\/haku\/?query=Friedrich%20Merziin\" rel=\"nofollow noopener\" target=\"_blank\">Friedrich Merziin<\/a>.<\/p>\n<p class=\"article-body mb-nof-24 px-nof-16\">Voisiko v\u00e4litysteht\u00e4v\u00e4 tulla kaikesta huolimatta Suomen ex-presidentille Sauli Niinist\u00f6lle, joka presidenttiaikoinaan opittiin Washingtonia my\u00f6ten tuntemaan niin sanottuna Putin-kuiskaajana?<\/p>\n<p class=\"article-body mb-nof-24 px-nof-16\">Joka tapauksessa se on mielenkiintoista, ett\u00e4 Niinist\u00f6 pomppasi akuuttiin ulkopolitiikkaan ja Stubbin tontille n\u00e4in n\u00e4kyv\u00e4sti. Tasavallan ex-presidentin ovat yleens\u00e4 t\u00e4ss\u00e4 suhteessa olleet varovaisempia.<\/p>\n<p class=\"article-body mb-nof-24 px-nof-16\">Mit\u00e4 n\u00e4hd\u00e4\u00e4n jatkossa?<\/p>\n","protected":false},"excerpt":{"rendered":"Presidentti Sauli Niinist\u00f6 yll\u00e4tti taatusti istuvan tasavallan presidentin Alexander Stubbin esitt\u00e4m\u00e4ll\u00e4 yhteyksien luomista Vladimir Putiniin, vaikka linja onkin&hellip;\n","protected":false},"author":2,"featured_media":87040,"comment_status":"","ping_status":"","sticky":false,"template":"","format":"standard","meta":{"footnotes":""},"categories":[12],"tags":[22,23,26,27,33,31,30,17,34,24,25,28,29,15,18,21,32,19,20,16],"class_list":{"0":"post-87039","1":"post","2":"type-post","3":"status-publish","4":"format-standard","5":"has-post-thumbnail","7":"category-suomi","8":"tag-breaking-news","9":"tag-breakingnews","10":"tag-featured-news","11":"tag-featurednews","12":"tag-fi","13":"tag-finland","14":"tag-finnish","15":"tag-headlines","16":"tag-ilta-sanomat","17":"tag-latest-news","18":"tag-latestnews","19":"tag-main-news","20":"tag-mainnews","21":"tag-news","22":"tag-otsikot","23":"tag-paauutiset","24":"tag-suomi","25":"tag-top-stories","26":"tag-topstories","27":"tag-uutiset"},"share_on_mastodon":{"url":"https:\/\/pubeurope.com\/@fi\/115530140677882517","error":""},"_links":{"self":[{"href":"https:\/\/www.europesays.com\/fi\/wp-json\/wp\/v2\/posts\/87039","targetHints":{"allow":["GET"]}}],"collection":[{"href":"https:\/\/www.europesays.com\/fi\/wp-json\/wp\/v2\/posts"}],"about":[{"href":"https:\/\/www.europesays.com\/fi\/wp-json\/wp\/v2\/types\/post"}],"author":[{"embeddable":true,"href":"https:\/\/www.europesays.com\/fi\/wp-json\/wp\/v2\/users\/2"}],"replies":[{"embeddable":true,"href":"https:\/\/www.europesays.com\/fi\/wp-json\/wp\/v2\/comments?post=87039"}],"version-history":[{"count":0,"href":"https:\/\/www.europesays.com\/fi\/wp-json\/wp\/v2\/posts\/87039\/revisions"}],"wp:featuredmedia":[{"embeddable":true,"href":"https:\/\/www.europesays.com\/fi\/wp-json\/wp\/v2\/media\/87040"}],"wp:attachment":[{"href":"https:\/\/www.europesays.com\/fi\/wp-json\/wp\/v2\/media?parent=87039"}],"wp:term":[{"taxonomy":"category","embeddable":true,"href":"https:\/\/www.europesays.com\/fi\/wp-json\/wp\/v2\/categories?post=87039"},{"taxonomy":"post_tag","embeddable":true,"href":"https:\/\/www.europesays.com\/fi\/wp-json\/wp\/v2\/tags?post=87039"}],"curies":[{"name":"wp","href":"https:\/\/api.w.org\/{rel}","templated":true}]}}