{"id":87043,"date":"2025-11-11T08:34:11","date_gmt":"2025-11-11T08:34:11","guid":{"rendered":"https:\/\/www.europesays.com\/fi\/87043\/"},"modified":"2025-11-11T08:34:11","modified_gmt":"2025-11-11T08:34:11","slug":"helsingin-kaupunki-kaataa-keskuspuiston-puita-turvallisuussyista-uusimaa","status":"publish","type":"post","link":"https:\/\/www.europesays.com\/fi\/87043\/","title":{"rendered":"Helsingin kaupunki kaataa Keskuspuiston puita turvallisuussyist\u00e4 | Uusimaa"},"content":{"rendered":"<p class=\"aw-1gybjub aw-5vja16 kEtdKx kmuxyA yle__article__paragraph\">Kaupunki perustelee puiden kaatamista sill\u00e4, ett\u00e4 huonokuntoiset puut aiheuttavat vaaraa ihmisille.<\/p>\n<p><img decoding=\"async\" alt=\"Kuusenhavuja, taustalla mets\u00e4\u00e4. \" src=\"https:\/\/www.europesays.com\/fi\/wp-content\/uploads\/2025\/11\/39-14940156876558aaeeba.jpeg\" class=\"aw-1l9m598 hKVVvP\"\/><\/p>\n<p>Avaa kuvien katselu<\/p>\n<p>Kuvituskuva. Kuva on otettu 15. hein\u00e4kuuta 2025 Keskuspuistossa l\u00e4hell\u00e4 Maunulan majaa. Kuva: Matti Myller \/ Yle<\/p>\n<p class=\"aw-1gybjub aw-1p7kakr kEtdKx cEmitX yle__article__paragraph\">Helsingin kaupunki kertoo alkavansa kaataa huonokuntoisia puita Keskuspuiston keskiosassa Hakam\u00e4entien ja Muurimestarintien eli Keh\u00e4 ykk\u00f6sen v\u00e4lisell\u00e4 alueella.<\/p>\n<p class=\"aw-1gybjub aw-1p7kakr kEtdKx cEmitX yle__article__paragraph\">Puita kaadetaan erityisesti ulkoilureittien varsilla ja tonttien reunoilla, miss\u00e4 huonokuntoiset puut voivat kaatuessaan aiheuttaa vaaraa ihmisille. Risteyksiss\u00e4 harvennetaan pienpuustoa n\u00e4kyvyyden parantamiseksi.<\/p>\n<p class=\"aw-1gybjub aw-1p7kakr kEtdKx cEmitX yle__article__paragraph\">Valtaosa kaadetuista rungoista j\u00e4tet\u00e4\u00e4n mets\u00e4\u00e4n lahoamaan, mik\u00e4 edist\u00e4\u00e4 luonnon monimuotoisuutta.<\/p>\n<p class=\"aw-1gybjub aw-1p7kakr kEtdKx cEmitX yle__article__paragraph\">Lintujen pesim\u00e4aikana huhti-hein\u00e4kuussa puita ei kaadeta linnustollisesti arvokkailla alueilla.<\/p>\n<p class=\"aw-1gybjub aw-1p7kakr kEtdKx cEmitX yle__article__paragraph\">\u2013 Muutoin puut tarkistetaan kiikaroimalla. Jos pes\u00e4 havaitaan, puu kaadetaan vasta pesim\u00e4ajan j\u00e4lkeen, kaupunki kertoo tiedotteessaan.<\/p>\n<p class=\"aw-1gybjub aw-1p7kakr kEtdKx cEmitX yle__article__paragraph\">Puiden kaato ei vaikuta latuverkon k\u00e4ytt\u00f6\u00f6n talvella.<\/p>\n","protected":false},"excerpt":{"rendered":"Kaupunki perustelee puiden kaatamista sill\u00e4, ett\u00e4 huonokuntoiset puut aiheuttavat vaaraa ihmisille. Avaa kuvien katselu Kuvituskuva. Kuva on otettu&hellip;\n","protected":false},"author":2,"featured_media":87044,"comment_status":"","ping_status":"","sticky":false,"template":"","format":"standard","meta":{"footnotes":""},"categories":[117],"tags":[33,31,30,17696,104,72,476,118,32,119,957,17697,1168,477],"class_list":{"0":"post-87043","1":"post","2":"type-post","3":"status-publish","4":"format-standard","5":"has-post-thumbnail","7":"category-luonto","8":"tag-fi","9":"tag-finland","10":"tag-finnish","11":"tag-helsingin-keskuspuisto","12":"tag-helsinki","13":"tag-luonto","14":"tag-nature","15":"tag-science","16":"tag-suomi","17":"tag-tiede","18":"tag-ulkoilu","19":"tag-ulkoilualueet","20":"tag-uusimaa","21":"tag-wildlife"},"share_on_mastodon":{"url":"https:\/\/pubeurope.com\/@fi\/115530148395407359","error":""},"_links":{"self":[{"href":"https:\/\/www.europesays.com\/fi\/wp-json\/wp\/v2\/posts\/87043","targetHints":{"allow":["GET"]}}],"collection":[{"href":"https:\/\/www.europesays.com\/fi\/wp-json\/wp\/v2\/posts"}],"about":[{"href":"https:\/\/www.europesays.com\/fi\/wp-json\/wp\/v2\/types\/post"}],"author":[{"embeddable":true,"href":"https:\/\/www.europesays.com\/fi\/wp-json\/wp\/v2\/users\/2"}],"replies":[{"embeddable":true,"href":"https:\/\/www.europesays.com\/fi\/wp-json\/wp\/v2\/comments?post=87043"}],"version-history":[{"count":0,"href":"https:\/\/www.europesays.com\/fi\/wp-json\/wp\/v2\/posts\/87043\/revisions"}],"wp:featuredmedia":[{"embeddable":true,"href":"https:\/\/www.europesays.com\/fi\/wp-json\/wp\/v2\/media\/87044"}],"wp:attachment":[{"href":"https:\/\/www.europesays.com\/fi\/wp-json\/wp\/v2\/media?parent=87043"}],"wp:term":[{"taxonomy":"category","embeddable":true,"href":"https:\/\/www.europesays.com\/fi\/wp-json\/wp\/v2\/categories?post=87043"},{"taxonomy":"post_tag","embeddable":true,"href":"https:\/\/www.europesays.com\/fi\/wp-json\/wp\/v2\/tags?post=87043"}],"curies":[{"name":"wp","href":"https:\/\/api.w.org\/{rel}","templated":true}]}}