{"id":87045,"date":"2025-11-11T08:45:08","date_gmt":"2025-11-11T08:45:08","guid":{"rendered":"https:\/\/www.europesays.com\/fi\/87045\/"},"modified":"2025-11-11T08:45:08","modified_gmt":"2025-11-11T08:45:08","slug":"janne-lehtonen-ero-peruttu-ilta-sanomat","status":"publish","type":"post","link":"https:\/\/www.europesays.com\/fi\/87045\/","title":{"rendered":"Janne Lehtonen: Ero peruttu! &#8211; Ilta-Sanomat"},"content":{"rendered":"<p>Erikoisjoukot-ohjelmasta tutun Janne Lehtosen avioero on peruttu.<\/p>\n<p class=\"article-body mb-nof-24 px-nof-16\">Erikoisjoukot-ohjelmasta tuttu <a class=\"article-personlink\" href=\"https:\/\/www.is.fi\/haku\/?query=Janne%20Lehtonen\" rel=\"nofollow noopener\" target=\"_blank\">Janne Lehtonen<\/a> ja h\u00e4nen puolisonsa <a class=\"article-personlink\" href=\"https:\/\/www.is.fi\/haku\/?query=Mia-Riitta%20Lehtonen\" rel=\"nofollow noopener\" target=\"_blank\">Mia-Riitta Lehtonen<\/a> eiv\u00e4t toimittaneet toisen vaiheen avioerohakemusta k\u00e4r\u00e4j\u00e4oikeuteen viimeiseen m\u00e4\u00e4r\u00e4p\u00e4iv\u00e4\u00e4n 10.11. menness\u00e4. Vireill\u00e4 oleva ero siis raukeaa, ja pari on yh\u00e4 naimisissa.<\/p>\n<p class=\"article-body mb-nof-24 px-nof-16\">IS:n tavoittama Janne Lehtonen vahvistaa, ett\u00e4 pari ei ole j\u00e4tt\u00e4nyt k\u00e4r\u00e4j\u00e4oikeuteen toisen vaiheen avioerohakemusta. Ero on peruttu.<\/p>\n<p class=\"article-body mb-nof-24 px-nof-16\">\u2013 Menee tosi hyvin, Lehtonen toteaa parin suhteen tilanteesta.<\/p>\n<p class=\"article-body mb-nof-24 px-nof-16\">Lehtonen kertoi jo kes\u00e4kuussa <a class=\"article-genericlink\" href=\"https:\/\/www.is.fi\/viihde\/art-2000011275004.html\" rel=\"nofollow noopener\" target=\"_blank\">IS:lle<\/a>, ett\u00e4 pari oli sel\u00e4tt\u00e4nyt kriisins\u00e4 ja aikoi jatkaa yhdess\u00e4.<\/p>\n<p class=\"article-body mb-nof-24 px-nof-16\">\u2013 Emme ole l\u00e4hett\u00e4neet toisen vaiheen jatkoa sinne, eli se purkautuu sielt\u00e4. Eli se ei ole vireill\u00e4 meid\u00e4n puolestamme, Lehtonen totesi avioerohakemuksesta.<\/p>\n<p class=\"article-body mb-nof-24 px-nof-16\">Lehtosen vanhat traumat nousivat pintaan, kun h\u00e4n k\u00e4sitteli kokemuksiaan erikoisjoukkojen sotilaana ty\u00f6st\u00e4ess\u00e4\u00e4n el\u00e4m\u00e4kertaansa. Erikoisjoukoissa \u2013 Janne Lehtosen tarina-kirja (WSOY) julkaistiin toukokuun lopussa.<\/p>\n<p class=\"article-body mb-nof-24 px-nof-16\">Samaan aikaan, kun Lehtonen k\u00e4sitteli vaikeita kokemuksiaan, iski useamman kuukauden paha unettomuusjakso ja traumaper\u00e4inen stressih\u00e4iri\u00f6 vaivasi.<\/p>\n<p class=\"article-body mb-nof-24 px-nof-16\">T\u00e4m\u00e4 nakersi avioliittoa.<\/p>\n<p class=\"article-body mb-nof-24 px-nof-16\">\u2013 Olin tosi kire\u00e4 ja \u00e4rtynyt. Onnistuin kadottamaan positiivisuuden v\u00e4lill\u00e4mme. Se on ollut parantava tekij\u00e4 meill\u00e4 ja se on pit\u00e4nyt meid\u00e4t aina yhdess\u00e4, Lehtonen kertoi IS:lle.<\/p>\n<p class=\"article-body mb-nof-24 px-nof-16\">Lopulta Mia-Riitta Lehtonen sai tarpeekseen ja p\u00e4\u00e4tti, ett\u00e4 t\u00e4m\u00e4 oli t\u00e4ss\u00e4. Syyskuun lopussa 2024 Janne Lehtonen muutti pois avioparin yhteisest\u00e4 kodista. My\u00f6hemmin marraskuussa Mia-Riitta j\u00e4tti avioerohakemuksen It\u00e4-Uudenmaan k\u00e4r\u00e4j\u00e4oikeuteen.<\/p>\n<p class=\"article-body mb-nof-24 px-nof-16\">Lehtosen ja vaimon asumusero kesti lopulta kolmisen kuukautta. Tammikuun 2025 alussa Lehtonen muutti takaisin yhteiseen kotiin.<\/p>\n<p class=\"article-body mb-nof-24 px-nof-16\">Pari kuvaili Lehtosen kirjassa, ett\u00e4 rakkaus heid\u00e4n v\u00e4lill\u00e4\u00e4n ei sammunut miss\u00e4\u00e4n vaiheessa. He p\u00e4\u00e4ttiv\u00e4t taistella suhteensa puolesta.<\/p>\n<p class=\"article-body mb-nof-24 px-nof-16\">Lue lis\u00e4\u00e4: <a class=\"article-genericlink\" href=\"https:\/\/www.is.fi\/viihde\/art-2000011275004.html\" rel=\"nofollow noopener\" target=\"_blank\">Janne Lehtonen ajautui \u201dtoisen naisen\u201d luo aviokriisin aikaan \u2013 t\u00e4st\u00e4 syyst\u00e4 vaikeni naisesta kirjassaan<\/a><\/p>\n<p class=\"article-body mb-nof-24 px-nof-16\">Parin kriisin aikana sosiaalisessa mediassa huomattiin, ett\u00e4 Lehtonen viihtyi nuoremman naisen kanssa ja kommentoi esimerkiksi syd\u00e4mi\u00e4 t\u00e4m\u00e4n Instagram-kuviin.<\/p>\n<p class=\"article-body mb-nof-24 px-nof-16\">Maaliskuussa Lehtonen valotti suhdettaan kyseiseen naiseen <a class=\"article-genericlink\" href=\"https:\/\/www.is.fi\/viihde\/art-2000011127561.html\" rel=\"nofollow noopener\" target=\"_blank\">IS:n<\/a> haastattelussa. H\u00e4n selvensi, ett\u00e4 kaksikon v\u00e4lit l\u00e4mpeniv\u00e4t, kun h\u00e4n oli asumuserossa vaimonsa kanssa. Parisuhdetta ei h\u00e4nen mukaansa kerennyt muodostumaan.<\/p>\n","protected":false},"excerpt":{"rendered":"Erikoisjoukot-ohjelmasta tutun Janne Lehtosen avioero on peruttu. Erikoisjoukot-ohjelmasta tuttu Janne Lehtonen ja h\u00e4nen puolisonsa Mia-Riitta Lehtonen eiv\u00e4t toimittaneet&hellip;\n","protected":false},"author":2,"featured_media":87046,"comment_status":"","ping_status":"","sticky":false,"template":"","format":"standard","meta":{"footnotes":""},"categories":[136],"tags":[407,137,33,31,30,34,408,32,109],"class_list":{"0":"post-87045","1":"post","2":"type-post","3":"status-publish","4":"format-standard","5":"has-post-thumbnail","7":"category-julkkikset","8":"tag-celebrities","9":"tag-entertainment","10":"tag-fi","11":"tag-finland","12":"tag-finnish","13":"tag-ilta-sanomat","14":"tag-julkkikset","15":"tag-suomi","16":"tag-viihde"},"share_on_mastodon":{"url":"https:\/\/pubeurope.com\/@fi\/115530191534572951","error":""},"_links":{"self":[{"href":"https:\/\/www.europesays.com\/fi\/wp-json\/wp\/v2\/posts\/87045","targetHints":{"allow":["GET"]}}],"collection":[{"href":"https:\/\/www.europesays.com\/fi\/wp-json\/wp\/v2\/posts"}],"about":[{"href":"https:\/\/www.europesays.com\/fi\/wp-json\/wp\/v2\/types\/post"}],"author":[{"embeddable":true,"href":"https:\/\/www.europesays.com\/fi\/wp-json\/wp\/v2\/users\/2"}],"replies":[{"embeddable":true,"href":"https:\/\/www.europesays.com\/fi\/wp-json\/wp\/v2\/comments?post=87045"}],"version-history":[{"count":0,"href":"https:\/\/www.europesays.com\/fi\/wp-json\/wp\/v2\/posts\/87045\/revisions"}],"wp:featuredmedia":[{"embeddable":true,"href":"https:\/\/www.europesays.com\/fi\/wp-json\/wp\/v2\/media\/87046"}],"wp:attachment":[{"href":"https:\/\/www.europesays.com\/fi\/wp-json\/wp\/v2\/media?parent=87045"}],"wp:term":[{"taxonomy":"category","embeddable":true,"href":"https:\/\/www.europesays.com\/fi\/wp-json\/wp\/v2\/categories?post=87045"},{"taxonomy":"post_tag","embeddable":true,"href":"https:\/\/www.europesays.com\/fi\/wp-json\/wp\/v2\/tags?post=87045"}],"curies":[{"name":"wp","href":"https:\/\/api.w.org\/{rel}","templated":true}]}}