{"id":87047,"date":"2025-11-11T08:48:09","date_gmt":"2025-11-11T08:48:09","guid":{"rendered":"https:\/\/www.europesays.com\/fi\/87047\/"},"modified":"2025-11-11T08:48:09","modified_gmt":"2025-11-11T08:48:09","slug":"nelosen-suosikkiohjelma-jaa-tauolle-kesken-kaiken-tuotanto-perustelee","status":"publish","type":"post","link":"https:\/\/www.europesays.com\/fi\/87047\/","title":{"rendered":"Nelosen suosikkiohjelma j\u00e4\u00e4 tauolle kesken kaiken \u2013 Tuotanto perustelee"},"content":{"rendered":"<p>Amazing Race Suomi -ohjelman uudet jaksot alkavat t\u00e4ll\u00e4 viikolla.<\/p>\n<p><img decoding=\"async\" class=\"image image-show image-preview\" src=\"https:\/\/www.europesays.com\/fi\/wp-content\/uploads\/2025\/11\/ad7574b09fdad35fbe8b9332af2f808b23737f4391a0edd7b65c4fbb55266537.jpg\" alt=\"\"\/><img decoding=\"async\" class=\"image image-show\" src=\"https:\/\/www.europesays.com\/fi\/wp-content\/uploads\/2025\/11\/1762850889_71_ad7574b09fdad35fbe8b9332af2f808b23737f4391a0edd7b65c4fbb55266537.jpg\" alt=\"\"\/><\/p>\n<p>Amazing Race Suomi -ohjelman uusi kausi alkaa t\u00e4ll\u00e4 viikolla. Henri K\u00e4rkk\u00e4inen<\/p>\n<p class=\"paragraph\">Nelosen Amazing Race Suomi -ohjelman uusi kausi alkaa lauantaina 15. marraskuuta.<\/p>\n<p class=\"paragraph\">T\u00e4ll\u00e4 kertaa ohjelmassa n\u00e4hd\u00e4\u00e4n kuitenkin kahden viikon tauko. Asiasta ensimm\u00e4isen\u00e4 kertoneen <a href=\"https:\/\/www.is.fi\/tv-ja-elokuvat\/art-2000011604204.html\" rel=\"noopener nofollow\" target=\"_blank\">Ilta-Sanomien<\/a> mukaan sarjan finaalijakso n\u00e4hd\u00e4\u00e4n Nelosella 14. helmikuuta, mutta keskell\u00e4 kautta pidet\u00e4\u00e4n kahden viikon mittainen tauko.<\/p>\n<p class=\"paragraph\">Nelosen kotimaisen sis\u00e4ll\u00f6n p\u00e4\u00e4llikk\u00f6 <a href=\"https:\/\/www.iltalehti.fi\/henkilot\/Mirko Baas\" class=\"article-link-person-page\" rel=\"nofollow noopener\" target=\"_blank\">Mirko Baas<\/a> vahvistaa tauon Iltalehdelle.<\/p>\n<p class=\"paragraph\">\u2013 Amazing Race Suomi alkaa viime vuotta my\u00f6hemmin, mink\u00e4 vuoksi joulun ja uudenvuoden aikaan pidet\u00e4\u00e4n kahden viikon tauko. Sen j\u00e4lkeen ohjelma jatkuu normaalissa rytmiss\u00e4, ja finaali n\u00e4hd\u00e4\u00e4n helmikuussa, Baas viestitt\u00e4\u00e4 Iltalehdelle.<\/p>\n<p class=\"paragraph\">Baas kommentoi my\u00f6s p\u00e4\u00e4t\u00f6ksen taustoja.<\/p>\n<p class=\"paragraph\">\u2013 Meill\u00e4 oli t\u00e4n\u00e4 syksyn\u00e4 EM-koripallo kanavillamme, mik\u00e4 vaikutti t\u00e4m\u00e4n vuoden ohjelmistokokonaisuuteen ja niiden esitysajankohtiin. T\u00e4m\u00e4 ei ole poikkeuksellista ja vaihtelee vuosittain sen mukaan, mille p\u00e4iville pyh\u00e4t osuvat ja mit\u00e4 urheilutapahtumia on, Baas kommentoi.<\/p>\n<p class=\"paragraph\">Ohjelman kilpailijoina uudella kaudella n\u00e4hd\u00e4\u00e4n podcast-juontaja <a href=\"https:\/\/www.iltalehti.fi\/henkilot\/Tomas Grekov\" class=\"article-link-person-page\" rel=\"nofollow noopener\" target=\"_blank\">Tomas Grekov<\/a> ja appiukkonsa <strong>Esko Rotola-Pukkila<\/strong>, n\u00e4yttelij\u00e4 <a href=\"https:\/\/www.iltalehti.fi\/henkilot\/Armi Toivanen\" class=\"article-link-person-page\" rel=\"nofollow noopener\" target=\"_blank\">Armi Toivanen<\/a> ja yst\u00e4v\u00e4ns\u00e4 <strong>Sari Majamaa<\/strong>, laulaja <a href=\"https:\/\/www.iltalehti.fi\/henkilot\/Arttu Lindeman\" class=\"article-link-person-page\" rel=\"nofollow noopener\" target=\"_blank\">Arttu Lindeman<\/a> ja tubettaja <a href=\"https:\/\/www.iltalehti.fi\/henkilot\/Jaakko Parkkali\" class=\"article-link-person-page\" rel=\"nofollow noopener\" target=\"_blank\">Jaakko Parkkali<\/a>, sosiaalisen median vaikuttaja <a href=\"https:\/\/www.iltalehti.fi\/henkilot\/Sara Sieppi\" class=\"article-link-person-page\" rel=\"nofollow noopener\" target=\"_blank\">Sara Sieppi<\/a> ja pikkuveljens\u00e4 <strong>Artturi Sieppi<\/strong>, r\u00e4pp\u00e4ri <a href=\"https:\/\/www.iltalehti.fi\/henkilot\/Paleface\" class=\"article-link-person-page\" rel=\"nofollow noopener\" target=\"_blank\">Karri &#8221;Paleface&#8221; Miettinen<\/a> sek\u00e4 yst\u00e4v\u00e4ns\u00e4, r\u00e4pp\u00e4ri <a href=\"https:\/\/www.iltalehti.fi\/henkilot\/Leijonamieli\" class=\"article-link-person-page\" rel=\"nofollow noopener\" target=\"_blank\">Tuukka &#8221;Leijonamieli&#8221; Rihkola<\/a>, kirjailija <a href=\"https:\/\/www.iltalehti.fi\/henkilot\/Paula Noronen\" class=\"article-link-person-page\" rel=\"nofollow noopener\" target=\"_blank\">Paula Noronen<\/a> ja yst\u00e4v\u00e4ns\u00e4, radiotoimittaja <strong>Kati Launiainen<\/strong>, toimittaja <a href=\"https:\/\/www.iltalehti.fi\/henkilot\/Tuomas Peltom\u00e4ki\" class=\"article-link-person-page\" rel=\"nofollow noopener\" target=\"_blank\">Tuomas Peltom\u00e4ki<\/a> ja kaksoissiskonsa <strong>Sini Peltom\u00e4ki<\/strong>, laulaja <a href=\"https:\/\/www.iltalehti.fi\/henkilot\/Nina Tapio\" class=\"article-link-person-page\" rel=\"nofollow noopener\" target=\"_blank\">Nina Tapio<\/a> ja tytt\u00e4rens\u00e4 <strong>Elsa Forsberg<\/strong>, n\u00e4yttelij\u00e4 <strong>Mari Hynynen<\/strong> ja poikansa <strong>Joel Volanen<\/strong>, Loopin aamuista tutut radiojuontajat <strong>Mia &#8221;Millu&#8221; Haataja<\/strong> ja <a href=\"https:\/\/www.iltalehti.fi\/henkilot\/Karoliina Tuominen\" class=\"article-link-person-page\" rel=\"nofollow noopener\" target=\"_blank\">Karoliina Tuominen<\/a> sek\u00e4 europarlamentaarikko <a href=\"https:\/\/www.iltalehti.fi\/henkilot\/Maria Guzenina\" class=\"article-link-person-page\" rel=\"nofollow noopener\" target=\"_blank\">Maria Guzenina<\/a> sek\u00e4 yst\u00e4v\u00e4ns\u00e4 <strong>Vilma V\u00e4h\u00e4maa<\/strong>.<\/p>\n<p class=\"paragraph\">Ohjelman juontajana jatkaa <a href=\"https:\/\/www.iltalehti.fi\/henkilot\/Heikki Paasonen\" class=\"article-link-person-page\" rel=\"nofollow noopener\" target=\"_blank\">Heikki Paasonen<\/a>.<\/p>\n","protected":false},"excerpt":{"rendered":"Amazing Race Suomi -ohjelman uudet jaksot alkavat t\u00e4ll\u00e4 viikolla. Amazing Race Suomi -ohjelman uusi kausi alkaa t\u00e4ll\u00e4 viikolla.&hellip;\n","protected":false},"author":2,"featured_media":87048,"comment_status":"","ping_status":"","sticky":false,"template":"","format":"standard","meta":{"footnotes":""},"categories":[133],"tags":[35,137,33,31,30,979,2139,1999,32,206,140,139,156,109],"class_list":{"0":"post-87047","1":"post","2":"type-post","3":"status-publish","4":"format-standard","5":"has-post-thumbnail","7":"category-televisiot","8":"tag-24h","9":"tag-entertainment","10":"tag-fi","11":"tag-finland","12":"tag-finnish","13":"tag-sahkoinen-media","14":"tag-suomalaiset-televisiojuontajat","15":"tag-suomalaiset-tv-ohjelmat","16":"tag-suomi","17":"tag-televisiot","18":"tag-tv-ja-elokuvat","19":"tag-tv-ohjelmat","20":"tag-tv","21":"tag-viihde"},"share_on_mastodon":{"url":"https:\/\/pubeurope.com\/@fi\/115530203541272546","error":""},"_links":{"self":[{"href":"https:\/\/www.europesays.com\/fi\/wp-json\/wp\/v2\/posts\/87047","targetHints":{"allow":["GET"]}}],"collection":[{"href":"https:\/\/www.europesays.com\/fi\/wp-json\/wp\/v2\/posts"}],"about":[{"href":"https:\/\/www.europesays.com\/fi\/wp-json\/wp\/v2\/types\/post"}],"author":[{"embeddable":true,"href":"https:\/\/www.europesays.com\/fi\/wp-json\/wp\/v2\/users\/2"}],"replies":[{"embeddable":true,"href":"https:\/\/www.europesays.com\/fi\/wp-json\/wp\/v2\/comments?post=87047"}],"version-history":[{"count":0,"href":"https:\/\/www.europesays.com\/fi\/wp-json\/wp\/v2\/posts\/87047\/revisions"}],"wp:featuredmedia":[{"embeddable":true,"href":"https:\/\/www.europesays.com\/fi\/wp-json\/wp\/v2\/media\/87048"}],"wp:attachment":[{"href":"https:\/\/www.europesays.com\/fi\/wp-json\/wp\/v2\/media?parent=87047"}],"wp:term":[{"taxonomy":"category","embeddable":true,"href":"https:\/\/www.europesays.com\/fi\/wp-json\/wp\/v2\/categories?post=87047"},{"taxonomy":"post_tag","embeddable":true,"href":"https:\/\/www.europesays.com\/fi\/wp-json\/wp\/v2\/tags?post=87047"}],"curies":[{"name":"wp","href":"https:\/\/api.w.org\/{rel}","templated":true}]}}