{"id":87049,"date":"2025-11-11T08:49:07","date_gmt":"2025-11-11T08:49:07","guid":{"rendered":"https:\/\/www.europesays.com\/fi\/87049\/"},"modified":"2025-11-11T08:49:07","modified_gmt":"2025-11-11T08:49:07","slug":"rakastetun-suomalaisen-rockyhtyeen-suuri-suru-rumpali-kuoli-44-vuoden-taipaleen-jalkeen-nyt-saatiin-iloisia-uutisia","status":"publish","type":"post","link":"https:\/\/www.europesays.com\/fi\/87049\/","title":{"rendered":"Rakastetun suomalaisen rockyhtyeen suuri suru: rumpali kuoli 44 vuoden taipaleen j\u00e4lkeen \u2013 nyt saatiin iloisia uutisia"},"content":{"rendered":"<p><strong>Melrose<\/strong>-yhtyett\u00e4 kohtasi suuri suru viime vuonna, kun heid\u00e4n rumpalinsa menehtyi. B\u00e4ndin karismaattinen keulakuva <strong>Tokela <\/strong>kertoi t\u00e4n\u00e4\u00e4n yhtyeen Facebook-sivuilla seuraavaa:<\/p>\n<p>\u201dMelrose yhtyeen noin 44 vuotta kest\u00e4nyt matka p\u00e4\u00e4ttyi periaatteessa kuin sein\u00e4\u00e4n, vastaanotettuamme h\u00e4tk\u00e4hdytt\u00e4v\u00e4n uutisen rakkaan soittoveljemme<strong> Jami Haapasen<\/strong> menehtymisest\u00e4 kev\u00e4\u00e4ll\u00e4 2024\u2033, h\u00e4n kirjoitti ja jatkoi:<\/p>\n<p>\u201dSoitimme viimeisen keikkamme 27.4. Kuudes Linja klubilla ja alle viikon p\u00e4\u00e4st\u00e4 Jami oli jo kuollut. Ennen t\u00e4t\u00e4, puoli vuotta aikaisemmin olimme keikalla Espoon Louhisalissa jonka j\u00e4lkeen meni vajaa kaksi viikkoa ja yhtyeen pitk\u00e4 aikainen roudari\/kuski J<strong>ukka Siltanen <\/strong>menehtyi yll\u00e4tt\u00e4en. Jukka ja Jami oli luokkakavereita aikoinaan. Sattumaa? Arvatkaapa mik\u00e4 muu on selkeesti \u201dsattumaa\u201d? Yst\u00e4v\u00e4mme<strong> Ilari Niemel\u00e4 <\/strong>joka toimi b\u00e4ndin miksaajana keikoilla vuosituhannen taitteessa useastikin, halusi jostain kumman syyst\u00e4 tulla \u00e4\u00e4nitt\u00e4m\u00e4\u00e4n meid\u00e4n keikkoja l\u00e4pp\u00e4rill\u00e4\u00e4n ja kysyi onko ookoo tulla testaamaan. \u201dTottakai, tuu messiin.\u201d Ilari \u00e4\u00e4nitti b\u00e4ndin viimeisen puolen vuoden aikana kolme keikkaa joista yksi meni \u00e4\u00e4nitysteknisesti jotenkin m\u00f6nk\u00e4\u00e4n ja oli k\u00e4ytt\u00f6kelvoton, se oli Tavastian keikka. Ne kaksi muuta keikkaa olivat Espoon Louhisali ja Kuudes Linja, Jukan ja Jamin vikat keikat. Sattumaako? Oli tai ei, niin on p\u00e4iv\u00e4nselv\u00e4\u00e4 ettei Ilari voi en\u00e4\u00e4 koskaan \u00e4\u00e4nitt\u00e4\u00e4 mit\u00e4\u00e4n miss\u00e4 me ollaan Rogerin kanssa mukana, se olis v\u00e4h\u00e4n niinku heitt\u00e4is kruunaa ja klaavaa. T\u00e4h\u00e4n hymi\u00f6.\u201d<\/p>\n<p>Nyt Melroselta ilmestyy livelevy. Melrose Liven virallinen julkaisup\u00e4iv\u00e4 on 12.12., ja silloin ilmestyv\u00e4t sek\u00e4 cd- ett\u00e4 vinyyliversio albumista. Albumilla kuullaan liveversioita Melrosen klassikkokappaleista yhtyeen kahdelta viimeiselt\u00e4 keikalta. Suoratoistopalveluihin albumi tulee pari p\u00e4iv\u00e4\u00e4 tuota ennen.<\/p>\n<p>Katso kaunis p\u00e4ivitys alta.<\/p>\n<p>Lue my\u00f6s: <a href=\"https:\/\/www.como.fi\/tilaa-comon-uutiskirje\/\" title=\"Tilaa Comon uutiskirje ja tied\u00e4t mist\u00e4 kahvitauolla puhutaan! Nappaa kotimaan tv-vinkit ja puheenaiheet suoraan s\u00e4hk\u00f6postiin t\u00e4st\u00e4.\" class=\"underline-custom !font-montserrat !font-bold !underline-offset-4 !decoration-4 !decoration-red-600 !text-md\" rel=\"nofollow noopener\" target=\"_blank\">Tilaa Comon uutiskirje ja tied\u00e4t mist\u00e4 kahvitauolla puhutaan! Nappaa kotimaan tv-vinkit ja puheenaiheet suoraan s\u00e4hk\u00f6postiin t\u00e4st\u00e4.<\/a><\/p>\n","protected":false},"excerpt":{"rendered":"Melrose-yhtyett\u00e4 kohtasi suuri suru viime vuonna, kun heid\u00e4n rumpalinsa menehtyi. B\u00e4ndin karismaattinen keulakuva Tokela kertoi t\u00e4n\u00e4\u00e4n yhtyeen Facebook-sivuilla&hellip;\n","protected":false},"author":2,"featured_media":87050,"comment_status":"","ping_status":"","sticky":false,"template":"","format":"standard","meta":{"footnotes":""},"categories":[132],"tags":[137,33,31,30,195,47,32,109],"class_list":{"0":"post-87049","1":"post","2":"type-post","3":"status-publish","4":"format-standard","5":"has-post-thumbnail","7":"category-musiikki","8":"tag-entertainment","9":"tag-fi","10":"tag-finland","11":"tag-finnish","12":"tag-music","13":"tag-musiikki","14":"tag-suomi","15":"tag-viihde"},"share_on_mastodon":{"url":"https:\/\/pubeurope.com\/@fi\/115530207479977198","error":""},"_links":{"self":[{"href":"https:\/\/www.europesays.com\/fi\/wp-json\/wp\/v2\/posts\/87049","targetHints":{"allow":["GET"]}}],"collection":[{"href":"https:\/\/www.europesays.com\/fi\/wp-json\/wp\/v2\/posts"}],"about":[{"href":"https:\/\/www.europesays.com\/fi\/wp-json\/wp\/v2\/types\/post"}],"author":[{"embeddable":true,"href":"https:\/\/www.europesays.com\/fi\/wp-json\/wp\/v2\/users\/2"}],"replies":[{"embeddable":true,"href":"https:\/\/www.europesays.com\/fi\/wp-json\/wp\/v2\/comments?post=87049"}],"version-history":[{"count":0,"href":"https:\/\/www.europesays.com\/fi\/wp-json\/wp\/v2\/posts\/87049\/revisions"}],"wp:featuredmedia":[{"embeddable":true,"href":"https:\/\/www.europesays.com\/fi\/wp-json\/wp\/v2\/media\/87050"}],"wp:attachment":[{"href":"https:\/\/www.europesays.com\/fi\/wp-json\/wp\/v2\/media?parent=87049"}],"wp:term":[{"taxonomy":"category","embeddable":true,"href":"https:\/\/www.europesays.com\/fi\/wp-json\/wp\/v2\/categories?post=87049"},{"taxonomy":"post_tag","embeddable":true,"href":"https:\/\/www.europesays.com\/fi\/wp-json\/wp\/v2\/tags?post=87049"}],"curies":[{"name":"wp","href":"https:\/\/api.w.org\/{rel}","templated":true}]}}