{"id":87051,"date":"2025-11-11T08:50:15","date_gmt":"2025-11-11T08:50:15","guid":{"rendered":"https:\/\/www.europesays.com\/fi\/87051\/"},"modified":"2025-11-11T08:50:15","modified_gmt":"2025-11-11T08:50:15","slug":"arvostelu-netflix-on-vaara-paikka-guillermo-del-toron-uudelle-frankenstein-elokuvalle","status":"publish","type":"post","link":"https:\/\/www.europesays.com\/fi\/87051\/","title":{"rendered":"Arvostelu | Netflix on v\u00e4\u00e4r\u00e4 paikka Guillermo del Toron uudelle Frankenstein-elokuvalle"},"content":{"rendered":"<p>Netflixin julkaisema Frankenstein on Guillermo del Toron uusi tulkinta Mary Shelleyn klassikkoromaanista. Kauniin rujoa goottiromantiikkaa tihkuva elokuva olisi kaivannut p\u00e4\u00e4st\u00e4 n\u00e4ht\u00e4v\u00e4ksi valkokankaalta.<\/p>\n<p><img fetchpriority=\"high\" decoding=\"async\" width=\"819\" height=\"1024\" alt=\"Frankenstein\" class=\"wp-image-890011 size-full awpo-lazy\"  data- src=\"https:\/\/www.europesays.com\/fi\/wp-content\/uploads\/2025\/11\/frankenstein-juliste-2025-819x1024.jpg\"\/><\/p>\n<p class=\"has-small-font-size\"><strong>FRANKENSTEIN<\/strong><br \/>Ensi-ilta (Netflix): 7.11.2025<br \/>Alkuper\u00e4isnimi: Frankenstein<br \/>Ohjaus: Guillermo del Toro<br \/>K\u00e4sikirjoitus: Guillermo del Toro, pohjautuu Mary Shelleyn romaaniin<br \/>P\u00e4\u00e4osissa: Oscar Isaac, Jacob Elordi, Mia Goth, Christoph Waltz, Felix Kammerer &amp; David Bradley<br \/>Pituus: 149 minuuttia<br \/>Ik\u00e4raja: K16 (Netflixin oma ik\u00e4raja)<\/p>\n<p class=\"has-drop-cap\">20-vuotiaan <strong>Mary Shelleyn<\/strong> vuonna 1818 kirjoittama <a href=\"https:\/\/muropaketti.com\/avainsana\/frankenstein\/\" rel=\"nofollow noopener\" target=\"_blank\">Frankenstein<\/a> on goottiromanttinen kauhukirjallisuuden klassikko, joka on toiminut inspiraationa lukuisille erilaisille tulkinnoille ja filmatisoinneille. Nyt kortensa kekoon kantaa <strong>Guillermo del Toro<\/strong>, Pan\u2019s Labyrinthin kaltaisista kauhufantasiaelokuvistaan tuttu ohjaaja, jolle Shelleyn teksti on kuin luotu.<\/p>\n<p>Netflixin julkaisemassa elokuvassaan del Toro pyrkii olemaan uskollinen Shelleyn romaanille. Useissa aiemmissa tulkinnoissa tohtori Frankensteinin luoma olento on esitetty hirvi\u00f6m\u00e4isen\u00e4 petona, mutta del Toro ottaa tarinaan alkuper\u00e4iselle tarinalle kumartavan l\u00e4hestymistavan.<\/p>\n<p>Frankenstein on ohjaajalle tuttuun tapaan \u00e4\u00e4rimm\u00e4isen visuaalinen elokuva, jossa hulppea arkkitehtuuri kohtaa mielikuvituksellisen ja v\u00e4rikk\u00e4\u00e4n puvustuksen. Elokuva tutkii ihmisyytt\u00e4 ja el\u00e4m\u00e4n tarkoitusta, mutta kahden ja puolen tunnin mitassaan harhautuu v\u00e4lill\u00e4 hieman liikaa tarinallisille sivupoluille ja varsinaisen tarinan vaikuttavuus uhkaa liudentua.<\/p>\n<p><a href=\"https:\/\/www.europesays.com\/fi\/wp-content\/uploads\/2025\/11\/frankenstein-2025-1.jpg\"><img loading=\"lazy\" decoding=\"async\" width=\"1600\" height=\"1067\" alt=\"Frankenstein (2025)\" class=\"wp-image-883169 awpo-lazy\"  data- src=\"https:\/\/www.europesays.com\/fi\/wp-content\/uploads\/2025\/11\/frankenstein-2025-1.jpg\"\/><\/a>Kuva: Ken Woroner\/Netflix \u00a9 2025<\/p>\n<p>Ikuista el\u00e4m\u00e4\u00e4 etsim\u00e4ss\u00e4<\/p>\n<p>Kahden ja puolen tunnin mittainen Frankenstein koostuu kolmesta osasta: prologista, tohtori Frankensteinin tarinasta ja t\u00e4m\u00e4n luoman, nimett\u00f6m\u00e4n olennon tarinasta.<\/p>\n<p>Alussa nuori Victor Frankenstein (<strong>Christian Convery<\/strong>) todistaa \u00e4itins\u00e4 ennenaikaisen kuoleman ja vannoo l\u00f6yt\u00e4v\u00e4ns\u00e4 avaimen kuoleman p\u00e4ihitt\u00e4miseen. Julman is\u00e4ns\u00e4 (<strong>Charles Dance<\/strong>) jalanj\u00e4ljiss\u00e4 l\u00e4\u00e4k\u00e4riksi opiskellut Victor joutuu kuitenkin aikuisena (<strong>Oscar Isaac<\/strong>) naurunalaiseksi esitelless\u00e4\u00e4n ideaansa kuolleiden henkiinher\u00e4tt\u00e4misest\u00e4.<\/p>\n<p>T\u00e4st\u00e4 huolimatta rikas liikemies Harlander (<strong>Christoph Waltz<\/strong>) vaikuttuu nuoren tohtorin esitelm\u00e4st\u00e4 ja tarjoaa t\u00e4lle mahdollisuuden jatkaa tutkimuksiaan. Niinp\u00e4 er\u00e4\u00e4n\u00e4 myrskyisen\u00e4 y\u00f6n\u00e4 Victor onnistuu valjastamaan salaman energian avukseen ja luomaan el\u00e4m\u00e4\u00e4 kuolemasta.<\/p>\n<p>N\u00e4in syntyv\u00e4 olento (<strong>Jacob Elordi<\/strong>) ei kuitenkaan ole aivan sellainen kuin tohtori kiihkoissaan toivoi.<\/p>\n<p>Luojansa hylk\u00e4\u00e4m\u00e4 olento her\u00e4tt\u00e4\u00e4 ihmisiss\u00e4 kauhua. Omassa tarinassaan olento pyrkii luovimaan ihmisten maailman liepeill\u00e4 ja katkeroituu luojaansa kohtaan. Se ei halua olla yksin.<\/p>\n<p><a href=\"https:\/\/www.europesays.com\/fi\/wp-content\/uploads\/2025\/11\/frankenstein-2025-mia-goth.jpg\"><img loading=\"lazy\" decoding=\"async\" width=\"1600\" height=\"1067\" alt=\"Frankenstein (2025) \/ Mia Goth\" class=\"wp-image-883175 awpo-lazy\"  data- src=\"https:\/\/www.europesays.com\/fi\/wp-content\/uploads\/2025\/11\/frankenstein-2025-mia-goth.jpg\"\/><\/a>Kuva: Ken Woroner\/Netflix \u00a9 2025<\/p>\n<p>Sataprosenttista Guillermo del Toroa<\/p>\n<p>Frankenstein on visuaalisesti sataprosenttista Guillermo del Toroa. Goottiromantiikka tihkuu yli \u00e4yr\u00e4iden kivipatsaiden ja kaiverrusten t\u00e4ytt\u00e4miss\u00e4, hulppeissa lavasteissa, kirkkaanpunaisen sifongin leijuessa tuulessa ja p\u00e4\u00e4henkil\u00f6n k\u00e4\u00e4riytyess\u00e4 satiinilakanoihin. Tunnelmassa on paljon samaa kuin ohjaajan kymmenen vuoden takaisessa Crimson Peakissa.<\/p>\n<p>Pitk\u00e4 ja n\u00e4ytt\u00e4v\u00e4 elokuva olisikin sopinut paremmin elokuvateatterin valkokankaalle kuin Netflixiin. Television ruudulla hitaahko tunnelmointi meinaa helpommin l\u00e4ss\u00e4ht\u00e4\u00e4.<\/p>\n<p>Paljolti aidoissa lavasteissa CGI:n sijaan toteutettu Frankenstein h\u00e4mm\u00e4stytt\u00e4\u00e4 yksityiskohdillaan. Olennon rakentaminen ihmisten palasista, hermojen ja verisuonten liitt\u00e4minen toisiinsa, Frankensteinin tuottama, l\u00e4hes Leonardo da Vinci\u00e4 muistuttava kuvallinen todistusaineisto tieteellisest\u00e4 kokeestaan ja tohtorin laboratorio goottilaisen arkkitehtuurin mukaan rakennetussa tornissa \u2013 kaikki n\u00e4ytt\u00e4\u00e4 ep\u00e4todellisen upealta, visuaaliselta karkilta.<\/p>\n<p>Kaikki kaunis silm\u00e4karkki on kuitenkin varjoon elokuvan pohtiessa ihmisyytt\u00e4 olennon silmin. Elordin surullisesta hahmosta kasvaa monitahoisen koskettava, ja kaikkea muuta kuin luojansa mukaan nimetty hirvi\u00f6.<\/p>\n<p><a href=\"https:\/\/www.europesays.com\/fi\/wp-content\/uploads\/2025\/11\/oscar-isaac-frankenstein.jpg\"><img loading=\"lazy\" decoding=\"async\" width=\"1920\" height=\"1280\" alt=\"Frankenstein\" class=\"wp-image-854325 awpo-lazy\"  data- src=\"https:\/\/www.europesays.com\/fi\/wp-content\/uploads\/2025\/11\/oscar-isaac-frankenstein.jpg\"\/><\/a>Kuva: \u00a9 Netflix<\/p>\n<p>Romantiikkaa ja yliluonnollisia s\u00e4vyj\u00e4<\/p>\n<p>Tarinallisesti del Toro kurkottaa Shelleyn alkuteokseen: h\u00e4n antaa \u00e4\u00e4nen Frankensteinin luomalle olennolle, eik\u00e4 tee t\u00e4st\u00e4 yksiselitteisesti hirvi\u00f6t\u00e4. Elokuva pohtii keskeisi\u00e4 kysymyksi\u00e4: el\u00e4m\u00e4n tarkoitusta, mit\u00e4 tarkoittaa olla ihminen, yksin\u00e4isyytt\u00e4 ja joukkoon kuulumattomuutta, mutta my\u00f6s is\u00e4-poika -suhdetta sek\u00e4 sit\u00e4, miten trauma siirtyy kannettavaksi sukupolvelta toiselle.<\/p>\n<p>Isaacin esitt\u00e4m\u00e4 Victor etsii is\u00e4ns\u00e4 julmuuden muokkaamana ep\u00e4toivoisesti oman el\u00e4m\u00e4ns\u00e4 tarkoitusta tieteest\u00e4 ja ty\u00f6st\u00e4\u00e4 hulluuden rajoille asti pakkomiellett\u00e4\u00e4n v\u00e4litt\u00e4m\u00e4tt\u00e4 kenest\u00e4k\u00e4\u00e4n muusta. Vasta tavatessaan veljens\u00e4 kihlatun Elizabethin (<strong>Mia Goth<\/strong>) h\u00e4nest\u00e4 avautuu inhimillisempi\u00e4 puolia. Victorin ja Elizabethin kohtaaminen kirkon rippituolissa on yksi synk\u00e4n ja raskaahkon elokuvan keveimpi\u00e4 kohtauksia.<\/p>\n<p>Olento puolestaan on synnytty\u00e4\u00e4n viaton ja hyv\u00e4ksynt\u00e4\u00e4 kaipaava hahmo, joka rujossa ulkokuoressaan tarjoaa kontrastin sis\u00e4isten demoniensa riivaamalle luojalleen. L\u00e4hes kaksimetrinen Elordi tekee olennostaan kaikessa herkkyydess\u00e4\u00e4n hyvinkin ihmism\u00e4isen hahmon, jonka haavoittuvaisuus korostuu kauniisti etenkin kohtauksessa erinomaisen <strong>David Bradleyn<\/strong> esitt\u00e4m\u00e4n vanhan miehen kanssa.<\/p>\n<p>Shelley oli teini-ik\u00e4inen kirjoittaessaan Frankensteinin, ja del Toro antaa t\u00e4m\u00e4n nuoruuden naiviuden n\u00e4ky\u00e4 my\u00f6s elokuvassaan. Tunteikkaissa kohtauksissa elokuva on suorastaan teatraalisen ylti\u00f6romanttinen, mik\u00e4 modernissa tuotannossa tuntuu et\u00e4\u00e4nnytt\u00e4v\u00e4lt\u00e4.<\/p>\n<p>Del Toro lis\u00e4\u00e4 alkuper\u00e4iseen tarinaan yliluonnollisia s\u00e4vyj\u00e4, mink\u00e4 avulla elokuvaan on saatu enemm\u00e4n toiminnallisempia kohtauksia. Yliluonnollisuuden kautta pyrit\u00e4\u00e4n korostamaan ihmisel\u00e4m\u00e4n rajallisuutta, mutta muutenkin pitk\u00e4ss\u00e4 elokuvassa t\u00e4m\u00e4 tuntuu turhalta lis\u00e4ykselt\u00e4, sill\u00e4 Frankensteinin ja h\u00e4nen luomansa olennon v\u00e4lisen suhteen k\u00e4sittely on jo itsess\u00e4\u00e4n ihan tarpeeksi kiinnostava.<\/p>\n<p>Uusi Frankenstein on mahtipontisen kaunis elokuva, joka tarjoaa tuttuun tarinaan kaksi n\u00e4k\u00f6kulmaa, joista del Toro selke\u00e4sti ottaa toisen omakseen. Korostettu teatraalisuus kuitenkin sy\u00f6 synk\u00e4n syv\u00e4llisi\u00e4 pohtivalta, kestoltaan pitk\u00e4lt\u00e4 elokuvalta vaikuttavuutta.<\/p>\n<p><a href=\"https:\/\/www.europesays.com\/fi\/wp-content\/uploads\/2025\/09\/elokuva-arvostelu-tahdet-35.png\"><img loading=\"lazy\" decoding=\"async\" width=\"180\" height=\"33\" alt=\"3,5\/5\" class=\"wp-image-373477 awpo-lazy\" src=\"https:\/\/www.europesays.com\/fi\/wp-content\/uploads\/2025\/09\/elokuva-arvostelu-tahdet-35.png\"\/><\/a><\/p>\n","protected":false},"excerpt":{"rendered":"Netflixin julkaisema Frankenstein on Guillermo del Toron uusi tulkinta Mary Shelleyn klassikkoromaanista. Kauniin rujoa goottiromantiikkaa tihkuva elokuva olisi&hellip;\n","protected":false},"author":2,"featured_media":51841,"comment_status":"","ping_status":"","sticky":false,"template":"","format":"standard","meta":{"footnotes":""},"categories":[131],"tags":[17698,155,137,33,173,31,30,7244,7245,774,17244,172,217,7817,12551,32,109],"class_list":{"0":"post-87051","1":"post","2":"type-post","3":"status-publish","4":"format-standard","5":"has-post-thumbnail","7":"category-elokuvat","8":"tag-christoph-waltz","9":"tag-elokuvat","10":"tag-entertainment","11":"tag-fi","12":"tag-film","13":"tag-finland","14":"tag-finnish","15":"tag-frankenstein","16":"tag-guillermo-del-toro","17":"tag-jacob-elordi","18":"tag-mia-goth","19":"tag-movies","20":"tag-netflix","21":"tag-netflix-elokuvat","22":"tag-oscar-isaac","23":"tag-suomi","24":"tag-viihde"},"share_on_mastodon":{"url":"https:\/\/pubeurope.com\/@fi\/115530211302377484","error":""},"_links":{"self":[{"href":"https:\/\/www.europesays.com\/fi\/wp-json\/wp\/v2\/posts\/87051","targetHints":{"allow":["GET"]}}],"collection":[{"href":"https:\/\/www.europesays.com\/fi\/wp-json\/wp\/v2\/posts"}],"about":[{"href":"https:\/\/www.europesays.com\/fi\/wp-json\/wp\/v2\/types\/post"}],"author":[{"embeddable":true,"href":"https:\/\/www.europesays.com\/fi\/wp-json\/wp\/v2\/users\/2"}],"replies":[{"embeddable":true,"href":"https:\/\/www.europesays.com\/fi\/wp-json\/wp\/v2\/comments?post=87051"}],"version-history":[{"count":0,"href":"https:\/\/www.europesays.com\/fi\/wp-json\/wp\/v2\/posts\/87051\/revisions"}],"wp:featuredmedia":[{"embeddable":true,"href":"https:\/\/www.europesays.com\/fi\/wp-json\/wp\/v2\/media\/51841"}],"wp:attachment":[{"href":"https:\/\/www.europesays.com\/fi\/wp-json\/wp\/v2\/media?parent=87051"}],"wp:term":[{"taxonomy":"category","embeddable":true,"href":"https:\/\/www.europesays.com\/fi\/wp-json\/wp\/v2\/categories?post=87051"},{"taxonomy":"post_tag","embeddable":true,"href":"https:\/\/www.europesays.com\/fi\/wp-json\/wp\/v2\/tags?post=87051"}],"curies":[{"name":"wp","href":"https:\/\/api.w.org\/{rel}","templated":true}]}}