{"id":87052,"date":"2025-11-11T08:52:09","date_gmt":"2025-11-11T08:52:09","guid":{"rendered":"https:\/\/www.europesays.com\/fi\/87052\/"},"modified":"2025-11-11T08:52:09","modified_gmt":"2025-11-11T08:52:09","slug":"kalle-rovanperalta-harvinainen-julkaisu-normaalisti-sa-kannat-mm-rallia-harteillasi-urheilu","status":"publish","type":"post","link":"https:\/\/www.europesays.com\/fi\/87052\/","title":{"rendered":"Kalle Rovanper\u00e4lt\u00e4 harvinainen julkaisu \u2013\u2009&#8221;Normaalisti s\u00e4 kannat MM-rallia harteillasi&#8221; | Urheilu"},"content":{"rendered":"<p><strong>Kalle Rovanper\u00e4<\/strong> on jakanut Japanin reissultaan harvinaisen julkaisun. Rovanper\u00e4n Instagram-videolla jyv\u00e4skyl\u00e4l\u00e4isl\u00e4ht\u00f6inen rallit\u00e4hti kantaa harteillaan julkisuudessa harvoin n\u00e4hty\u00e4 tytt\u00f6yst\u00e4v\u00e4\u00e4ns\u00e4.<\/p>\n<p>Julkaisu on saanut runsaasti ihastelua Rovanp\u00e4\u00e4n fanien osalta.<\/p>\n<p>\u2013\u2009Mahtavaa, olette niin iloisia, useat kommentoivat.<\/p>\n<p>\u2013\u2009T\u00e4m\u00e4h\u00e4n on sangen tervetullutta vaihtelua. Normaalisti s\u00e4 kannat koko MM-rallia harteillasi, kommenteissa my\u00f6s viitataan.<\/p>\n<p>Rovanper\u00e4 osallistui marraskuun ensimm\u00e4isell\u00e4 viikolla ajettavaan Japanin MM-ralliin. Rovanper\u00e4 ilmoitti ennen kilpailua j\u00e4tt\u00e4v\u00e4ns\u00e4 kauden p\u00e4\u00e4tteeksi ralliautoilun.<\/p>\n<p>Rovanper\u00e4 j\u00e4tt\u00e4\u00e4 rallin MM-sarjan hieman haikein fiiliksin.<\/p>\n<p>\u2013 Ralli on ollut iso osa el\u00e4m\u00e4\u00e4. Iso osa el\u00e4m\u00e4st\u00e4 j\u00e4\u00e4 pois ja muuttuu. Mutta olen samalla todella innostunut. T\u00e4m\u00e4 on hyppy suoraan syv\u00e4\u00e4n p\u00e4\u00e4tyyn formula-autoilussa ja se tulee olemaan iso haaste. Paljon on t\u00f6it\u00e4 edess\u00e4, Rovanper\u00e4 totesi aiemmin Keskisuomalaiselle.<\/p>\n<p>Toyota ilmoitti eilen maanantaina <strong>Oliver Solbergin<\/strong> nousevan riveihins\u00e4 Rovanper\u00e4n tilalle.<\/p>\n<p>\t\t\t\t\t<img class=\"diks-card__image\" src=\"https:\/\/www.europesays.com\/fi\/wp-content\/uploads\/2025\/11\/10963061.jpg\"   loading=\"lazy\" decoding=\"sync\" alt=\"\"\/><\/p>\n<p>\t\t\t\t\t<img class=\"diks-card__image\" src=\"https:\/\/www.europesays.com\/fi\/wp-content\/uploads\/2025\/11\/10963073.jpg\"   loading=\"lazy\" decoding=\"sync\" alt=\"\"\/><\/p>\n","protected":false},"excerpt":{"rendered":"Kalle Rovanper\u00e4 on jakanut Japanin reissultaan harvinaisen julkaisun. Rovanper\u00e4n Instagram-videolla jyv\u00e4skyl\u00e4l\u00e4isl\u00e4ht\u00f6inen rallit\u00e4hti kantaa harteillaan julkisuudessa harvoin n\u00e4hty\u00e4 tytt\u00f6yst\u00e4v\u00e4\u00e4ns\u00e4.&hellip;\n","protected":false},"author":2,"featured_media":87053,"comment_status":"","ping_status":"","sticky":false,"template":"","format":"standard","meta":{"footnotes":""},"categories":[158],"tags":[33,31,30,4673,159,32,160],"class_list":{"0":"post-87052","1":"post","2":"type-post","3":"status-publish","4":"format-standard","5":"has-post-thumbnail","7":"category-urheilu","8":"tag-fi","9":"tag-finland","10":"tag-finnish","11":"tag-kalle-rovanpera","12":"tag-sports","13":"tag-suomi","14":"tag-urheilu"},"share_on_mastodon":{"url":"https:\/\/pubeurope.com\/@fi\/115530219349155728","error":""},"_links":{"self":[{"href":"https:\/\/www.europesays.com\/fi\/wp-json\/wp\/v2\/posts\/87052","targetHints":{"allow":["GET"]}}],"collection":[{"href":"https:\/\/www.europesays.com\/fi\/wp-json\/wp\/v2\/posts"}],"about":[{"href":"https:\/\/www.europesays.com\/fi\/wp-json\/wp\/v2\/types\/post"}],"author":[{"embeddable":true,"href":"https:\/\/www.europesays.com\/fi\/wp-json\/wp\/v2\/users\/2"}],"replies":[{"embeddable":true,"href":"https:\/\/www.europesays.com\/fi\/wp-json\/wp\/v2\/comments?post=87052"}],"version-history":[{"count":0,"href":"https:\/\/www.europesays.com\/fi\/wp-json\/wp\/v2\/posts\/87052\/revisions"}],"wp:featuredmedia":[{"embeddable":true,"href":"https:\/\/www.europesays.com\/fi\/wp-json\/wp\/v2\/media\/87053"}],"wp:attachment":[{"href":"https:\/\/www.europesays.com\/fi\/wp-json\/wp\/v2\/media?parent=87052"}],"wp:term":[{"taxonomy":"category","embeddable":true,"href":"https:\/\/www.europesays.com\/fi\/wp-json\/wp\/v2\/categories?post=87052"},{"taxonomy":"post_tag","embeddable":true,"href":"https:\/\/www.europesays.com\/fi\/wp-json\/wp\/v2\/tags?post=87052"}],"curies":[{"name":"wp","href":"https:\/\/api.w.org\/{rel}","templated":true}]}}