{"id":87058,"date":"2025-11-11T08:57:16","date_gmt":"2025-11-11T08:57:16","guid":{"rendered":"https:\/\/www.europesays.com\/fi\/87058\/"},"modified":"2025-11-11T08:57:16","modified_gmt":"2025-11-11T08:57:16","slug":"talous-viro-otti-kayttoon-uuden-autoveron-myynti-romahti-paikalliset","status":"publish","type":"post","link":"https:\/\/www.europesays.com\/fi\/87058\/","title":{"rendered":"Talous | Viro otti k\u00e4ytt\u00f6\u00f6n uuden autoveron \u2013 myynti romahti | Paikalliset"},"content":{"rendered":"<p>Virossa otettiin vuoden 2025 alussa k\u00e4ytt\u00f6\u00f6n uusi moottoriajoneuvovero. Sen my\u00f6t\u00e4 kaikista rekister\u00f6idyist\u00e4 ajoneuvoista perit\u00e4\u00e4n vuosittainen vero ja lis\u00e4ksi ensimm\u00e4ist\u00e4 kertaa omistajalle rekister\u00f6idyst\u00e4 ajoneuvosta perit\u00e4\u00e4n rekister\u00f6intimaksu. Aikaisemmin Virossa ei ole ollut mink\u00e4\u00e4nlaista autoveroa.<\/p>\n<p>Uusi vero aiheutti vuoden 2024 lopulla autojen ostobuumin Virossa. Autojen myynti kasvoi yli 40 prosenttia, kun ihmiset vaihtoivat autoja ennen uuden veron voimaantuloa.<\/p>\n<p><strong class=\"diks-storyline__impact\">T\u00e4n\u00e4 vuonna<\/strong> uusien autojen myynti on puolestaan romahtanut. Eik\u00e4 Viron hallituksen ep\u00e4johdonmukainen viestint\u00e4 autoveron kohtalosta ja mahdollisesta poistamisesta ole parantanut asiaa.<\/p>\n<p><a href=\"https:\/\/news.err.ee\/1609828065\/car-sales-in-estonia-down-by-as-much-as-they-re-up-in-latvia-and-lithuania\" rel=\"nofollow noopener\" target=\"_blank\">Viron yleisradion<\/a> mukaan vuoden kolmannella nelj\u00e4nneksell\u00e4 uusien autojen rekister\u00f6innit laskivat Virossa yli 40 prosenttia viime vuoteen verrattuna, kun ne samaan aikaan nousivat Latviassa ja Liettuassa yli 40 prosenttia.<\/p>\n<p><a href=\"https:\/\/news.err.ee\/1609847865\/sale-of-new-cars-half-of-last-year-s-figure-also-in-october\" rel=\"nofollow noopener\" target=\"_blank\">My\u00f6s lokakuussa<\/a> Virossa myytiin uusia autoja yli puolet viime vuotta v\u00e4hemm\u00e4n. Vaikka lokakuussa myytiin kolmanneksi eniten uusia autoja kuukaudessa (1 266 kpl), se oli silti 52,6 prosenttia v\u00e4hemm\u00e4n kuin lokakuussa viime vuonna. Luvut selvi\u00e4v\u00e4t Viron autokauppiaiden ja huoltokeskusten liiton (AMTEL) julkaisemista tilastoista.<\/p>\n<p>Kuluvan vuoden kymmenen ensimm\u00e4isen kuukauden aikana virolaiset j\u00e4lleenmyyj\u00e4t luovuttivat asiakkaille 10 688 uutta autoa, mik\u00e4 on 42,2 prosenttia v\u00e4hemm\u00e4n kuin vastaavana ajanjaksona vuonna 2024.<\/p>\n<p>Heikon automyynnin takia Viron valtiovarainministeri\u00f6n ennustamat ajoneuvoveron tuotot toteutuvat t\u00e4n\u00e4 vuonna vain osittain. Vaikka ministeri\u00f6 alensi jo kes\u00e4ll\u00e4 alkuper\u00e4ist\u00e4 ennustettaan, ei sek\u00e4\u00e4n nykyisten tietojen perusteella todenn\u00e4k\u00f6isesti toteudu.<\/p>\n<p>Uutta autoveroa laatiessaan <a href=\"https:\/\/news.err.ee\/1609840461\/car-tax-revenues-likely-to-fall-short-of-revised-90-million-figure\" rel=\"nofollow noopener\" target=\"_blank\">valtiovarainministeri\u00f6<\/a> arvioi uuden rekister\u00f6intimaksun tuottavan vuoden 2025 aikana 137 miljoonaa euroa. Uusi alasp\u00e4in tarkennettu arvio on 90 miljoonaa euroa, mik\u00e4 sek\u00e4\u00e4n ei toteudu.<\/p>\n","protected":false},"excerpt":{"rendered":"Virossa otettiin vuoden 2025 alussa k\u00e4ytt\u00f6\u00f6n uusi moottoriajoneuvovero. Sen my\u00f6t\u00e4 kaikista rekister\u00f6idyist\u00e4 ajoneuvoista perit\u00e4\u00e4n vuosittainen vero ja lis\u00e4ksi&hellip;\n","protected":false},"author":2,"featured_media":87059,"comment_status":"","ping_status":"","sticky":false,"template":"","format":"standard","meta":{"footnotes":""},"categories":[14],"tags":[6638,648,22,23,26,27,33,31,30,17,2870,24,25,121,28,29,2349,15,18,21,32,128,19,20,56,16,4029,59,60,61],"class_list":{"0":"post-87058","1":"post","2":"type-post","3":"status-publish","4":"format-standard","5":"has-post-thumbnail","7":"category-ulkomaat","8":"tag-ajoneuvojen-ja-peravaunujen-valmistus","9":"tag-autot","10":"tag-breaking-news","11":"tag-breakingnews","12":"tag-featured-news","13":"tag-featurednews","14":"tag-fi","15":"tag-finland","16":"tag-finnish","17":"tag-headlines","18":"tag-kaupankaynti","19":"tag-latest-news","20":"tag-latestnews","21":"tag-liikenne-ja-kuljetus","22":"tag-main-news","23":"tag-mainnews","24":"tag-myynti","25":"tag-news","26":"tag-otsikot","27":"tag-paauutiset","28":"tag-suomi","29":"tag-tieliikenne","30":"tag-top-stories","31":"tag-topstories","32":"tag-ulkomaat","33":"tag-uutiset","34":"tag-viro","35":"tag-world","36":"tag-world-news","37":"tag-worldnews"},"share_on_mastodon":{"url":"https:\/\/pubeurope.com\/@fi\/115530238725966186","error":""},"_links":{"self":[{"href":"https:\/\/www.europesays.com\/fi\/wp-json\/wp\/v2\/posts\/87058","targetHints":{"allow":["GET"]}}],"collection":[{"href":"https:\/\/www.europesays.com\/fi\/wp-json\/wp\/v2\/posts"}],"about":[{"href":"https:\/\/www.europesays.com\/fi\/wp-json\/wp\/v2\/types\/post"}],"author":[{"embeddable":true,"href":"https:\/\/www.europesays.com\/fi\/wp-json\/wp\/v2\/users\/2"}],"replies":[{"embeddable":true,"href":"https:\/\/www.europesays.com\/fi\/wp-json\/wp\/v2\/comments?post=87058"}],"version-history":[{"count":0,"href":"https:\/\/www.europesays.com\/fi\/wp-json\/wp\/v2\/posts\/87058\/revisions"}],"wp:featuredmedia":[{"embeddable":true,"href":"https:\/\/www.europesays.com\/fi\/wp-json\/wp\/v2\/media\/87059"}],"wp:attachment":[{"href":"https:\/\/www.europesays.com\/fi\/wp-json\/wp\/v2\/media?parent=87058"}],"wp:term":[{"taxonomy":"category","embeddable":true,"href":"https:\/\/www.europesays.com\/fi\/wp-json\/wp\/v2\/categories?post=87058"},{"taxonomy":"post_tag","embeddable":true,"href":"https:\/\/www.europesays.com\/fi\/wp-json\/wp\/v2\/tags?post=87058"}],"curies":[{"name":"wp","href":"https:\/\/api.w.org\/{rel}","templated":true}]}}