{"id":87060,"date":"2025-11-11T08:59:10","date_gmt":"2025-11-11T08:59:10","guid":{"rendered":"https:\/\/www.europesays.com\/fi\/87060\/"},"modified":"2025-11-11T08:59:10","modified_gmt":"2025-11-11T08:59:10","slug":"koiran-kanssa-liikkunut-metsastaja-kuuli-outoa-aanta-sitten-kaynnistyi-tapahtumaketju-josta-poliisikin-kiinnostui","status":"publish","type":"post","link":"https:\/\/www.europesays.com\/fi\/87060\/","title":{"rendered":"Koiran kanssa liikkunut mets\u00e4st\u00e4j\u00e4 kuuli outoa \u00e4\u00e4nt\u00e4 \u2013 Sitten k\u00e4ynnistyi tapahtumaketju, josta poliisikin kiinnostui"},"content":{"rendered":"<p>Susi ei hellitt\u00e4nyt otetta koirasta senk\u00e4\u00e4n j\u00e4lkeen, kun mets\u00e4st\u00e4j\u00e4 oli ampunut sit\u00e4.<\/p>\n<p><img decoding=\"async\" class=\"image image-show image-preview\" src=\"https:\/\/www.europesays.com\/fi\/wp-content\/uploads\/2025\/08\/8187f28920649f02d8192f47b0370722f0bf7e966c4df8a3beef7472ebb9068b.jpg\" alt=\"\"\/><img decoding=\"async\" class=\"image image-show\" src=\"https:\/\/www.europesays.com\/fi\/wp-content\/uploads\/2025\/10\/1761796089_414_8187f28920649f02d8192f47b0370722f0bf7e966c4df8a3beef7472ebb9068b.jpg\" alt=\"\"\/><\/p>\n<p>Poliisi ep\u00e4ilee mets\u00e4st\u00e4j\u00e4\u00e4 t\u00f6rke\u00e4st\u00e4 mets\u00e4stysrikoksesta. Kuvituskuva. Inka Soveri<\/p>\n<p class=\"paragraph\">Mets\u00e4st\u00e4j\u00e4\u00e4 ep\u00e4ill\u00e4\u00e4n t\u00f6rke\u00e4st\u00e4 mets\u00e4stysrikoksesta, koska h\u00e4n ampui rauhoitetun el\u00e4imen.<\/p>\n<p class=\"paragraph\">It\u00e4-Suomen poliisilaitos kertoo tiedotteessaan, ett\u00e4 tapahtumat sijoittuvat Joensuun Itikkavaaraan, miss\u00e4 susi hy\u00f6kk\u00e4si mets\u00e4st\u00e4j\u00e4n koiran kimppuun viime lauantaina.<\/p>\n<p class=\"paragraph\">Mets\u00e4st\u00e4j\u00e4 oli kuullut outoa \u00e4\u00e4nt\u00e4 koiransa menosuunnasta.<\/p>\n<p class=\"paragraph\">\u2013 Kumpareen p\u00e4\u00e4lle noustuaan, h\u00e4n oli havainnut noin 30 metrin p\u00e4\u00e4ss\u00e4 edess\u00e4\u00e4n kaksi sutta. Mets\u00e4st\u00e4j\u00e4n pohjanpystykorva oli ollut toisen suden hampaissa, poliisin tiedotteessa kerrotaan.<\/p>\n<p class=\"paragraph\">Mets\u00e4st\u00e4j\u00e4 yritti h\u00e4tist\u00e4\u00e4 sudet koiran kimpusta huutamalla voimakkaasti. Toinen susi juoksi paikalta pois, mutta toinen yritti koira suussaan poistua alarinteen suuntaan.<\/p>\n<p class=\"paragraph\">Mets\u00e4st\u00e4j\u00e4 ampui sutta kiv\u00e4\u00e4rikaliberin aseella. Laukauksen j\u00e4lkeen susi kaatui, mutta koira oli edelleen suden hampaissa.<\/p>\n<p class=\"paragraph\">Mets\u00e4st\u00e4j\u00e4 ampui sutta viel\u00e4 kahdesti.<\/p>\n<p class=\"paragraph\">T\u00e4m\u00e4n j\u00e4lkeen h\u00e4n soitti asiasta h\u00e4t\u00e4keskukseen ja l\u00e4hti viem\u00e4\u00e4n koiraansa el\u00e4inl\u00e4\u00e4k\u00e4rille. Koira loukkaantui tilanteessa vakavasti.<\/p>\n<p class=\"paragraph\">Susi on rauhoitettu el\u00e4in, joten poliisi tutkii asiaa t\u00f6rke\u00e4n\u00e4 mets\u00e4stysrikoksena.<\/p>\n<p class=\"paragraph\">Poliisin mukaan tapaus siirtyy esitutkinnan j\u00e4lkeen syytt\u00e4j\u00e4lle syyteharkintaan.<\/p>\n<p class=\"paragraph\">\u2013 Rikosprosessiketjussa syytt\u00e4j\u00e4 on ensimm\u00e4inen viranomainen, joka pystyy ratkaisemaan, onko suojellun suden ampuminen tapahtunut pakkotilassa, tiedotteessa kerrotaan.<\/p>\n<p class=\"paragraph\">Tilanteessa kuollut urossusi oli noin 30-kiloinen. El\u00e4in toimitetaan Ouluun Ruokavirastoon tutkittavaksi.<\/p>\n","protected":false},"excerpt":{"rendered":"Susi ei hellitt\u00e4nyt otetta koirasta senk\u00e4\u00e4n j\u00e4lkeen, kun mets\u00e4st\u00e4j\u00e4 oli ampunut sit\u00e4. Poliisi ep\u00e4ilee mets\u00e4st\u00e4j\u00e4\u00e4 t\u00f6rke\u00e4st\u00e4 mets\u00e4stysrikoksesta. Kuvituskuva.&hellip;\n","protected":false},"author":2,"featured_media":18834,"comment_status":"","ping_status":"","sticky":false,"template":"","format":"standard","meta":{"footnotes":""},"categories":[5],"tags":[35,22,23,404,26,27,33,31,30,17,55,24,25,28,29,15,18,21,54,52,591,32,19,20,16],"class_list":{"0":"post-87060","1":"post","2":"type-post","3":"status-publish","4":"format-standard","5":"has-post-thumbnail","7":"category-otsikot","8":"tag-24h","9":"tag-breaking-news","10":"tag-breakingnews","11":"tag-elaimet","12":"tag-featured-news","13":"tag-featurednews","14":"tag-fi","15":"tag-finland","16":"tag-finnish","17":"tag-headlines","18":"tag-lainvalvonta","19":"tag-latest-news","20":"tag-latestnews","21":"tag-main-news","22":"tag-mainnews","23":"tag-news","24":"tag-otsikot","25":"tag-paauutiset","26":"tag-pelastuspalvelut","27":"tag-poliisi","28":"tag-selkarankaiset","29":"tag-suomi","30":"tag-top-stories","31":"tag-topstories","32":"tag-uutiset"},"share_on_mastodon":{"url":"https:\/\/pubeurope.com\/@fi\/115530246997420443","error":""},"_links":{"self":[{"href":"https:\/\/www.europesays.com\/fi\/wp-json\/wp\/v2\/posts\/87060","targetHints":{"allow":["GET"]}}],"collection":[{"href":"https:\/\/www.europesays.com\/fi\/wp-json\/wp\/v2\/posts"}],"about":[{"href":"https:\/\/www.europesays.com\/fi\/wp-json\/wp\/v2\/types\/post"}],"author":[{"embeddable":true,"href":"https:\/\/www.europesays.com\/fi\/wp-json\/wp\/v2\/users\/2"}],"replies":[{"embeddable":true,"href":"https:\/\/www.europesays.com\/fi\/wp-json\/wp\/v2\/comments?post=87060"}],"version-history":[{"count":0,"href":"https:\/\/www.europesays.com\/fi\/wp-json\/wp\/v2\/posts\/87060\/revisions"}],"wp:featuredmedia":[{"embeddable":true,"href":"https:\/\/www.europesays.com\/fi\/wp-json\/wp\/v2\/media\/18834"}],"wp:attachment":[{"href":"https:\/\/www.europesays.com\/fi\/wp-json\/wp\/v2\/media?parent=87060"}],"wp:term":[{"taxonomy":"category","embeddable":true,"href":"https:\/\/www.europesays.com\/fi\/wp-json\/wp\/v2\/categories?post=87060"},{"taxonomy":"post_tag","embeddable":true,"href":"https:\/\/www.europesays.com\/fi\/wp-json\/wp\/v2\/tags?post=87060"}],"curies":[{"name":"wp","href":"https:\/\/api.w.org\/{rel}","templated":true}]}}