{"id":87061,"date":"2025-11-11T09:12:08","date_gmt":"2025-11-11T09:12:08","guid":{"rendered":"https:\/\/www.europesays.com\/fi\/87061\/"},"modified":"2025-11-11T09:12:08","modified_gmt":"2025-11-11T09:12:08","slug":"kari-huomasi-lidlissa-jotain-allottavaa-jotain-rajaa","status":"publish","type":"post","link":"https:\/\/www.europesays.com\/fi\/87061\/","title":{"rendered":"Kari huomasi Lidliss\u00e4 jotain \u00e4ll\u00f6tt\u00e4v\u00e4\u00e4: &#8221;Jotain rajaa&#8221;"},"content":{"rendered":"<p>Kari-niminen netin k\u00e4ytt\u00e4j\u00e4 kertoo somep\u00e4ivityksess\u00e4\u00e4n puistattavasta tapauksesta, johon h\u00e4n t\u00f6rm\u00e4si pirkanmaalaisessa Lidl-kaupassa muutama p\u00e4iv\u00e4 sitten.<\/p>\n<p>Kauppa olisi luonnollisesti voinut olla mik\u00e4 tahansa, joten kaupan syyt\u00e4 pian kerrottava tapaus ei ole.<\/p>\n<p>Kari ojensi erikoisesti toiminutta<\/p>\n<p>Kari kertoo menneens\u00e4 Lidlin paistopisteelle, koska se on h\u00e4nen paikkakuntansa ainut \u201dj\u00e4rkev\u00e4\u201d paistopiste. Valikoimaa kuulemma on paljon, ja tuotteet ovat hyvi\u00e4.<\/p>\n<p>-K\u00e4yn monta kertaa viikossa. Kuljen, kun se l\u00e4hell\u00e4 on, joskus ihan hakemassa sielt\u00e4 aamukahvis\u00e4mpyl\u00e4t py\u00f6r\u00e4lenkin j\u00e4lkeen, Kari paljastaa.<\/p>\n<p>Nyt h\u00e4n sattui n\u00e4kem\u00e4\u00e4n jotain luotaan ty\u00f6nt\u00e4v\u00e4\u00e4.<\/p>\n<p>Er\u00e4s mies pudotti pasteijan lattialle. <\/p>\n<p>-Mit\u00e4 teki h\u00e4n! Sen j\u00e4lkeen pisti sen takaisin hyllylle ja otti siit\u00e4 vierest\u00e4 toisen. En tied\u00e4 mik\u00e4 reaktio oli, sill\u00e4 ei h\u00e4n edes katsellut ymp\u00e4rilleen ett\u00e4 n\u00e4kik\u00f6 joku.<\/p>\n<p>Kari sanoi miehelle \u201dhei camoon\u201d ja nappasi pasteijan pois hyllylt\u00e4. H\u00e4n vei sen roskiin.<\/p>\n<p>-Mik\u00e4 saa ihmisen olemaan noin ajattelematon, tyhm\u00e4 ja itsek\u00e4s ett\u00e4 tekee noin, Kari pudistelee p\u00e4\u00e4t\u00e4\u00e4n.<\/p>\n<p>Kari julkaisi p\u00e4ivittelyns\u00e4 vanhempainryhm\u00e4ss\u00e4 Facebookissa.<\/p>\n<p>Kari korostaa, ett\u00e4 mies oli tavallinen ehk\u00e4 65-70-vuotias mies, eik\u00e4 n\u00e4ytt\u00e4nyt olevan mitenk\u00e4\u00e4n \u201drajoittunut\u201d, kuten Kari asian ilmaisee.<\/p>\n<p>Lue my\u00f6s: <a href=\"https:\/\/www.como.fi\/tilaa-comon-uutiskirje\/\" title=\"Tilaa Comon uutiskirje ja tied\u00e4t mist\u00e4 kahvitauolla puhutaan! Nappaa kotimaan tv-vinkit ja puheenaiheet suoraan s\u00e4hk\u00f6postiin t\u00e4st\u00e4.\" class=\"underline-custom !font-montserrat !font-bold !underline-offset-4 !decoration-4 !decoration-red-600 !text-md\" rel=\"nofollow noopener\" target=\"_blank\">Tilaa Comon uutiskirje ja tied\u00e4t mist\u00e4 kahvitauolla puhutaan! Nappaa kotimaan tv-vinkit ja puheenaiheet suoraan s\u00e4hk\u00f6postiin t\u00e4st\u00e4.<\/a><\/p>\n","protected":false},"excerpt":{"rendered":"Kari-niminen netin k\u00e4ytt\u00e4j\u00e4 kertoo somep\u00e4ivityksess\u00e4\u00e4n puistattavasta tapauksesta, johon h\u00e4n t\u00f6rm\u00e4si pirkanmaalaisessa Lidl-kaupassa muutama p\u00e4iv\u00e4 sitten. Kauppa olisi luonnollisesti&hellip;\n","protected":false},"author":2,"featured_media":87062,"comment_status":"","ping_status":"","sticky":false,"template":"","format":"standard","meta":{"footnotes":""},"categories":[136],"tags":[407,137,33,31,30,408,3925,32,109],"class_list":{"0":"post-87061","1":"post","2":"type-post","3":"status-publish","4":"format-standard","5":"has-post-thumbnail","7":"category-julkkikset","8":"tag-celebrities","9":"tag-entertainment","10":"tag-fi","11":"tag-finland","12":"tag-finnish","13":"tag-julkkikset","14":"tag-kuluttaja","15":"tag-suomi","16":"tag-viihde"},"share_on_mastodon":{"url":"https:\/\/pubeurope.com\/@fi\/115530298090760809","error":""},"_links":{"self":[{"href":"https:\/\/www.europesays.com\/fi\/wp-json\/wp\/v2\/posts\/87061","targetHints":{"allow":["GET"]}}],"collection":[{"href":"https:\/\/www.europesays.com\/fi\/wp-json\/wp\/v2\/posts"}],"about":[{"href":"https:\/\/www.europesays.com\/fi\/wp-json\/wp\/v2\/types\/post"}],"author":[{"embeddable":true,"href":"https:\/\/www.europesays.com\/fi\/wp-json\/wp\/v2\/users\/2"}],"replies":[{"embeddable":true,"href":"https:\/\/www.europesays.com\/fi\/wp-json\/wp\/v2\/comments?post=87061"}],"version-history":[{"count":0,"href":"https:\/\/www.europesays.com\/fi\/wp-json\/wp\/v2\/posts\/87061\/revisions"}],"wp:featuredmedia":[{"embeddable":true,"href":"https:\/\/www.europesays.com\/fi\/wp-json\/wp\/v2\/media\/87062"}],"wp:attachment":[{"href":"https:\/\/www.europesays.com\/fi\/wp-json\/wp\/v2\/media?parent=87061"}],"wp:term":[{"taxonomy":"category","embeddable":true,"href":"https:\/\/www.europesays.com\/fi\/wp-json\/wp\/v2\/categories?post=87061"},{"taxonomy":"post_tag","embeddable":true,"href":"https:\/\/www.europesays.com\/fi\/wp-json\/wp\/v2\/tags?post=87061"}],"curies":[{"name":"wp","href":"https:\/\/api.w.org\/{rel}","templated":true}]}}