{"id":87067,"date":"2025-11-11T09:16:09","date_gmt":"2025-11-11T09:16:09","guid":{"rendered":"https:\/\/www.europesays.com\/fi\/87067\/"},"modified":"2025-11-11T09:16:09","modified_gmt":"2025-11-11T09:16:09","slug":"dark-river-festival-taistelee-vaikeuksien-lapi-jarjestetaan-ensi-kesana-edellisista-vuosista-poikkeavalla-tavalla","status":"publish","type":"post","link":"https:\/\/www.europesays.com\/fi\/87067\/","title":{"rendered":"Dark River Festival taistelee vaikeuksien l\u00e4pi &#8211; j\u00e4rjestet\u00e4\u00e4n ensi kes\u00e4n\u00e4 edellisist\u00e4 vuosista poikkeavalla tavalla"},"content":{"rendered":"<p>Kotkan Dark River Festival tiedottaa, ett\u00e4 festivaali j\u00e4rjestet\u00e4\u00e4n koko tapahtumakentt\u00e4\u00e4 koskevista vaikeuksista huolimatta tuttuun tapaan my\u00f6s ensi kes\u00e4n\u00e4. Edellisvuosista poiketen festivaalia juhlitaan kuitenkin kolmen sijaan kahtena p\u00e4iv\u00e4n\u00e4.<\/p>\n<p>\u201dP\u00e4\u00e4t\u00f6s ei ollut helppo \u2013 takana on viikkoja kest\u00e4nyt harkinta ja monia keskusteluja siit\u00e4, miten tapahtuma voidaan toteuttaa. Ensi vuonna 22 vuotta t\u00e4ytt\u00e4v\u00e4 festivaali kuitenkin kuuluu Suomen kes\u00e4\u00e4n, ja yhteis\u00f6mme sek\u00e4 metallimusiikin kuuntelijat ansaitsevat p\u00e4\u00e4st\u00e4 kuulemaan musiikkia ja kohtaamaan toisiaan Rivereill\u00e4\u201d, j\u00e4rjest\u00e4j\u00e4t kertovat toimitukseen l\u00e4hetetyss\u00e4 tiedotteessa.<\/p>\n<p>\u201dKuten koko tapahtuma-ala, my\u00f6s me olemme el\u00e4neet ep\u00e4varmuuden ja taloudellisten haasteiden keskell\u00e4. Tuotantokustannukset ovat nousseet merkitt\u00e4v\u00e4sti ja monen toimijan tulevaisuus on vaakalaudalla. Siit\u00e4 huolimatta uskomme, ett\u00e4 suomalainen festivaalikentt\u00e4 selvi\u00e4\u00e4 \u2013 yhteisty\u00f6ll\u00e4, luovuudella ja yleis\u00f6mme tuella. Kiitos niille lukuisille tahoille, jotka ovat kannustaneet meit\u00e4 eteenp\u00e4in sek\u00e4 tarjonneet ajatuksia, neuvoja ja apuakin, kun sit\u00e4 tarvitsimme.\u201d<\/p>\n<p>Dark River Festival j\u00e4rjestet\u00e4\u00e4n 10.-11.7.2026. Ensimm\u00e4iset artistikiinnitykset julkistetaan viel\u00e4 kuluvan vuoden puolella. Tikettiin on kuitenkin jo laskettu myyntiin Blind Ferryman -lippuja.<\/p>\n<p>Viime kes\u00e4n\u00e4 Dark River Festivalissa esiintyiv\u00e4t muun muassa <strong>My Dying Bride<\/strong>, <strong>Rotting Christ<\/strong>, <strong>Carach Angren<\/strong>, <strong>The Crown<\/strong>, <strong>Swallow the Sun<\/strong>, <strong>Sara<\/strong>, <strong>Finntroll<\/strong>, <strong>Ruoska<\/strong>, <strong>Pain Confessor<\/strong> ja <strong>Taneli Jarva &amp; Dark Place<\/strong>.<\/p>\n<p>Lue my\u00f6s: <a href=\"https:\/\/www.inferno.fi\/live\/kotkan-metsikon-syleilyssa-raportti-dark-river-festivalista\/\" title=\"Kotkan metsik\u00f6n syleilyss\u00e4 \u2013 raportti Dark River Festivalista\" class=\"underline-custom !font-montserrat !font-bold !underline-offset-4 !decoration-4 !decoration-red-600 !text-md\" rel=\"nofollow noopener\" target=\"_blank\">Kotkan metsik\u00f6n syleilyss\u00e4 \u2013 raportti Dark River Festivalista<\/a><\/p>\n<p>Lue my\u00f6s: <a href=\"https:\/\/www.inferno.fi\/uutiset\/dark-rvier-festival-kuvagalleria-osa-1-my-dying-bride-rotting-christ-ja-muita-ulkomaalaisvahvistuksia\/\" title=\"Dark River Festival -kuvagalleria, osa 1: My Dying Bride, Rotting Christ ja muita ulkomaalaisvahvistuksia\" class=\"underline-custom !font-montserrat !font-bold !underline-offset-4 !decoration-4 !decoration-red-600 !text-md\" rel=\"nofollow noopener\" target=\"_blank\">Dark River Festival -kuvagalleria, osa 1: My Dying Bride, Rotting Christ ja muita ulkomaalaisvahvistuksia<\/a><\/p>\n<p>Lue my\u00f6s: <a href=\"https:\/\/www.inferno.fi\/live\/dark-river-festival-kuvagalleria-osa-2-swalow-the-sun-finntroll-sara-taneli-jarva-ja-muita-kotimaisia\/\" title=\"Dark River Festival -kuvagalleria, osa 2: Swallow the Sun, Finntroll, Sara, Taneli Jarva ja muita kotimaisia\" class=\"underline-custom !font-montserrat !font-bold !underline-offset-4 !decoration-4 !decoration-red-600 !text-md\" rel=\"nofollow noopener\" target=\"_blank\">Dark River Festival -kuvagalleria, osa 2: Swallow the Sun, Finntroll, Sara, Taneli Jarva ja muita kotimaisia<\/a><\/p>\n","protected":false},"excerpt":{"rendered":"Kotkan Dark River Festival tiedottaa, ett\u00e4 festivaali j\u00e4rjestet\u00e4\u00e4n koko tapahtumakentt\u00e4\u00e4 koskevista vaikeuksista huolimatta tuttuun tapaan my\u00f6s ensi kes\u00e4n\u00e4.&hellip;\n","protected":false},"author":2,"featured_media":87068,"comment_status":"","ping_status":"","sticky":false,"template":"","format":"standard","meta":{"footnotes":""},"categories":[132],"tags":[17699,137,9039,970,33,31,30,195,47,32,109],"class_list":{"0":"post-87067","1":"post","2":"type-post","3":"status-publish","4":"format-standard","5":"has-post-thumbnail","7":"category-musiikki","8":"tag-dark-river-festival","9":"tag-entertainment","10":"tag-festarikesa-2026","11":"tag-festivaalit","12":"tag-fi","13":"tag-finland","14":"tag-finnish","15":"tag-music","16":"tag-musiikki","17":"tag-suomi","18":"tag-viihde"},"share_on_mastodon":{"url":"https:\/\/pubeurope.com\/@fi\/115530313582412649","error":""},"_links":{"self":[{"href":"https:\/\/www.europesays.com\/fi\/wp-json\/wp\/v2\/posts\/87067","targetHints":{"allow":["GET"]}}],"collection":[{"href":"https:\/\/www.europesays.com\/fi\/wp-json\/wp\/v2\/posts"}],"about":[{"href":"https:\/\/www.europesays.com\/fi\/wp-json\/wp\/v2\/types\/post"}],"author":[{"embeddable":true,"href":"https:\/\/www.europesays.com\/fi\/wp-json\/wp\/v2\/users\/2"}],"replies":[{"embeddable":true,"href":"https:\/\/www.europesays.com\/fi\/wp-json\/wp\/v2\/comments?post=87067"}],"version-history":[{"count":0,"href":"https:\/\/www.europesays.com\/fi\/wp-json\/wp\/v2\/posts\/87067\/revisions"}],"wp:featuredmedia":[{"embeddable":true,"href":"https:\/\/www.europesays.com\/fi\/wp-json\/wp\/v2\/media\/87068"}],"wp:attachment":[{"href":"https:\/\/www.europesays.com\/fi\/wp-json\/wp\/v2\/media?parent=87067"}],"wp:term":[{"taxonomy":"category","embeddable":true,"href":"https:\/\/www.europesays.com\/fi\/wp-json\/wp\/v2\/categories?post=87067"},{"taxonomy":"post_tag","embeddable":true,"href":"https:\/\/www.europesays.com\/fi\/wp-json\/wp\/v2\/tags?post=87067"}],"curies":[{"name":"wp","href":"https:\/\/api.w.org\/{rel}","templated":true}]}}