{"id":87069,"date":"2025-11-11T09:17:07","date_gmt":"2025-11-11T09:17:07","guid":{"rendered":"https:\/\/www.europesays.com\/fi\/87069\/"},"modified":"2025-11-11T09:17:07","modified_gmt":"2025-11-11T09:17:07","slug":"kuvat-sisu-elokuvien-sankari-aatami-korvesta-maalataan-nyt-suomen-omaa-chuck-norrisia","status":"publish","type":"post","link":"https:\/\/www.europesays.com\/fi\/87069\/","title":{"rendered":"Kuvat: Sisu-elokuvien sankari Aatami Korvesta maalataan nyt Suomen omaa Chuck Norrisia"},"content":{"rendered":"<p>Kuva: Heikki Leis, \u00a92025 CTMG, Inc. <\/p>\n<p>Sisu 2:n levityksest\u00e4 vastaava Sony Pictures maalailee Aatami Korvesta uuden sukupolven Chuck Norrisia.<\/p>\n<p>\u201dKuinka monta punnerrusta Chuck Norris pystyy tekem\u00e4\u00e4n?\u201d<\/p>\n<p>\u201dKaikki niist\u00e4\u201d<\/p>\n<p>Sony Picturesin tuoreessa somep\u00e4ivityksess\u00e4 kierr\u00e4tet\u00e4\u00e4n klassisia Chuck Norris -vitsej\u00e4 heitt\u00e4m\u00e4ll\u00e4 85-vuotias toimintalegenda syrj\u00e4\u00e4n ja tuomalla <a href=\"https:\/\/muropaketti.com\/avainsana\/sisu\/\" rel=\"nofollow noopener\" target=\"_blank\">Sisu-elokuvien<\/a> Aatami Korpi (Jorma Tommila) tilalle.<\/p>\n<p>Ja mik\u00e4s siin\u00e4, onhan Aatami Korpi todistetusti kovan luokan s\u00e4lli \u2013 jonka ei tosin tarvitsisi apinoida Chuck Norrisia todistaakseen mit\u00e4\u00e4n.<\/p>\n<p>Leikkimielisiss\u00e4 somekuvissa veistell\u00e4\u00e4n esimerkiksi seuraavasti:<\/p>\n<p>\u201dAatami Korpi ei puhu, koska sanat eiv\u00e4t kest\u00e4 mit\u00e4 h\u00e4nell\u00e4 on sanottavana\u201d <\/p>\n<p>\u201dAatami Korpi ei k\u00e4yt\u00e4 karttaa, maasto liikkuu h\u00e4nen mukanaan\u201d<\/p>\n<p>Lis\u00e4\u00e4 alla.<\/p>\n<p>Sony on verhonnut vitsihuumorijuttunsa is\u00e4np\u00e4iv\u00e4n verhoon, mutta kaikkihan toki tunnistavat heti, mill\u00e4 asialla t\u00e4ss\u00e4 nyt ollaan.<\/p>\n<p>Sisu ylitt\u00e4\u00e4 n\u00e4in\u00e4 p\u00e4ivin\u00e4 Suomessa 100 000 katsojan rajan. USA:n ensi-ilta on luvassa ensi viikolla, perjantaina 21. marraskuuta.<\/p>\n<p>      Kumpi on kovempi j\u00e4tk\u00e4: Aatami Korpi vai Chuck Norris?<\/p>\n<p>\n\t\t\t<a href=\"https:\/\/muropaketti.com\/elokuvat\/elokuvauutiset\/kuva-sisu-elokuvien-sankarista-maalataan-nyt-suomen-omaa-chuck-norrisia\/?vastaukset\" rel=\"nofollow noopener\" target=\"_blank\">Katso tilanne vastaamatta<\/a>\n\t\t<\/p>\n","protected":false},"excerpt":{"rendered":"Kuva: Heikki Leis, \u00a92025 CTMG, Inc. Sisu 2:n levityksest\u00e4 vastaava Sony Pictures maalailee Aatami Korvesta uuden sukupolven Chuck&hellip;\n","protected":false},"author":2,"featured_media":49314,"comment_status":"","ping_status":"","sticky":false,"template":"","format":"standard","meta":{"footnotes":""},"categories":[131],"tags":[9565,155,137,33,173,31,30,3296,172,3297,3298,32,109],"class_list":{"0":"post-87069","1":"post","2":"type-post","3":"status-publish","4":"format-standard","5":"has-post-thumbnail","7":"category-elokuvat","8":"tag-chuck-norris","9":"tag-elokuvat","10":"tag-entertainment","11":"tag-fi","12":"tag-film","13":"tag-finland","14":"tag-finnish","15":"tag-jorma-tommila","16":"tag-movies","17":"tag-sisu","18":"tag-sisu-2","19":"tag-suomi","20":"tag-viihde"},"share_on_mastodon":{"url":"https:\/\/pubeurope.com\/@fi\/115530317366153918","error":""},"_links":{"self":[{"href":"https:\/\/www.europesays.com\/fi\/wp-json\/wp\/v2\/posts\/87069","targetHints":{"allow":["GET"]}}],"collection":[{"href":"https:\/\/www.europesays.com\/fi\/wp-json\/wp\/v2\/posts"}],"about":[{"href":"https:\/\/www.europesays.com\/fi\/wp-json\/wp\/v2\/types\/post"}],"author":[{"embeddable":true,"href":"https:\/\/www.europesays.com\/fi\/wp-json\/wp\/v2\/users\/2"}],"replies":[{"embeddable":true,"href":"https:\/\/www.europesays.com\/fi\/wp-json\/wp\/v2\/comments?post=87069"}],"version-history":[{"count":0,"href":"https:\/\/www.europesays.com\/fi\/wp-json\/wp\/v2\/posts\/87069\/revisions"}],"wp:featuredmedia":[{"embeddable":true,"href":"https:\/\/www.europesays.com\/fi\/wp-json\/wp\/v2\/media\/49314"}],"wp:attachment":[{"href":"https:\/\/www.europesays.com\/fi\/wp-json\/wp\/v2\/media?parent=87069"}],"wp:term":[{"taxonomy":"category","embeddable":true,"href":"https:\/\/www.europesays.com\/fi\/wp-json\/wp\/v2\/categories?post=87069"},{"taxonomy":"post_tag","embeddable":true,"href":"https:\/\/www.europesays.com\/fi\/wp-json\/wp\/v2\/tags?post=87069"}],"curies":[{"name":"wp","href":"https:\/\/api.w.org\/{rel}","templated":true}]}}