{"id":87076,"date":"2025-11-11T09:24:10","date_gmt":"2025-11-11T09:24:10","guid":{"rendered":"https:\/\/www.europesays.com\/fi\/87076\/"},"modified":"2025-11-11T09:24:10","modified_gmt":"2025-11-11T09:24:10","slug":"tutkija-talla-hetkella-ei-ole-toivottavaa-etta-eurooppa-puhuisi-suoraan-venajan-kanssa-kotimaa","status":"publish","type":"post","link":"https:\/\/www.europesays.com\/fi\/87076\/","title":{"rendered":"Tutkija: T\u00e4ll\u00e4 hetkell\u00e4 ei ole toivottavaa, ett\u00e4 Eurooppa puhuisi suoraan Ven\u00e4j\u00e4n kanssa | Kotimaa"},"content":{"rendered":"<p class=\"aw-1gybjub aw-5vja16 kEtdKx kmuxyA yle__article__paragraph\">Tutkijan mukaan Euroopan pit\u00e4\u00e4 kuitenkin etsi\u00e4 omaa johtajuutta. <\/p>\n<p><img decoding=\"async\" alt=\"Jussi Lassila\" src=\"https:\/\/www.europesays.com\/fi\/wp-content\/uploads\/2025\/11\/39-99253362f39ed7a92d0.jpeg\" class=\"aw-1l9m598 hKVVvP\"\/><\/p>\n<p>Avaa kuvien katselu<\/p>\n<p>Tutkijan mielest\u00e4 Euroopan olisi kuitenkin hyv\u00e4 etsi\u00e4 my\u00f6s omaa johtajuuttaan. Kuva: Marek Sabogal \/ Utrikespolitiska institutet FIIA<\/p>\n<p class=\"aw-1gybjub aw-1p7kakr kEtdKx cEmitX yle__article__paragraph\">Ulkopoliittisen instituutin vanhempi tutkija <strong class=\"aw-ak79eh KyCXm yle__article__strong\">Jussi Lassila<\/strong> ei pid\u00e4 t\u00e4ll\u00e4 hetkell\u00e4 toivottavana sit\u00e4, ett\u00e4 Eurooppa avaisi suoran keskusteluyhteyden Ven\u00e4j\u00e4\u00e4n.<\/p>\n<p class=\"aw-1gybjub aw-1p7kakr kEtdKx cEmitX yle__article__paragraph\">Lassila kommentoi asiaa Ylen A-studiossa maanantai-iltana.<\/p>\n<p class=\"aw-1gybjub aw-1p7kakr kEtdKx cEmitX yle__article__paragraph\"><a class=\"aw-iao6s4 iHOxEa yle__article__link\" href=\"https:\/\/yle.fi\/a\/74-20193236\" role=\"link\" rel=\"nofollow noopener\" target=\"_blank\">Yle uutisoi t\u00e4n\u00e4\u00e4n aiemmin<\/a>, ett\u00e4 presidentti <strong class=\"aw-ak79eh KyCXm yle__article__strong\">Sauli Niinist\u00f6n<\/strong> mielest\u00e4 Euroopan pit\u00e4isi k\u00e4yd\u00e4 my\u00f6s suoria keskusteluja Ven\u00e4j\u00e4n kanssa, kun hy\u00f6kk\u00e4yssotaa Ukrainaan pyrit\u00e4\u00e4n lopettamaan.<\/p>\n<p class=\"aw-1gybjub aw-1p7kakr kEtdKx cEmitX yle__article__paragraph\">\u2013 Nykyisist\u00e4 l\u00e4ht\u00f6kohdista pit\u00e4isin t\u00e4t\u00e4 eritt\u00e4in ep\u00e4toivottavana. Tarkoitan sit\u00e4, ett\u00e4 Eurooppa ei osoita voimallisemmin Ukrainan tukemista eik\u00e4 ole tiukempi Ven\u00e4j\u00e4n suhteen, kommentoi Lassila.<\/p>\n<p class=\"aw-1gybjub aw-1p7kakr kEtdKx cEmitX yle__article__paragraph\">Lassila toteaa, ett\u00e4 nykyisess\u00e4 tilanteessa Euroopan suoran yhteyden avaaminen Kremliin voisi tarkottaa Ven\u00e4j\u00e4n sanelupolitiikkaa, johon Euroopan pit\u00e4isi taipua.<\/p>\n<p class=\"aw-1gybjub aw-1p7kakr kEtdKx cEmitX yle__article__paragraph\">T\u00e4ll\u00e4 hetkell\u00e4 suoria keskusteluja Ven\u00e4j\u00e4n presidentti <strong class=\"aw-ak79eh KyCXm yle__article__strong\">Vladimir Putinin<\/strong> kanssa k\u00e4y enimm\u00e4kseen Yhdysvaltojen presidentti <strong class=\"aw-ak79eh KyCXm yle__article__strong\">Donald Trump<\/strong>.<\/p>\n<p class=\"aw-1gybjub aw-1p7kakr kEtdKx cEmitX yle__article__paragraph\">Lassila pit\u00e4\u00e4 kuitenkin t\u00e4rke\u00e4n\u00e4 sit\u00e4, ett\u00e4 Eurooppa etsisi omaa johtajuuttaan.<\/p>\n<p class=\"aw-1gybjub aw-1p7kakr kEtdKx cEmitX yle__article__paragraph\">\u2013 On onnetonta, ett\u00e4 annamme sen Yhdysvalloille.<\/p>\n<p class=\"aw-1gybjub aw-1p7kakr kEtdKx cEmitX yle__article__paragraph\">Lassila pit\u00e4\u00e4 suurimpana ongelmana t\u00e4ll\u00e4 hetkell\u00e4 sit\u00e4, ettei Putin arvosta erityisesti EU:n toimia.<\/p>\n<p class=\"aw-1gybjub aw-1p7kakr kEtdKx cEmitX yle__article__paragraph\">\u2013 Euroopan pit\u00e4isi voiman kautta hakea suoria yhteyksi\u00e4 Kremliin. Eli sellaisella maineella ja asemalla, jotka my\u00f6s Kremliss\u00e4 tiedostettaisiin.<\/p>\n<p class=\"aw-1gybjub aw-1p7kakr kEtdKx cEmitX yle__article__paragraph\"><strong class=\"aw-ak79eh KyCXm yle__article__strong\">Katso A-studion keskustelu kokonaisuudessaan Yle Areenasta:<\/strong><\/p>\n<p><img decoding=\"async\" alt=\"\" src=\"https:\/\/www.europesays.com\/fi\/wp-content\/uploads\/2025\/11\/13-1-72480931-1762788703267.jpeg\" class=\"aw-1l9m598 hKVVvP\"\/><\/p>\n","protected":false},"excerpt":{"rendered":"Tutkijan mukaan Euroopan pit\u00e4\u00e4 kuitenkin etsi\u00e4 omaa johtajuutta. Avaa kuvien katselu Tutkijan mielest\u00e4 Euroopan olisi kuitenkin hyv\u00e4 etsi\u00e4&hellip;\n","protected":false},"author":2,"featured_media":87077,"comment_status":"","ping_status":"","sticky":false,"template":"","format":"standard","meta":{"footnotes":""},"categories":[14],"tags":[8124,22,23,26,27,33,31,30,17,71,24,25,28,29,15,18,21,32,19,20,1303,56,16,547,987,2257,59,60,61],"class_list":{"0":"post-87076","1":"post","2":"type-post","3":"status-publish","4":"format-standard","5":"has-post-thumbnail","7":"category-ulkomaat","8":"tag-a-studio","9":"tag-breaking-news","10":"tag-breakingnews","11":"tag-featured-news","12":"tag-featurednews","13":"tag-fi","14":"tag-finland","15":"tag-finnish","16":"tag-headlines","17":"tag-kotimaa","18":"tag-latest-news","19":"tag-latestnews","20":"tag-main-news","21":"tag-mainnews","22":"tag-news","23":"tag-otsikot","24":"tag-paauutiset","25":"tag-suomi","26":"tag-top-stories","27":"tag-topstories","28":"tag-ukraina","29":"tag-ulkomaat","30":"tag-uutiset","31":"tag-venaja","32":"tag-venajan-hyokkays","33":"tag-vladimir-putin","34":"tag-world","35":"tag-world-news","36":"tag-worldnews"},"share_on_mastodon":{"url":"https:\/\/pubeurope.com\/@fi\/115530345096463715","error":""},"_links":{"self":[{"href":"https:\/\/www.europesays.com\/fi\/wp-json\/wp\/v2\/posts\/87076","targetHints":{"allow":["GET"]}}],"collection":[{"href":"https:\/\/www.europesays.com\/fi\/wp-json\/wp\/v2\/posts"}],"about":[{"href":"https:\/\/www.europesays.com\/fi\/wp-json\/wp\/v2\/types\/post"}],"author":[{"embeddable":true,"href":"https:\/\/www.europesays.com\/fi\/wp-json\/wp\/v2\/users\/2"}],"replies":[{"embeddable":true,"href":"https:\/\/www.europesays.com\/fi\/wp-json\/wp\/v2\/comments?post=87076"}],"version-history":[{"count":0,"href":"https:\/\/www.europesays.com\/fi\/wp-json\/wp\/v2\/posts\/87076\/revisions"}],"wp:featuredmedia":[{"embeddable":true,"href":"https:\/\/www.europesays.com\/fi\/wp-json\/wp\/v2\/media\/87077"}],"wp:attachment":[{"href":"https:\/\/www.europesays.com\/fi\/wp-json\/wp\/v2\/media?parent=87076"}],"wp:term":[{"taxonomy":"category","embeddable":true,"href":"https:\/\/www.europesays.com\/fi\/wp-json\/wp\/v2\/categories?post=87076"},{"taxonomy":"post_tag","embeddable":true,"href":"https:\/\/www.europesays.com\/fi\/wp-json\/wp\/v2\/tags?post=87076"}],"curies":[{"name":"wp","href":"https:\/\/api.w.org\/{rel}","templated":true}]}}