{"id":87078,"date":"2025-11-11T09:25:08","date_gmt":"2025-11-11T09:25:08","guid":{"rendered":"https:\/\/www.europesays.com\/fi\/87078\/"},"modified":"2025-11-11T09:25:08","modified_gmt":"2025-11-11T09:25:08","slug":"makelankadun-remontti-ensimmaiset-24-lehmusta-kaadettiin-aamuruuhka-sujui-yli-odotusten-hs-fi","status":"publish","type":"post","link":"https:\/\/www.europesays.com\/fi\/87078\/","title":{"rendered":"M\u00e4kel\u00e4nkadun remontti | Ensimm\u00e4iset 24 lehmusta kaadettiin, aamuruuhka sujui yli odotusten &#8211; HS.fi"},"content":{"rendered":"<ol>\n<li><a href=\"https:\/\/news.google.com\/rss\/articles\/CBMiXkFVX3lxTFA2SGRlSkotYVZlRVdidHdsRXZ5XzBBQzNSWTJMRGpfMjdiR0U4aHZEUmRHeGtWcDk3am9aakgyNFJnNUJYLWtvTU1BUlplVnN5R1hDN0k3X2xoT0pDcVE?oc=5\" target=\"_blank\" rel=\"nofollow noopener\">M\u00e4kel\u00e4nkadun remontti | Ensimm\u00e4iset 24 lehmusta kaadettiin, aamuruuhka sujui yli odotusten<\/a>&nbsp;&nbsp;HS.fi<\/li>\n<li><a href=\"https:\/\/news.google.com\/rss\/articles\/CBMiQkFVX3lxTE5iNzUzNTd2V0tlVEJNMXpSOUpzREpzQlR3dDlCTjV2OE1tSnl2alNubUVodHA4VTc1NVFIYmlCTUs0UQ?oc=5\" target=\"_blank\" rel=\"nofollow noopener\">Helsingin M\u00e4kel\u00e4nkadun lehmusten harvennus aiheuttaa melua \u00f6isinkin \u2013 j\u00e4ttiremontti haittaa nyt etenkin bussiliikennett\u00e4<\/a>&nbsp;&nbsp;Yle<\/li>\n<li><a href=\"https:\/\/news.google.com\/rss\/articles\/CBMiXkFVX3lxTFBYUEYxTjhQOUhYbFlvSGpqVU0tMENaRjRTR1MwYmhNdzV3U28yVVZ4Sy1WelpyRGI5UXdyT3pUSXpkVlp1VHpzX2VvNzA1OTY4VFlWRkFDZlAyLWhFTWc?oc=5\" target=\"_blank\" rel=\"nofollow noopener\">M\u00e4kel\u00e4nkadun remontti | Lehmusten kaataminen alkoi<\/a>&nbsp;&nbsp;HS.fi<\/li>\n<li><a href=\"https:\/\/news.google.com\/rss\/articles\/CBMiXkFVX3lxTFBILXlNUndUN1JjbnZlOWxHYkJxdWxtZGtnZ3BEanpnc1VCWHEzcms0R2pUcUZrT0R1ZWJFVXpUekp0RF9CNDhSYzNnVUttMEM1elNEaWh2OHNjVDZ4Ymc?oc=5\" target=\"_blank\" rel=\"nofollow noopener\">M\u00e4kel\u00e4nkadun remontti | Puunkaato ja puomittaminen saattavat ruuhkauttaa M\u00e4kel\u00e4nkadun tiistaina aamulla<\/a>&nbsp;&nbsp;HS.fi<\/li>\n<li><a href=\"https:\/\/news.google.com\/rss\/articles\/CBMiXkFVX3lxTE5TX0tFd3RQYzdaZkhlZElVTkxvSzJFTUZ0OFo5Nm9IbGlfSnBfM3YtZ2hhUkhsV1VmZDZkVWVEOXdYVk5DaDRzT3NfeVpsOUpxM25SVHBLN1k1OV9aNEE?oc=5\" target=\"_blank\" rel=\"nofollow noopener\">Helsinki | M\u00e4kel\u00e4nkadun peruskorjaus alkaa haitata el\u00e4m\u00e4\u00e4 maanantaista l\u00e4htien<\/a>&nbsp;&nbsp;HS.fi<\/li>\n<\/ol>\n","protected":false},"excerpt":{"rendered":"M\u00e4kel\u00e4nkadun remontti | Ensimm\u00e4iset 24 lehmusta kaadettiin, aamuruuhka sujui yli odotusten&nbsp;&nbsp;HS.fi Helsingin M\u00e4kel\u00e4nkadun lehmusten harvennus aiheuttaa melua \u00f6isinkin&hellip;\n","protected":false},"author":2,"featured_media":87079,"comment_status":"","ping_status":"","sticky":false,"template":"","format":"standard","meta":{"footnotes":""},"categories":[12],"tags":[22,23,26,27,33,31,30,17,46,24,25,28,29,15,18,21,32,19,20,16],"class_list":{"0":"post-87078","1":"post","2":"type-post","3":"status-publish","4":"format-standard","5":"has-post-thumbnail","7":"category-suomi","8":"tag-breaking-news","9":"tag-breakingnews","10":"tag-featured-news","11":"tag-featurednews","12":"tag-fi","13":"tag-finland","14":"tag-finnish","15":"tag-headlines","16":"tag-helsingin-sanomat","17":"tag-latest-news","18":"tag-latestnews","19":"tag-main-news","20":"tag-mainnews","21":"tag-news","22":"tag-otsikot","23":"tag-paauutiset","24":"tag-suomi","25":"tag-top-stories","26":"tag-topstories","27":"tag-uutiset"},"share_on_mastodon":{"url":"https:\/\/pubeurope.com\/@fi\/115530348838201105","error":""},"_links":{"self":[{"href":"https:\/\/www.europesays.com\/fi\/wp-json\/wp\/v2\/posts\/87078","targetHints":{"allow":["GET"]}}],"collection":[{"href":"https:\/\/www.europesays.com\/fi\/wp-json\/wp\/v2\/posts"}],"about":[{"href":"https:\/\/www.europesays.com\/fi\/wp-json\/wp\/v2\/types\/post"}],"author":[{"embeddable":true,"href":"https:\/\/www.europesays.com\/fi\/wp-json\/wp\/v2\/users\/2"}],"replies":[{"embeddable":true,"href":"https:\/\/www.europesays.com\/fi\/wp-json\/wp\/v2\/comments?post=87078"}],"version-history":[{"count":0,"href":"https:\/\/www.europesays.com\/fi\/wp-json\/wp\/v2\/posts\/87078\/revisions"}],"wp:featuredmedia":[{"embeddable":true,"href":"https:\/\/www.europesays.com\/fi\/wp-json\/wp\/v2\/media\/87079"}],"wp:attachment":[{"href":"https:\/\/www.europesays.com\/fi\/wp-json\/wp\/v2\/media?parent=87078"}],"wp:term":[{"taxonomy":"category","embeddable":true,"href":"https:\/\/www.europesays.com\/fi\/wp-json\/wp\/v2\/categories?post=87078"},{"taxonomy":"post_tag","embeddable":true,"href":"https:\/\/www.europesays.com\/fi\/wp-json\/wp\/v2\/tags?post=87078"}],"curies":[{"name":"wp","href":"https:\/\/api.w.org\/{rel}","templated":true}]}}