{"id":87080,"date":"2025-11-11T09:26:11","date_gmt":"2025-11-11T09:26:11","guid":{"rendered":"https:\/\/www.europesays.com\/fi\/87080\/"},"modified":"2025-11-11T09:26:11","modified_gmt":"2025-11-11T09:26:11","slug":"metsastaja-ampui-koiransa-kimpussa-olleen-suden-joensuussa","status":"publish","type":"post","link":"https:\/\/www.europesays.com\/fi\/87080\/","title":{"rendered":"Mets\u00e4st\u00e4j\u00e4 ampui koiransa kimpussa olleen suden Joensuussa"},"content":{"rendered":"<p>Koira loukkaantui vakavasti.<\/p>\n<p class=\"article-body mb-nof-24 px-nof-16\">Mets\u00e4st\u00e4j\u00e4 ampui mets\u00e4styskoiransa kimpussa olleen suden Joensuussa lauantaina.<\/p>\n<p class=\"article-body mb-nof-24 px-nof-16\">Poliisin mukaan mets\u00e4st\u00e4j\u00e4 kuuli outoa \u00e4\u00e4nt\u00e4 noustessaan rinnett\u00e4 yl\u00f6s Joensuun Itikkavaarassa. Mets\u00e4st\u00e4j\u00e4 havaitsi kumpareelle noustuaan kaksi sutta noin 30 metrin p\u00e4\u00e4ss\u00e4 edess\u00e4\u00e4n. Toinen susista oli miehen pohjanpystykorvan kimpussa.<\/p>\n<p class=\"article-body mb-nof-24 px-nof-16\">Mets\u00e4st\u00e4j\u00e4 yritti h\u00e4tist\u00e4\u00e4 susia huutamalla. Toinen susi juoksi pois, mutta toinen yritti l\u00e4hte\u00e4 koira suussaan, jolloin mets\u00e4st\u00e4j\u00e4 p\u00e4\u00e4tti ampua sutta kiv\u00e4\u00e4rill\u00e4.<\/p>\n<p class=\"article-body mb-nof-24 px-nof-16\">Susi kaatui laukauksesta, mutta koira oli yh\u00e4 suden hampaissa. Mets\u00e4st\u00e4j\u00e4 ampui sutta viel\u00e4 kaksi kertaa.<\/p>\n<p class=\"article-body mb-nof-24 px-nof-16\">Tapahtumien j\u00e4lkeen mets\u00e4st\u00e4j\u00e4 soitti h\u00e4t\u00e4keskukseen ja vei koiran el\u00e4inl\u00e4\u00e4k\u00e4riin. Koira loukkaantui vakavasti.<\/p>\n<p class=\"article-body mb-nof-24 px-nof-16\">Poliisi tutkii asiaa t\u00f6rke\u00e4n\u00e4 mets\u00e4stysrikoksena. Esitutkinnan j\u00e4lkeen tapaus siirtyy syytt\u00e4j\u00e4lle syyteharkintaan.<\/p>\n","protected":false},"excerpt":{"rendered":"Koira loukkaantui vakavasti. Mets\u00e4st\u00e4j\u00e4 ampui mets\u00e4styskoiransa kimpussa olleen suden Joensuussa lauantaina. Poliisin mukaan mets\u00e4st\u00e4j\u00e4 kuuli outoa \u00e4\u00e4nt\u00e4 noustessaan&hellip;\n","protected":false},"author":2,"featured_media":87081,"comment_status":"","ping_status":"","sticky":false,"template":"","format":"standard","meta":{"footnotes":""},"categories":[5],"tags":[22,23,26,27,33,31,30,17,34,24,25,28,29,15,18,21,32,19,20,16],"class_list":{"0":"post-87080","1":"post","2":"type-post","3":"status-publish","4":"format-standard","5":"has-post-thumbnail","7":"category-otsikot","8":"tag-breaking-news","9":"tag-breakingnews","10":"tag-featured-news","11":"tag-featurednews","12":"tag-fi","13":"tag-finland","14":"tag-finnish","15":"tag-headlines","16":"tag-ilta-sanomat","17":"tag-latest-news","18":"tag-latestnews","19":"tag-main-news","20":"tag-mainnews","21":"tag-news","22":"tag-otsikot","23":"tag-paauutiset","24":"tag-suomi","25":"tag-top-stories","26":"tag-topstories","27":"tag-uutiset"},"share_on_mastodon":{"url":"https:\/\/pubeurope.com\/@fi\/115530352834060213","error":""},"_links":{"self":[{"href":"https:\/\/www.europesays.com\/fi\/wp-json\/wp\/v2\/posts\/87080","targetHints":{"allow":["GET"]}}],"collection":[{"href":"https:\/\/www.europesays.com\/fi\/wp-json\/wp\/v2\/posts"}],"about":[{"href":"https:\/\/www.europesays.com\/fi\/wp-json\/wp\/v2\/types\/post"}],"author":[{"embeddable":true,"href":"https:\/\/www.europesays.com\/fi\/wp-json\/wp\/v2\/users\/2"}],"replies":[{"embeddable":true,"href":"https:\/\/www.europesays.com\/fi\/wp-json\/wp\/v2\/comments?post=87080"}],"version-history":[{"count":0,"href":"https:\/\/www.europesays.com\/fi\/wp-json\/wp\/v2\/posts\/87080\/revisions"}],"wp:featuredmedia":[{"embeddable":true,"href":"https:\/\/www.europesays.com\/fi\/wp-json\/wp\/v2\/media\/87081"}],"wp:attachment":[{"href":"https:\/\/www.europesays.com\/fi\/wp-json\/wp\/v2\/media?parent=87080"}],"wp:term":[{"taxonomy":"category","embeddable":true,"href":"https:\/\/www.europesays.com\/fi\/wp-json\/wp\/v2\/categories?post=87080"},{"taxonomy":"post_tag","embeddable":true,"href":"https:\/\/www.europesays.com\/fi\/wp-json\/wp\/v2\/tags?post=87080"}],"curies":[{"name":"wp","href":"https:\/\/api.w.org\/{rel}","templated":true}]}}