{"id":87082,"date":"2025-11-11T09:27:08","date_gmt":"2025-11-11T09:27:08","guid":{"rendered":"https:\/\/www.europesays.com\/fi\/87082\/"},"modified":"2025-11-11T09:27:08","modified_gmt":"2025-11-11T09:27:08","slug":"luonnosta-jarripeipot-pimensivat-taivaan-kuin-heinasirkkaparvi-yhta-asiaa-ihmettelin-paikalliset","status":"publish","type":"post","link":"https:\/\/www.europesays.com\/fi\/87082\/","title":{"rendered":"Luonnosta | J\u00e4rripeipot pimensiv\u00e4t taivaan kuin hein\u00e4sirkkaparvi \u2013 Yht\u00e4 asiaa ihmettelin | Paikalliset"},"content":{"rendered":"<p>Taivas pimeni ja n\u00e4ytti silt\u00e4, ett\u00e4 hein\u00e4sirkat peitt\u00e4v\u00e4t maan kuin Egyptiss\u00e4 konsanaan. Ajoin tien sivuun ja huokaisin helpotuksesta. Auton editse pyr\u00e4ht\u00e4nyt parvi ei koostunut sirkoista, sato ei ollut vaarassa, eik\u00e4 muitakaan vitsauksia ollut n\u00e4k\u00f6piiriss\u00e4.<\/p>\n<p><strong class=\"diks-storyline__impact\">Tuhatkunta<\/strong> j\u00e4rripeippoa laskeutui pellolle, jossa otaksuin t\u00f6rr\u00f6tt\u00e4v\u00e4n korjuuta odottavaa \u00f6ljyhamppua tai vastaavaa.<\/p>\n<p>Hetken popsittuaan siemeni\u00e4 parvi sai yhteishepulin ja pelmahti yl\u00f6s kiert\u00e4\u00e4kseen pellon pariin kertaan ennen paluutaan hampuille.<\/p>\n<p><strong class=\"diks-storyline__impact\">Pohjoisessa <\/strong>Suomessa pesiv\u00e4lle peipon oranssille serkulle on tyypillist\u00e4 ker\u00e4\u00e4nty\u00e4 syysmuuton aikana n\u00e4ytt\u00e4viin parviin. R\u00e4psin t\u00e4st\u00e4 parvesta muutamia kuvia ja niit\u00e4 kotona katsoessani ihmettelin yht\u00e4 asiaa.<\/p>\n<p>N\u00e4kemiini peippoparviin on aina ujuttautunut jokunen j\u00e4rripeippo, mutta t\u00e4st\u00e4 j\u00e4rrijengist\u00e4 en suurennuslasillakaan l\u00f6yt\u00e4nyt yhden yht\u00e4 peippoa.<\/p>\n<p class=\"diks-storyline__additional-information\">Kirjoittaja tarkkailee lintuja ja luontoa, joskus pilke silm\u00e4kulmassa.<\/p>\n","protected":false},"excerpt":{"rendered":"Taivas pimeni ja n\u00e4ytti silt\u00e4, ett\u00e4 hein\u00e4sirkat peitt\u00e4v\u00e4t maan kuin Egyptiss\u00e4 konsanaan. Ajoin tien sivuun ja huokaisin helpotuksesta.&hellip;\n","protected":false},"author":2,"featured_media":87083,"comment_status":"","ping_status":"","sticky":false,"template":"","format":"standard","meta":{"footnotes":""},"categories":[117],"tags":[404,2110,33,31,30,72,476,118,32,119,477,534],"class_list":{"0":"post-87082","1":"post","2":"type-post","3":"status-publish","4":"format-standard","5":"has-post-thumbnail","7":"category-luonto","8":"tag-elaimet","9":"tag-elamantapa-ja-vapaa-aika","10":"tag-fi","11":"tag-finland","12":"tag-finnish","13":"tag-luonto","14":"tag-nature","15":"tag-science","16":"tag-suomi","17":"tag-tiede","18":"tag-wildlife","19":"tag-ymparisto-ja-luonto"},"share_on_mastodon":{"url":"https:\/\/pubeurope.com\/@fi\/115530356699890162","error":""},"_links":{"self":[{"href":"https:\/\/www.europesays.com\/fi\/wp-json\/wp\/v2\/posts\/87082","targetHints":{"allow":["GET"]}}],"collection":[{"href":"https:\/\/www.europesays.com\/fi\/wp-json\/wp\/v2\/posts"}],"about":[{"href":"https:\/\/www.europesays.com\/fi\/wp-json\/wp\/v2\/types\/post"}],"author":[{"embeddable":true,"href":"https:\/\/www.europesays.com\/fi\/wp-json\/wp\/v2\/users\/2"}],"replies":[{"embeddable":true,"href":"https:\/\/www.europesays.com\/fi\/wp-json\/wp\/v2\/comments?post=87082"}],"version-history":[{"count":0,"href":"https:\/\/www.europesays.com\/fi\/wp-json\/wp\/v2\/posts\/87082\/revisions"}],"wp:featuredmedia":[{"embeddable":true,"href":"https:\/\/www.europesays.com\/fi\/wp-json\/wp\/v2\/media\/87083"}],"wp:attachment":[{"href":"https:\/\/www.europesays.com\/fi\/wp-json\/wp\/v2\/media?parent=87082"}],"wp:term":[{"taxonomy":"category","embeddable":true,"href":"https:\/\/www.europesays.com\/fi\/wp-json\/wp\/v2\/categories?post=87082"},{"taxonomy":"post_tag","embeddable":true,"href":"https:\/\/www.europesays.com\/fi\/wp-json\/wp\/v2\/tags?post=87082"}],"curies":[{"name":"wp","href":"https:\/\/api.w.org\/{rel}","templated":true}]}}