{"id":87084,"date":"2025-11-11T09:38:08","date_gmt":"2025-11-11T09:38:08","guid":{"rendered":"https:\/\/www.europesays.com\/fi\/87084\/"},"modified":"2025-11-11T09:38:08","modified_gmt":"2025-11-11T09:38:08","slug":"pilvi-hamalainen-muistelee-kuollutta-ystavaansa-mukana-hyytava-video-vainajasta","status":"publish","type":"post","link":"https:\/\/www.europesays.com\/fi\/87084\/","title":{"rendered":"Pilvi H\u00e4m\u00e4l\u00e4inen muistelee kuollutta yst\u00e4v\u00e4\u00e4ns\u00e4 \u2013 mukana hyyt\u00e4v\u00e4 video vainajasta"},"content":{"rendered":"<p>N\u00e4yttelij\u00e4 <strong>Pilvi H\u00e4m\u00e4l\u00e4inen<\/strong> on viett\u00e4nyt viime vuosina paljon aikaa ulkomailla. H\u00e4nen sometarinoidensa perusteella h\u00e4n vietti paljon aikaa my\u00f6s syyskuussa kuolleen n\u00e4yttelij\u00e4 <strong>Tomi Alatalon<\/strong> kanssa. H\u00e4m\u00e4l\u00e4inen on julkaissut yst\u00e4v\u00e4st\u00e4\u00e4n paljon kuvia ja videoita.<\/p>\n<p>Lue my\u00f6s: <a href=\"https:\/\/www.como.fi\/uutiset\/pilvi-hamalainen-mokasi-soititsa-omasta-puhelimesta\/\" title=\"Pilvi H\u00e4m\u00e4l\u00e4inen mokasi: \u201dSoitits\u00e4 omasta puhelimesta\u201d\" class=\"underline-custom !font-montserrat !font-bold !underline-offset-4 !decoration-4 !decoration-red-600 !text-md\" rel=\"nofollow noopener\" target=\"_blank\">Pilvi H\u00e4m\u00e4l\u00e4inen mokasi: \u201dSoitits\u00e4 omasta puhelimesta\u201d<\/a><\/p>\n<p>\u2013 Eilen hyv\u00e4steltiin niin t\u00e4rke\u00e4 ja rakas ihminen. Kiitos kaikesta rakas yst\u00e4v\u00e4ni Tomi, alusti H\u00e4m\u00e4l\u00e4inen aihetta ennen kuin julkaisi tarinaosioonsa suuren m\u00e4\u00e4r\u00e4n muistoja Alatalosta.<\/p>\n<p>H\u00e4m\u00e4l\u00e4inen on asunut pitk\u00e4\u00e4n asuntoautossa. Muutama muisto Alatalosta liittyy siell\u00e4 vietettyyn aikaan. Kaksikolla tuntuu olleen yhdess\u00e4 monta mukavaa ja hauskaa hetke\u00e4. Heill\u00e4 vaikutti olleen todella l\u00e4heiset v\u00e4lit.<\/p>\n<p>Yksi H\u00e4m\u00e4l\u00e4isen julkaisemista videoista sis\u00e4lt\u00e4\u00e4 hyyt\u00e4v\u00e4n hetken<\/p>\n<p>H\u00e4m\u00e4l\u00e4inen julkaisi kuvan vuonna 2013 tekem\u00e4st\u00e4\u00e4n julkaisusta. H\u00e4n kertoi siin\u00e4, kuinka Alatalon hiukset oli pit\u00e4nyt leikata lyhyemm\u00e4ksi.<\/p>\n<p>Lue my\u00f6s: <a href=\"https:\/\/www.como.fi\/uutiset\/tuttu-tv-ja-leffakasvo-tomi-alatalo-44-on-kuollut\/\" title=\"Tuttu tv- ja leffakasvo Tomi Alatalo, 44, on kuollut\" class=\"underline-custom !font-montserrat !font-bold !underline-offset-4 !decoration-4 !decoration-red-600 !text-md\" rel=\"nofollow noopener\" target=\"_blank\">Tuttu tv- ja leffakasvo Tomi Alatalo, 44, on kuollut<\/a><\/p>\n<p>\u2013 Artisti Alatalo tutkailee mystisell\u00e4 otteella mennytt\u00e4 el\u00e4m\u00e4\u00e4ns\u00e4. Mennyt el\u00e4m\u00e4 konkretisoituu h\u00e4nen kehostaan amputoituina hiuksina, jotka symbolisesti muotoiltu maapallon muotokielt\u00e4 vastaavaksi. Eli Tomi alko n\u00e4ytt\u00e4\u00e4 ihan hipilt\u00e4, nii piti saksia silt\u00e4 luulot pois, kirjoitti H\u00e4m\u00e4l\u00e4inen tasan 12 vuotta sitten.<\/p>\n<p>H\u00e4m\u00e4l\u00e4inen on julkaissut my\u00f6s videon, jossa Alatalo mainitsee hyyt\u00e4v\u00e4ll\u00e4 tavalla haudan.<\/p>\n<p>\u2013 Morjesta, m\u00e4 oon t\u00e4\u00e4ll\u00e4 Hailuodossa. M\u00e4 en p\u00e4\u00e4se mihink\u00e4\u00e4n muualle kuin t\u00e4nne. T\u00e4\u00e4ll\u00e4 on kyll\u00e4 aika kivaa. M\u00e4 meen nyt saunomaan. Hirvee viikon mittainen univaje, mutta kyll\u00e4 t\u00e4m\u00e4 t\u00e4st\u00e4. Ottaa pari kaljaa, saunaa ja nukutaan haudassa, kertoo Alatalo videon lopussa hyyt\u00e4v\u00e4ll\u00e4 tavalla.<\/p>\n<p>H\u00e4m\u00e4l\u00e4inen on lis\u00e4nnyt videon p\u00e4\u00e4lle syd\u00e4men. <\/p>\n<p>Alatalo kuoli 21. syyskuuta \u00e4killiseen sairauskohtaukseen. H\u00e4n oli kuollessaan 44-vuotias.<\/p>\n<p>Lue my\u00f6s: <a href=\"https:\/\/www.como.fi\/tilaa-comon-uutiskirje\/\" title=\"Tilaa Comon uutiskirje ja tied\u00e4t mist\u00e4 kahvitauolla puhutaan! Nappaa kotimaan tv-vinkit ja puheenaiheet suoraan s\u00e4hk\u00f6postiin t\u00e4st\u00e4.\" class=\"underline-custom !font-montserrat !font-bold !underline-offset-4 !decoration-4 !decoration-red-600 !text-md\" rel=\"nofollow noopener\" target=\"_blank\">Tilaa Comon uutiskirje ja tied\u00e4t mist\u00e4 kahvitauolla puhutaan! Nappaa kotimaan tv-vinkit ja puheenaiheet suoraan s\u00e4hk\u00f6postiin t\u00e4st\u00e4.<\/a><\/p>\n","protected":false},"excerpt":{"rendered":"N\u00e4yttelij\u00e4 Pilvi H\u00e4m\u00e4l\u00e4inen on viett\u00e4nyt viime vuosina paljon aikaa ulkomailla. H\u00e4nen sometarinoidensa perusteella h\u00e4n vietti paljon aikaa my\u00f6s&hellip;\n","protected":false},"author":2,"featured_media":87085,"comment_status":"","ping_status":"","sticky":false,"template":"","format":"standard","meta":{"footnotes":""},"categories":[136],"tags":[407,137,33,31,30,408,17700,32,109],"class_list":{"0":"post-87084","1":"post","2":"type-post","3":"status-publish","4":"format-standard","5":"has-post-thumbnail","7":"category-julkkikset","8":"tag-celebrities","9":"tag-entertainment","10":"tag-fi","11":"tag-finland","12":"tag-finnish","13":"tag-julkkikset","14":"tag-pilvi-hu00e4mu00e4lu00e4inen","15":"tag-suomi","16":"tag-viihde"},"share_on_mastodon":{"url":"https:\/\/pubeurope.com\/@fi\/115530399924079748","error":""},"_links":{"self":[{"href":"https:\/\/www.europesays.com\/fi\/wp-json\/wp\/v2\/posts\/87084","targetHints":{"allow":["GET"]}}],"collection":[{"href":"https:\/\/www.europesays.com\/fi\/wp-json\/wp\/v2\/posts"}],"about":[{"href":"https:\/\/www.europesays.com\/fi\/wp-json\/wp\/v2\/types\/post"}],"author":[{"embeddable":true,"href":"https:\/\/www.europesays.com\/fi\/wp-json\/wp\/v2\/users\/2"}],"replies":[{"embeddable":true,"href":"https:\/\/www.europesays.com\/fi\/wp-json\/wp\/v2\/comments?post=87084"}],"version-history":[{"count":0,"href":"https:\/\/www.europesays.com\/fi\/wp-json\/wp\/v2\/posts\/87084\/revisions"}],"wp:featuredmedia":[{"embeddable":true,"href":"https:\/\/www.europesays.com\/fi\/wp-json\/wp\/v2\/media\/87085"}],"wp:attachment":[{"href":"https:\/\/www.europesays.com\/fi\/wp-json\/wp\/v2\/media?parent=87084"}],"wp:term":[{"taxonomy":"category","embeddable":true,"href":"https:\/\/www.europesays.com\/fi\/wp-json\/wp\/v2\/categories?post=87084"},{"taxonomy":"post_tag","embeddable":true,"href":"https:\/\/www.europesays.com\/fi\/wp-json\/wp\/v2\/tags?post=87084"}],"curies":[{"name":"wp","href":"https:\/\/api.w.org\/{rel}","templated":true}]}}