{"id":87086,"date":"2025-11-11T09:41:09","date_gmt":"2025-11-11T09:41:09","guid":{"rendered":"https:\/\/www.europesays.com\/fi\/87086\/"},"modified":"2025-11-11T09:41:09","modified_gmt":"2025-11-11T09:41:09","slug":"joulukalenteriaanestys-on-taalla-taas-katso-ehdokkaat-ja-aanesta-ohjelmasuosikkisi-areenaan-elava-arkisto","status":"publish","type":"post","link":"https:\/\/www.europesays.com\/fi\/87086\/","title":{"rendered":"Joulukalenteri\u00e4\u00e4nestys on t\u00e4\u00e4ll\u00e4 taas \u2013 katso ehdokkaat ja \u00e4\u00e4nest\u00e4 ohjelmasuosikkisi Areenaan | El\u00e4v\u00e4 arkisto"},"content":{"rendered":"<p class=\"aw-1gybjub aw-5vja16 kEtdKx kmuxyA yle__article__paragraph\">\u00c4\u00e4nest\u00e4 suosikkisarjasi katsottavaksi Yle Areenaan.<\/p>\n<p class=\"aw-1gybjub aw-1p7kakr kEtdKx cEmitX yle__article__paragraph\">Mink\u00e4 joulukalenterisarjan haluaisit katsoa? \u00c4\u00e4nestys alkaa 10.11. ja p\u00e4\u00e4ttyy 17.11. kello 12. \u00c4\u00e4nest\u00e4\u00e4 voit, kun olet kirjautunut <a class=\"aw-iao6s4 iHOxEa yle__article__link\" href=\"https:\/\/yle.fi\/aihe\/yle-tunnus\" role=\"link\" rel=\"nofollow noopener\" target=\"_blank\">Yle Tunnuksella<\/a>.<\/p>\n<p class=\"aw-1gybjub aw-1p7kakr kEtdKx cEmitX yle__article__paragraph\">Eniten \u00e4\u00e4ni\u00e4 ker\u00e4nnyt sarja julkaistaan Areenaan maanantaina 24.11.2025.<\/p>\n<p class=\"aw-1gybjub aw-1p7kakr kEtdKx cEmitX yle__article__paragraph\">\u00c4\u00e4nestyksen alla voit tutustua viiteen ehdokkaaseen.<\/p>\n<p>Porokuiskaajan arvoitus<\/p>\n<p class=\"aw-1gybjub aw-1p7kakr kEtdKx cEmitX yle__article__paragraph\">Lastenkirjailija <strong class=\"aw-ak79eh KyCXm yle__article__strong\">Timo Parvelan<\/strong> k\u00e4sikirjoitukseen perustuva jouluseikkailu kertoo tonttu Pirpanan, keksij\u00e4tonttu Sherlokkisen, ankaran Ylitontun ja hyv\u00e4syd\u00e4misen joulukoristeiden tekij\u00e4n, V\u00e4in\u00f6n seikkailuista.<\/p>\n<p class=\"aw-1gybjub aw-1p7kakr kEtdKx cEmitX yle__article__paragraph\">Pirpana l\u00e4htee Korvatunturilta selvitt\u00e4m\u00e4\u00e4n kadulta l\u00f6ytyneen koiran tapausta. Mutta kuka on porokuiskaaja ja mik\u00e4 on salaper\u00e4inen medaljonki?<\/p>\n<p class=\"aw-1gybjub aw-1p7kakr kEtdKx cEmitX yle__article__paragraph\">Porokuiskaajan arvoitus on t\u00e4ynn\u00e4 komediaa, fantasiaa, upeita lavasteita ja tietenkin poroja.<\/p>\n<p><img decoding=\"async\" alt=\"Kaksi tonttua h\u00e4mm\u00e4stelee pient\u00e4 lahjapakettia. Tonttujen takana istuu Joulupukki.\" src=\"https:\/\/www.europesays.com\/fi\/wp-content\/uploads\/2025\/11\/39-1549752690c876ea719d.jpeg\" loading=\"lazy\" class=\"aw-1l9m598 hKVVvP\"\/><\/p>\n<p>Avaa kuvien katselu<\/p>\n<p>Rooleissa n\u00e4hd\u00e4\u00e4n muun muassa Kreeta Salminen, Ville Majamaa, Pirkka-Pekka Petelius ja Vesa Vierikko. Sarjan on k\u00e4sikirjoittanut Timo Parvela ja ohjannut Johanna Smith. 2014. Kuva: YleHuiman hyv\u00e4 joulu<\/p>\n<p class=\"aw-1gybjub aw-1p7kakr kEtdKx cEmitX yle__article__paragraph\">Pasipekka on keksij\u00e4tonttu, jonka teht\u00e4v\u00e4n\u00e4 on keksi\u00e4 joulun hittilahja. Pasipekalle tuottaa hankaluuksia l\u00f6yt\u00e4\u00e4 keksiminen ja painetta lis\u00e4\u00e4 niskaan hengitt\u00e4v\u00e4 Pomo.<\/p>\n<p class=\"aw-1gybjub aw-1p7kakr kEtdKx cEmitX yle__article__paragraph\">Pasipekan tuskaillessa yst\u00e4vykset Kaino Juhana, Huima Hurja ja Serkku Shh p\u00e4\u00e4tt\u00e4v\u00e4t ottaa selv\u00e4\u00e4 Joulupukin salaisesta kirjasta. Kirjan etsint\u00e4 muuttuu seikkailuksi, jossa joudutaan pohtimaan, mik\u00e4 on oikein ja mik\u00e4 v\u00e4\u00e4rin.<\/p>\n<p><img decoding=\"async\" alt=\"Huiman hyv\u00e4 joulu -lastenohjelman hahmot lumisessa mets\u00e4ss\u00e4. Hahmot katsovat kameraan.\" src=\"https:\/\/www.europesays.com\/fi\/wp-content\/uploads\/2025\/11\/39-1023009635107b050ac3.jpeg\" loading=\"lazy\" class=\"aw-1l9m598 hKVVvP\"\/><\/p>\n<p>Avaa kuvien katselu<\/p>\n<p>Rooleissa n\u00e4hd\u00e4\u00e4n muun muassa Pertti Koivula, Hannes Mikkelsson, Hanna Raiskinm\u00e4ki, Emilia Sinisalo, Erkki Teittinen, Minna Kivel\u00e4, Jarmo Lampela, Hanna Gibson ja Eero Pekkonen. Tarinan on k\u00e4sikirjoittanut Kati Kaartinen ja ohjannut Olli Mononen. 2017. Kuva: Jorma Lehti \/ YleJoulupukin aikapaja<\/p>\n<p class=\"aw-1gybjub aw-1p7kakr kEtdKx cEmitX yle__article__paragraph\">Tonttu L\u00f6yt\u00f6nen saa vastuullisen viran Korvatunturin Aikapajasta. L\u00f6yt\u00f6sen teht\u00e4v\u00e4n\u00e4 on avata kalenteriluukut oikeina p\u00e4ivin\u00e4 sek\u00e4 huolehtia jouluvalmistelujen ja joulupukin aikatauluista. Teht\u00e4v\u00e4 ei ole helppo, sill\u00e4 L\u00f6yt\u00f6nen on tottunut viett\u00e4m\u00e4\u00e4n huoletonta el\u00e4m\u00e4\u00e4.<\/p>\n<p class=\"aw-1gybjub aw-1p7kakr kEtdKx cEmitX yle__article__paragraph\">Ty\u00f6ntekoa hankaloittavat my\u00f6s h\u00f6ps\u00f6 K\u00e4ki ja kateellinen Viisari sek\u00e4 mahdottomalta tuntuva lahjatoive.<\/p>\n<p><img decoding=\"async\" alt=\"Joulupukin Aikapaja, tv-joulukalenteri 2009.\" src=\"https:\/\/www.europesays.com\/fi\/wp-content\/uploads\/2025\/11\/39-6099735dc57d01d3264.jpeg\" loading=\"lazy\" class=\"aw-1l9m598 hKVVvP\"\/><\/p>\n<p>Avaa kuvien katselu<\/p>\n<p>Rooleissa n\u00e4h\u00e4\u00e4n muun muassa Markus Petsalo, Jani Koskinen, Aimo R\u00e4s\u00e4nen ja Markku S\u00f6derstr\u00f6m. Sarjan on k\u00e4sikirjoittanut Mervi Pynn\u00f6nen ja ohjannut Jyrki Laaksonen. Yle Lastenohjelmat (2009) Kuva: Merja Hannikainen \/ YleRille Ripakodan neuvontatoimisto<\/p>\n<p class=\"aw-1gybjub aw-1p7kakr kEtdKx cEmitX yle__article__paragraph\">Tonttu Rille Ripakota py\u00f6ritt\u00e4\u00e4 jouluosaamista tarjoavaa Neuvontatoimistoa. Rillell\u00e4 on t\u00f6it\u00e4 enemm\u00e4n kuin partaa \u2013 apua on siis saatava. Kun toimiston ovelle ilmestyy Noksu Norop\u00e4\u00e4, orava ja apulainen, Neuvontatoimistossa alkaa tapahtua.<\/p>\n<p class=\"aw-1gybjub aw-1p7kakr kEtdKx cEmitX yle__article__paragraph\">Yhteinen matka on yll\u00e4tyksi\u00e4 ja v\u00e4\u00e4rink\u00e4sityksi\u00e4 t\u00e4ynn\u00e4.<\/p>\n<p><img decoding=\"async\" alt=\"Rille Ripakodan neuvontatoimisto, tv-joulukalenteri (2005)\" src=\"https:\/\/www.europesays.com\/fi\/wp-content\/uploads\/2025\/11\/39-6099645dc57c818a2f1.jpeg\" loading=\"lazy\" class=\"aw-1l9m598 hKVVvP\"\/><\/p>\n<p>Avaa kuvien katselu<\/p>\n<p>Rooleissa n\u00e4hd\u00e4\u00e4n muun muassa Anna Pitk\u00e4m\u00e4ki ja Jarkko Tiainen. Sarjan on k\u00e4sikirjoittanut Mari M\u00f6r\u00f6 ja ohjannut Anu Tuomi-Nikula. 2005. Kuva: Harri HinkkaNeposen joulukalenteri<\/p>\n<p class=\"aw-1gybjub aw-1p7kakr kEtdKx cEmitX yle__article__paragraph\">J\u00e4n\u00f6 Neponen l\u00f6yt\u00e4\u00e4 mets\u00e4st\u00e4 aarteen. Kylm\u00e4 ja pime\u00e4 mets\u00e4 alkaa v\u00e4risytt\u00e4\u00e4 Neposta, mutta onneksi Susimets\u00e4n myllytonttu pelastaa Neposen kotiinsa.<\/p>\n<p class=\"aw-1gybjub aw-1p7kakr kEtdKx cEmitX yle__article__paragraph\">Tonttu ja j\u00e4n\u00f6 yst\u00e4vystyv\u00e4t ja aloittavat jouluvalmistelut sek\u00e4 yritt\u00e4v\u00e4t ratkaista mets\u00e4st\u00e4 l\u00f6ytyneen aarteen arvoituksen. Voi rattaanpy\u00f6r\u00e4, mik\u00e4 se on?<\/p>\n<p><img decoding=\"async\" alt=\"Tonttu pit\u00e4\u00e4 k\u00e4siss\u00e4\u00e4n maapallon n\u00e4k\u00f6ist\u00e4 esinett\u00e4. Tontun vieress\u00e4 on j\u00e4nis Neponen. Heid\u00e4n edess\u00e4\u00e4n palaa kynttil\u00f6it\u00e4.\" src=\"https:\/\/www.europesays.com\/fi\/wp-content\/uploads\/2025\/11\/39-15510916911a0b0168fe.jpeg\" loading=\"lazy\" class=\"aw-1l9m598 hKVVvP\"\/><\/p>\n<p>Avaa kuvien katselu<\/p>\n<p>Rooleissa n\u00e4hd\u00e4\u00e4n muun muassa Anu Tuomi-Nikula ja Ilkka Heiskanen. Sarjan on k\u00e4sikirjoittanut Anu Tuomi-Nikula ja ohjannut Olli L\u00f6yt\u00f6nen. Yle Lastenohjelmat (2002) Kuva: Harri Hinkka \/ YleJoulukalentereita televisiossa vuodesta 1962 alkaen<\/p>\n<p class=\"aw-1gybjub aw-1p7kakr kEtdKx cEmitX yle__article__paragraph\">Ensimm\u00e4inen Ylen joulukalenterisarja esitettiin televisiossa vuonna 1962. <a class=\"aw-iao6s4 iHOxEa yle__article__link\" href=\"https:\/\/yle.fi\/aihe\/a\/20-110175\" role=\"link\" rel=\"nofollow noopener\" target=\"_blank\">Tonttutyt\u00f6n joulukalenterin<\/a> lyhyet kalenterikurkistukset toteutettiin klassisesti: studioon rakennettiin linna, jonka luukkuja kuvaruutuun hiippaileva tonttutytt\u00f6 p\u00e4ivitt\u00e4in avasi.<\/p>\n<p class=\"aw-1gybjub aw-1p7kakr kEtdKx cEmitX yle__article__paragraph\">Seuraavana vuonna esitettiin k\u00e4sikirjoitettu joulukalenterisarja <a class=\"aw-iao6s4 iHOxEa yle__article__link\" href=\"https:\/\/yle.fi\/aihe\/a\/20-87320\" role=\"link\" rel=\"nofollow noopener\" target=\"_blank\">T\u00e4hyst\u00e4j\u00e4tonttu<\/a>.<\/p>\n<p class=\"aw-1gybjub aw-1p7kakr kEtdKx cEmitX yle__article__paragraph\">El\u00e4v\u00e4n arkiston <a class=\"aw-iao6s4 iHOxEa yle__article__link\" href=\"https:\/\/yle.fi\/aihe\/a\/20-141451\" role=\"link\" rel=\"nofollow noopener\" target=\"_blank\">koosteartikkelissa<\/a> voit tutustua menneiden vuosien joulukalentereihin.<\/p>\n","protected":false},"excerpt":{"rendered":"\u00c4\u00e4nest\u00e4 suosikkisarjasi katsottavaksi Yle Areenaan. Mink\u00e4 joulukalenterisarjan haluaisit katsoa? \u00c4\u00e4nestys alkaa 10.11. ja p\u00e4\u00e4ttyy 17.11. kello 12. \u00c4\u00e4nest\u00e4\u00e4&hellip;\n","protected":false},"author":2,"featured_media":87087,"comment_status":"","ping_status":"","sticky":false,"template":"","format":"standard","meta":{"footnotes":""},"categories":[133],"tags":[137,33,31,30,5856,17701,108,2164,32,206,156,109,913,2462],"class_list":{"0":"post-87086","1":"post","2":"type-post","3":"status-publish","4":"format-standard","5":"has-post-thumbnail","7":"category-televisiot","8":"tag-entertainment","9":"tag-fi","10":"tag-finland","11":"tag-finnish","12":"tag-joulu","13":"tag-joulukalenteri-tv","14":"tag-kulttuuri","15":"tag-lastenohjelmat","16":"tag-suomi","17":"tag-televisiot","18":"tag-tv","19":"tag-viihde","20":"tag-yle-areena","21":"tag-yle-elava-arkisto"},"share_on_mastodon":{"url":"https:\/\/pubeurope.com\/@fi\/115530412064780893","error":""},"_links":{"self":[{"href":"https:\/\/www.europesays.com\/fi\/wp-json\/wp\/v2\/posts\/87086","targetHints":{"allow":["GET"]}}],"collection":[{"href":"https:\/\/www.europesays.com\/fi\/wp-json\/wp\/v2\/posts"}],"about":[{"href":"https:\/\/www.europesays.com\/fi\/wp-json\/wp\/v2\/types\/post"}],"author":[{"embeddable":true,"href":"https:\/\/www.europesays.com\/fi\/wp-json\/wp\/v2\/users\/2"}],"replies":[{"embeddable":true,"href":"https:\/\/www.europesays.com\/fi\/wp-json\/wp\/v2\/comments?post=87086"}],"version-history":[{"count":0,"href":"https:\/\/www.europesays.com\/fi\/wp-json\/wp\/v2\/posts\/87086\/revisions"}],"wp:featuredmedia":[{"embeddable":true,"href":"https:\/\/www.europesays.com\/fi\/wp-json\/wp\/v2\/media\/87087"}],"wp:attachment":[{"href":"https:\/\/www.europesays.com\/fi\/wp-json\/wp\/v2\/media?parent=87086"}],"wp:term":[{"taxonomy":"category","embeddable":true,"href":"https:\/\/www.europesays.com\/fi\/wp-json\/wp\/v2\/categories?post=87086"},{"taxonomy":"post_tag","embeddable":true,"href":"https:\/\/www.europesays.com\/fi\/wp-json\/wp\/v2\/tags?post=87086"}],"curies":[{"name":"wp","href":"https:\/\/api.w.org\/{rel}","templated":true}]}}