{"id":87088,"date":"2025-11-11T09:42:09","date_gmt":"2025-11-11T09:42:09","guid":{"rendered":"https:\/\/www.europesays.com\/fi\/87088\/"},"modified":"2025-11-11T09:42:09","modified_gmt":"2025-11-11T09:42:09","slug":"blind-channelista-lahtenyt-joel-hokka-pisti-uuden-bandin-pystyyn-yllattavien-nimien-kanssa-ensisingle-julki","status":"publish","type":"post","link":"https:\/\/www.europesays.com\/fi\/87088\/","title":{"rendered":"Blind Channelista l\u00e4htenyt Joel Hokka pisti uuden b\u00e4ndin pystyyn yll\u00e4tt\u00e4vien nimien kanssa &#8211; ensisingle julki"},"content":{"rendered":"<p><strong>Blind Channel<\/strong> -yhtyeest\u00e4 viime kev\u00e4\u00e4n\u00e4 <a href=\"https:\/\/www.inferno.fi\/uutiset\/blind-channel-jatkaa-yhta-miesta-koyhempana\/\" target=\"_blank\" rel=\"noreferrer noopener nofollow\">sivuun astunut<\/a> laulaja <strong>Joel Hokka<\/strong> palaa musiikin pariin uuden <strong>Hokka<\/strong>-yhtyeens\u00e4 kanssa. Laulajan rinnalla yhtyeess\u00e4 vaikuttavat entinen <strong>The Rasmus<\/strong> -kitaristi ja tuottaja <strong>Pauli Rantasalmi<\/strong> sek\u00e4 somessa viraali-ilmi\u00f6ksi noussut rumpalit <strong>Jimi Aslak<\/strong>.<\/p>\n<p>B\u00e4ndi julkaisee kev\u00e4\u00e4ll\u00e4 esikoispitk\u00e4soittonsa. Levylt\u00e4 on nyt julkaistu ensimm\u00e4isen\u00e4 singlen\u00e4 kappale In the Darkness, jonka kylkeen tehdyn videon voit katsoa tuosta alempaa.<\/p>\n<p>\u201dAlbumi on matka syd\u00e4men pimeimpiin sopukoihin, jossa kosto kietoutuu rakkauden hauraaseen lankaan ja k\u00e4rsimyksen tie johtaa odottamattomaan kauneuteen. Jokainen kappale on kuin verinen ruusu, joka kukkii kivun keskell\u00e4 \u2013 ter\u00e4lehtens\u00e4 ovat t\u00e4ynn\u00e4 kaipuuta, mutta piikit muistuttavat menetyksen hinnasta\u201d, Hokka summaa.<\/p>\n<p>B\u00e4ndin ensiesiintyminen n\u00e4hd\u00e4\u00e4n Euroopan Kulttuurip\u00e4\u00e4kaupunkivuoden startissa Ouluhallissa 31.12.2025. Vuosi vaihtuu: Oulu2026 -tapahtuman lipunmyynti on k\u00e4ynniss\u00e4 Lippupisteess\u00e4. Show on ik\u00e4rajaton ja l\u00e4hetet\u00e4\u00e4n suorana TV1:ll\u00e4 ja Yle Areenassa.<\/p>\n<p><img loading=\"lazy\" decoding=\"async\" alt=\"YouTube video\" width=\"480\" height=\"360\" data-pin-nopin=\"true\" nopin=\"nopin\" class=\"perfmatters-lazy\" src=\"https:\/\/www.europesays.com\/fi\/wp-content\/uploads\/2025\/11\/1762854129_965_hqdefault.jpg\"\/><\/p>\n","protected":false},"excerpt":{"rendered":"Blind Channel -yhtyeest\u00e4 viime kev\u00e4\u00e4n\u00e4 sivuun astunut laulaja Joel Hokka palaa musiikin pariin uuden Hokka-yhtyeens\u00e4 kanssa. Laulajan rinnalla&hellip;\n","protected":false},"author":2,"featured_media":87089,"comment_status":"","ping_status":"","sticky":false,"template":"","format":"standard","meta":{"footnotes":""},"categories":[132],"tags":[137,33,31,30,195,47,1243,1244,32,1245,13637,109],"class_list":{"0":"post-87088","1":"post","2":"type-post","3":"status-publish","4":"format-standard","5":"has-post-thumbnail","7":"category-musiikki","8":"tag-entertainment","9":"tag-fi","10":"tag-finland","11":"tag-finnish","12":"tag-music","13":"tag-musiikki","14":"tag-musiikkivideo","15":"tag-single","16":"tag-suomi","17":"tag-tuleva-levy","18":"tag-uusi-bandi","19":"tag-viihde"},"share_on_mastodon":{"url":"https:\/\/pubeurope.com\/@fi\/115530415751742138","error":""},"_links":{"self":[{"href":"https:\/\/www.europesays.com\/fi\/wp-json\/wp\/v2\/posts\/87088","targetHints":{"allow":["GET"]}}],"collection":[{"href":"https:\/\/www.europesays.com\/fi\/wp-json\/wp\/v2\/posts"}],"about":[{"href":"https:\/\/www.europesays.com\/fi\/wp-json\/wp\/v2\/types\/post"}],"author":[{"embeddable":true,"href":"https:\/\/www.europesays.com\/fi\/wp-json\/wp\/v2\/users\/2"}],"replies":[{"embeddable":true,"href":"https:\/\/www.europesays.com\/fi\/wp-json\/wp\/v2\/comments?post=87088"}],"version-history":[{"count":0,"href":"https:\/\/www.europesays.com\/fi\/wp-json\/wp\/v2\/posts\/87088\/revisions"}],"wp:featuredmedia":[{"embeddable":true,"href":"https:\/\/www.europesays.com\/fi\/wp-json\/wp\/v2\/media\/87089"}],"wp:attachment":[{"href":"https:\/\/www.europesays.com\/fi\/wp-json\/wp\/v2\/media?parent=87088"}],"wp:term":[{"taxonomy":"category","embeddable":true,"href":"https:\/\/www.europesays.com\/fi\/wp-json\/wp\/v2\/categories?post=87088"},{"taxonomy":"post_tag","embeddable":true,"href":"https:\/\/www.europesays.com\/fi\/wp-json\/wp\/v2\/tags?post=87088"}],"curies":[{"name":"wp","href":"https:\/\/api.w.org\/{rel}","templated":true}]}}