{"id":87090,"date":"2025-11-11T09:44:09","date_gmt":"2025-11-11T09:44:09","guid":{"rendered":"https:\/\/www.europesays.com\/fi\/87090\/"},"modified":"2025-11-11T09:44:09","modified_gmt":"2025-11-11T09:44:09","slug":"etela-savossa-on-jaettu-syksyn-aikana-yli-45-000-kausirokotetta-rokotteita-jaetaan-marraskuun-loppuun-saakka-etela-savo","status":"publish","type":"post","link":"https:\/\/www.europesays.com\/fi\/87090\/","title":{"rendered":"Etel\u00e4-Savossa on jaettu syksyn aikana yli 45 000 kausirokotetta \u2013 rokotteita jaetaan marraskuun loppuun saakka | Etel\u00e4-Savo"},"content":{"rendered":"<p class=\"aw-1gybjub aw-5vja16 kEtdKx kmuxyA yle__article__paragraph\">Rokotuksia jaetaan marraskuun loppuun saakka.<\/p>\n<p><img decoding=\"async\" alt=\"Nuorta tytt\u00f6\u00e4 rokotetaan.\" src=\"https:\/\/www.europesays.com\/fi\/wp-content\/uploads\/2025\/11\/39-875279618372f43c19d.jpeg\" class=\"aw-1l9m598 hKVVvP\"\/><\/p>\n<p>Avaa kuvien katselu<\/p>\n<p>Kausirokote on riskiryhm\u00e4l\u00e4isille maksuton. Kuvituskuva. Kuva: AOP<\/p>\n<p class=\"aw-1gybjub aw-1p7kakr kEtdKx cEmitX yle__article__paragraph\">Etel\u00e4-Savon hyvinvointialueen mukaan t\u00e4n\u00e4 syksyn\u00e4 jo noin 31 000 etel\u00e4savolaista on saanut influenssarokotteen ja noin 16 000 koronarokotteen tehosteannoksen.<\/p>\n<p class=\"aw-1gybjub aw-1p7kakr kEtdKx cEmitX yle__article__paragraph\">Rokotuksia jaetaan marraskuun loppuun saakka, mutta puhelinajanvaraus p\u00e4\u00e4ttyy jo 14. marraskuuta. Sen j\u00e4lkeen ajan voi varata ainoastaan netiss\u00e4, ilman tunnistautumista.<\/p>\n<p class=\"aw-1gybjub aw-1p7kakr kEtdKx cEmitX yle__article__paragraph\">Ylil\u00e4\u00e4k\u00e4ri <strong class=\"aw-ak79eh KyCXm yle__article__strong\">Hans G\u00e4rdstr\u00f6min<\/strong> mukaan tahti on hiljentynyt rokotuspisteill\u00e4 marraskuun alun j\u00e4lkeen ja vapaita aikoja on nyt hyvin saatavilla.<\/p>\n<p class=\"aw-1gybjub aw-1p7kakr kEtdKx cEmitX yle__article__paragraph\">\u2013 Viime vuonna annoimme noin 41 000 influenssarokotetta, ja siihen m\u00e4\u00e4r\u00e4\u00e4n olisi hyv\u00e4 p\u00e4\u00e4st\u00e4 t\u00e4n\u00e4kin vuonna. Rokottautumalla suojaa itsens\u00e4 lis\u00e4ksi my\u00f6s l\u00e4hipiiri\u00e4\u00e4n vakavalta influenssalta, G\u00e4rdstr\u00f6m muistuttaa.<\/p>\n<p class=\"aw-1gybjub aw-1p7kakr kEtdKx cEmitX yle__article__paragraph\">Marraskuun lopussa j\u00e4rjestet\u00e4\u00e4n viel\u00e4 viiden p\u00e4iv\u00e4n ajanvarauksettomat walk-in rokotukset Savonlinnassa ja Mikkeliss\u00e4.<\/p>\n<p class=\"aw-1gybjub aw-1p7kakr kEtdKx cEmitX yle__article__paragraph\">\u2013 Walk in -rokotuksilla haluamme viel\u00e4 tarjota mattimy\u00f6h\u00e4isille helpon mahdollisuuden isoimmilla rokotuspisteill\u00e4.<\/p>\n<p class=\"aw-1gybjub aw-1p7kakr kEtdKx cEmitX yle__article__paragraph\">Koronan ja influenssan kausirokotuksia jaetaan riskiryhmille maksutta.<\/p>\n<p>Koronatartunnat nousussa<\/p>\n<p class=\"aw-1gybjub aw-1p7kakr kEtdKx cEmitX yle__article__paragraph\">Koronavirus <a class=\"aw-iao6s4 iHOxEa yle__article__link\" href=\"https:\/\/yle.fi\/a\/74-20192764\" role=\"link\" rel=\"nofollow noopener\" target=\"_blank\">levi\u00e4\u00e4 parhaillaan koko Suomessa.<\/a> Tartuntojen m\u00e4\u00e4r\u00e4 on syksyll\u00e4 kasvanut, ja viime aikoina laboratoriokokeissa vahvistettuja tartuntoja on raportoitu noin 200 viikossa.<\/p>\n<p class=\"aw-1gybjub aw-1p7kakr kEtdKx cEmitX yle__article__paragraph\">Etel\u00e4-Savossakin tartunnat ovat lis\u00e4\u00e4ntyneet, mutta Eloisan mukaan sairaalahoitoa tarvitsevien osuus on ollut viel\u00e4 maltillinen.<\/p>\n<p class=\"aw-1gybjub aw-1p7kakr kEtdKx cEmitX yle__article__paragraph\">Eloisan mukaan liikkeell\u00e4 on my\u00f6s paljon muita virustauteja, jotka voivat aiheuttaa muun muassa kurkkukipua, ysk\u00e4\u00e4 ja pari p\u00e4iv\u00e4\u00e4 korkeaakin kuumetta.<\/p>\n<p class=\"aw-1gybjub aw-1p7kakr kEtdKx cEmitX yle__article__paragraph\">G\u00e4rdstr\u00f6m muistuttaa, ett\u00e4 hengitystieinfektion kanssa on hyv\u00e4 muistaa aina tietyt perusasiat.<\/p>\n<p class=\"aw-1gybjub aw-1p7kakr kEtdKx cEmitX yle__article__paragraph\">\u2013 Riitt\u00e4v\u00e4 juominen, lepo ja kuumel\u00e4\u00e4ke, jos olo on tukala. Hikiliikunta kannattaa aloittaa vasta, kun on toipunut kunnolla, eli aikaisintaan 2\u20133 viikon kuluttua.<\/p>\n","protected":false},"excerpt":{"rendered":"Rokotuksia jaetaan marraskuun loppuun saakka. Avaa kuvien katselu Kausirokote on riskiryhm\u00e4l\u00e4isille maksuton. Kuvituskuva. Kuva: AOP Etel\u00e4-Savon hyvinvointialueen mukaan&hellip;\n","protected":false},"author":2,"featured_media":87091,"comment_status":"","ping_status":"","sticky":false,"template":"","format":"standard","meta":{"footnotes":""},"categories":[165],"tags":[12627,184,33,31,30,11285,166,954,17702,6313,14546,5516,766,685,768,1000,32,767,167,8167],"class_list":{"0":"post-87090","1":"post","2":"type-post","3":"status-publish","4":"format-standard","5":"has-post-thumbnail","7":"category-terveys","8":"tag-ennaltaehkaiseva-terveydenhuolto","9":"tag-etela-savo","10":"tag-fi","11":"tag-finland","12":"tag-finnish","13":"tag-hankittu-immuniteetti","14":"tag-health","15":"tag-hengitystieinfektiot","16":"tag-immunisaatio","17":"tag-influenssa","18":"tag-influenssarokotteet","19":"tag-koronarokote","20":"tag-koronavirus","21":"tag-mikkeli","22":"tag-rokotteet","23":"tag-savonlinna","24":"tag-suomi","25":"tag-tartuntataudit","26":"tag-terveys","27":"tag-virustaudit"},"share_on_mastodon":{"url":"https:\/\/pubeurope.com\/@fi\/115530423618017683","error":""},"_links":{"self":[{"href":"https:\/\/www.europesays.com\/fi\/wp-json\/wp\/v2\/posts\/87090","targetHints":{"allow":["GET"]}}],"collection":[{"href":"https:\/\/www.europesays.com\/fi\/wp-json\/wp\/v2\/posts"}],"about":[{"href":"https:\/\/www.europesays.com\/fi\/wp-json\/wp\/v2\/types\/post"}],"author":[{"embeddable":true,"href":"https:\/\/www.europesays.com\/fi\/wp-json\/wp\/v2\/users\/2"}],"replies":[{"embeddable":true,"href":"https:\/\/www.europesays.com\/fi\/wp-json\/wp\/v2\/comments?post=87090"}],"version-history":[{"count":0,"href":"https:\/\/www.europesays.com\/fi\/wp-json\/wp\/v2\/posts\/87090\/revisions"}],"wp:featuredmedia":[{"embeddable":true,"href":"https:\/\/www.europesays.com\/fi\/wp-json\/wp\/v2\/media\/87091"}],"wp:attachment":[{"href":"https:\/\/www.europesays.com\/fi\/wp-json\/wp\/v2\/media?parent=87090"}],"wp:term":[{"taxonomy":"category","embeddable":true,"href":"https:\/\/www.europesays.com\/fi\/wp-json\/wp\/v2\/categories?post=87090"},{"taxonomy":"post_tag","embeddable":true,"href":"https:\/\/www.europesays.com\/fi\/wp-json\/wp\/v2\/tags?post=87090"}],"curies":[{"name":"wp","href":"https:\/\/api.w.org\/{rel}","templated":true}]}}