{"id":87094,"date":"2025-11-11T09:46:08","date_gmt":"2025-11-11T09:46:08","guid":{"rendered":"https:\/\/www.europesays.com\/fi\/87094\/"},"modified":"2025-11-11T09:46:08","modified_gmt":"2025-11-11T09:46:08","slug":"pate-mustajarvelta-ilmestyy-testamenttini-kirja-nimi-voi-viela-muuttua-kustantamosta-kerrotaan","status":"publish","type":"post","link":"https:\/\/www.europesays.com\/fi\/87094\/","title":{"rendered":"Pate Mustaj\u00e4rvelt\u00e4 ilmestyy Testamenttini-kirja \u2013 nimi voi viel\u00e4 muuttua, kustantamosta kerrotaan"},"content":{"rendered":"<p>Docendon kev\u00e4\u00e4n kirjoissa komeilee Pate Mustaj\u00e4rvelt\u00e4 teos nimelt\u00e4 Testamenttini. Aikataulu on viel\u00e4 ep\u00e4varma.<\/p>\n<p class=\"article-body mb-nof-24 px-nof-16\">Aamulehti<\/p>\n<p class=\"article-body mb-nof-24 px-nof-16\"><a class=\"article-personlink\" href=\"https:\/\/www.aamulehti.fi\/haku\/?query=Pate%20Mustaj%C3%A4rvi\" rel=\"nofollow noopener\" target=\"_blank\">Pate Mustaj\u00e4rvi<\/a> jakoi sosiaalisessa mediassa kuvan kirjankannesta tekstill\u00e4 \u201dTulossa\u201d. Kirjan nimi on Testamenttini ja kirjoittajaksi on merkitty Mustaj\u00e4rven lis\u00e4ksi h\u00e4nen vaimonsa <a class=\"article-personlink\" href=\"https:\/\/www.aamulehti.fi\/haku\/?query=Tina%20Finn\" rel=\"nofollow noopener\" target=\"_blank\">Tina Finn<\/a>, jonka kanssa Mustaj\u00e4rvi on kirjoittanut kirjoja aiemminkin.<\/p>\n<p class=\"article-body mb-nof-24 px-nof-16\">Aamulehti ei tavoittanut Mustaj\u00e4rve\u00e4, mutta kustantamo Docendosta kerrotaan, ett\u00e4 kirja lipsahti hieman vahingossa kev\u00e4\u00e4n esitteeseen. Alustava julkaisup\u00e4iv\u00e4 on kes\u00e4kuun 4. p\u00e4iv\u00e4. Sen aikataulu saattaa viel\u00e4 muuttua Pate Mustaj\u00e4rven sairastumisen vuoksi. My\u00f6s kirjan hieman pahaenteiselt\u00e4 kuulostava nimi Testamenttini saattaa muuttua. \u201dT\u00e4m\u00e4 ei ollut hyv\u00e4 sattuma. Nimi ei n\u00e4yt\u00e4 nyt hyv\u00e4lle\u201d, markkinointiassistentti <a class=\"article-personlink\" href=\"https:\/\/www.aamulehti.fi\/haku\/?query=Auli%20Nyk%C3%A4nen\" rel=\"nofollow noopener\" target=\"_blank\">Auli Nyk\u00e4nen<\/a> Docendolta sanoo. Kirja oli jo ty\u00f6n alla ennen tietoa Mustaj\u00e4rven sairastumisesta. T\u00e4ss\u00e4 vaiheessa nime\u00e4 ei muutettu, ja se ehti menn\u00e4 esitteeseen sellaisenaan.<\/p>\n<p class=\"article-body mb-nof-24 px-nof-16\">Pate Mustaj\u00e4rvi kertoi kuukausi sitten, ett\u00e4 h\u00e4nelt\u00e4 l\u00f6ydettiin kasvain. Mustaj\u00e4rven ilmoitetut keikat peruttiin, ja h\u00e4n kertoi somekanaviensa hiljenev\u00e4n toistaiseksi.<\/p>\n","protected":false},"excerpt":{"rendered":"Docendon kev\u00e4\u00e4n kirjoissa komeilee Pate Mustaj\u00e4rvelt\u00e4 teos nimelt\u00e4 Testamenttini. Aikataulu on viel\u00e4 ep\u00e4varma. Aamulehti Pate Mustaj\u00e4rvi jakoi sosiaalisessa&hellip;\n","protected":false},"author":2,"featured_media":87095,"comment_status":"","ping_status":"","sticky":false,"template":"","format":"standard","meta":{"footnotes":""},"categories":[130],"tags":[157,137,33,31,30,32,109],"class_list":{"0":"post-87094","1":"post","2":"type-post","3":"status-publish","4":"format-standard","5":"has-post-thumbnail","7":"category-viihde","8":"tag-aamulehti","9":"tag-entertainment","10":"tag-fi","11":"tag-finland","12":"tag-finnish","13":"tag-suomi","14":"tag-viihde"},"share_on_mastodon":{"url":"https:\/\/pubeurope.com\/@fi\/115530431598514487","error":""},"_links":{"self":[{"href":"https:\/\/www.europesays.com\/fi\/wp-json\/wp\/v2\/posts\/87094","targetHints":{"allow":["GET"]}}],"collection":[{"href":"https:\/\/www.europesays.com\/fi\/wp-json\/wp\/v2\/posts"}],"about":[{"href":"https:\/\/www.europesays.com\/fi\/wp-json\/wp\/v2\/types\/post"}],"author":[{"embeddable":true,"href":"https:\/\/www.europesays.com\/fi\/wp-json\/wp\/v2\/users\/2"}],"replies":[{"embeddable":true,"href":"https:\/\/www.europesays.com\/fi\/wp-json\/wp\/v2\/comments?post=87094"}],"version-history":[{"count":0,"href":"https:\/\/www.europesays.com\/fi\/wp-json\/wp\/v2\/posts\/87094\/revisions"}],"wp:featuredmedia":[{"embeddable":true,"href":"https:\/\/www.europesays.com\/fi\/wp-json\/wp\/v2\/media\/87095"}],"wp:attachment":[{"href":"https:\/\/www.europesays.com\/fi\/wp-json\/wp\/v2\/media?parent=87094"}],"wp:term":[{"taxonomy":"category","embeddable":true,"href":"https:\/\/www.europesays.com\/fi\/wp-json\/wp\/v2\/categories?post=87094"},{"taxonomy":"post_tag","embeddable":true,"href":"https:\/\/www.europesays.com\/fi\/wp-json\/wp\/v2\/tags?post=87094"}],"curies":[{"name":"wp","href":"https:\/\/api.w.org\/{rel}","templated":true}]}}