{"id":87207,"date":"2025-11-11T12:29:09","date_gmt":"2025-11-11T12:29:09","guid":{"rendered":"https:\/\/www.europesays.com\/fi\/87207\/"},"modified":"2025-11-11T12:29:09","modified_gmt":"2025-11-11T12:29:09","slug":"nopeusvalvontakamera-valahti-kuopiossa-1990-luvulla-syntynyt-mies-sahasi-tolpan-poikki-ja-varasti-koko-kameran-kotimaa","status":"publish","type":"post","link":"https:\/\/www.europesays.com\/fi\/87207\/","title":{"rendered":"Nopeusvalvontakamera v\u00e4l\u00e4hti Kuopiossa \u2013 1990-luvulla syntynyt mies sahasi tolpan poikki ja varasti koko kameran | Kotimaa"},"content":{"rendered":"<p class=\"aw-1gybjub aw-5vja16 kEtdKx kmuxyA yle__article__paragraph\">Poliisi on saanut selvitetty\u00e4 lokakuun lopussa Kuopion Nilsi\u00e4ss\u00e4 tapahtuneen nopeusvalvontakameran varkauden.<\/p>\n<p><img decoding=\"async\" alt=\"Katkennut tolppa.\" src=\"https:\/\/www.europesays.com\/fi\/wp-content\/uploads\/2025\/11\/39-154411768ff68729b27b.jpeg\" class=\"aw-1l9m598 hKVVvP\"\/><\/p>\n<p>Avaa kuvien katselu<\/p>\n<p>Kameran v\u00e4l\u00e4hdetty\u00e4 mies haki tarvittavat v\u00e4lineet tolpan sahaamiseksi sek\u00e4 kameran kuljettamiseksi, ja palasi takaisin tapahtumapaikalle. Kuva: Toni Pitk\u00e4nen \/ Yle<\/p>\n<p class=\"aw-1gybjub aw-1p7kakr kEtdKx cEmitX yle__article__paragraph\">Poliisi on saanut selvitetty\u00e4 lokakuun lopussa Kuopion Nilsi\u00e4ss\u00e4 tapahtuneen nopeusvalvontakameran varkauden.<\/p>\n<p class=\"aw-1gybjub aw-1p7kakr kEtdKx cEmitX yle__article__paragraph\">Kameran varasti 1990-luvulla syntynyt siilinj\u00e4rvel\u00e4ismies, joka oli ajanut kameran ohi ylinopeutta Nilsi\u00e4n Halunalla, Laitisenm\u00e4en kohdalla.<\/p>\n<p class=\"aw-1gybjub aw-1p7kakr kEtdKx cEmitX yle__article__paragraph\">Tilanne sai alkunsa, kun ep\u00e4ilty oli ajanut valvontakameraan 80 km\/ h nopeusrajoitusalueella 104 kilometri\u00e4 tunnissa. Kameran v\u00e4l\u00e4hdetty\u00e4 mies haki tarvittavat v\u00e4lineet tolpan sahaamiseksi sek\u00e4 kameran kuljettamiseksi, ja palasi takaisin tapahtumapaikalle.<\/p>\n<p class=\"aw-1gybjub aw-1p7kakr kEtdKx cEmitX yle__article__paragraph\">Tutkinnanjohtajana tapauksessa toiminut rikoskomisario <strong class=\"aw-ak79eh KyCXm yle__article__strong\">Tiina Borg<\/strong> kertoo, ett\u00e4 rikoksen selvitt\u00e4misess\u00e4 ratkaisevaa oli muun muassa poliisin monipuoliset tutkintakeinot.<\/p>\n<p class=\"aw-1gybjub aw-1p7kakr kEtdKx cEmitX yle__article__paragraph\">\u2013 Autoilijan ilmoituksen perusteella p\u00e4\u00e4simme nopeasti rikokseen kiinni, ja pystyimme hy\u00f6dynt\u00e4m\u00e4\u00e4n erilaisia tietol\u00e4hteit\u00e4 tapauksen tutkinnassa.<\/p>\n<p><img decoding=\"async\" alt=\"Nilsi\u00e4n Haluna kartalla.\" src=\"https:\/\/www.europesays.com\/fi\/wp-content\/uploads\/2025\/11\/39-154224968f8e999e1d7a.jpeg\" loading=\"lazy\" class=\"aw-1l9m598 hKVVvP\"\/><\/p>\n<p>Avaa kuvien katselu<\/p>\n<p>Kuva: Toni Pitk\u00e4nen \/ Yle<\/p>\n<p class=\"aw-1gybjub aw-1p7kakr kEtdKx cEmitX yle__article__paragraph\">Ep\u00e4ilty on tunnustanut teon kuulusteluissa ja kertonut kameran sijainnin. Poliisi sai kameran haltuunsa marraskuun ensimm\u00e4isell\u00e4 viikolla sukeltajan avustuksella.<\/p>\n<p class=\"aw-1gybjub aw-1p7kakr kEtdKx cEmitX yle__article__paragraph\">Tuhottu tolppa ja varastettu kamera laitteistoineen on poliisin tiedotteen mukaan kymmenien tuhansien eurojen arvoinen. Tolpan omistaa Ely-keskus ja kamera on poliisin omaisuutta.<\/p>\n<p class=\"aw-1gybjub aw-1p7kakr kEtdKx cEmitX yle__article__paragraph\">Siilinj\u00e4rvel\u00e4ismiest\u00e4 ep\u00e4ill\u00e4\u00e4n t\u00f6rke\u00e4st\u00e4 varkaudesta sek\u00e4 liikenneturvallisuuden vaarantamisesta.<\/p>\n<p class=\"aw-1gybjub aw-1p7kakr kEtdKx cEmitX yle__article__paragraph\">Asia siirtyy seuraavaksi syytt\u00e4j\u00e4lle syyteharkintaan.<\/p>\n","protected":false},"excerpt":{"rendered":"Poliisi on saanut selvitetty\u00e4 lokakuun lopussa Kuopion Nilsi\u00e4ss\u00e4 tapahtuneen nopeusvalvontakameran varkauden. Avaa kuvien katselu Kameran v\u00e4l\u00e4hdetty\u00e4 mies haki&hellip;\n","protected":false},"author":2,"featured_media":87208,"comment_status":"","ping_status":"","sticky":false,"template":"","format":"standard","meta":{"footnotes":"","_share_on_mastodon":"0"},"categories":[12],"tags":[22,23,26,27,33,31,30,17,4394,71,1132,24,25,28,29,15,18,21,1136,581,32,19,20,16,17726,5612,6492],"class_list":["post-87207","post","type-post","status-publish","format-standard","has-post-thumbnail","category-suomi","tag-breaking-news","tag-breakingnews","tag-featured-news","tag-featurednews","tag-fi","tag-finland","tag-finnish","tag-headlines","tag-ita-suomen-poliisilaitos","tag-kotimaa","tag-kuopio","tag-latest-news","tag-latestnews","tag-main-news","tag-mainnews","tag-news","tag-otsikot","tag-paauutiset","tag-pohjois-savo","tag-rikokset","tag-suomi","tag-top-stories","tag-topstories","tag-uutiset","tag-valvontakamerat","tag-varkaudet","tag-ylinopeus"],"share_on_mastodon":{"url":"https:\/\/pubeurope.com\/@fi\/115531072906416047","error":""},"_links":{"self":[{"href":"https:\/\/www.europesays.com\/fi\/wp-json\/wp\/v2\/posts\/87207","targetHints":{"allow":["GET"]}}],"collection":[{"href":"https:\/\/www.europesays.com\/fi\/wp-json\/wp\/v2\/posts"}],"about":[{"href":"https:\/\/www.europesays.com\/fi\/wp-json\/wp\/v2\/types\/post"}],"author":[{"embeddable":true,"href":"https:\/\/www.europesays.com\/fi\/wp-json\/wp\/v2\/users\/2"}],"replies":[{"embeddable":true,"href":"https:\/\/www.europesays.com\/fi\/wp-json\/wp\/v2\/comments?post=87207"}],"version-history":[{"count":0,"href":"https:\/\/www.europesays.com\/fi\/wp-json\/wp\/v2\/posts\/87207\/revisions"}],"wp:featuredmedia":[{"embeddable":true,"href":"https:\/\/www.europesays.com\/fi\/wp-json\/wp\/v2\/media\/87208"}],"wp:attachment":[{"href":"https:\/\/www.europesays.com\/fi\/wp-json\/wp\/v2\/media?parent=87207"}],"wp:term":[{"taxonomy":"category","embeddable":true,"href":"https:\/\/www.europesays.com\/fi\/wp-json\/wp\/v2\/categories?post=87207"},{"taxonomy":"post_tag","embeddable":true,"href":"https:\/\/www.europesays.com\/fi\/wp-json\/wp\/v2\/tags?post=87207"}],"curies":[{"name":"wp","href":"https:\/\/api.w.org\/{rel}","templated":true}]}}