{"id":87211,"date":"2025-11-11T12:31:10","date_gmt":"2025-11-11T12:31:10","guid":{"rendered":"https:\/\/www.europesays.com\/fi\/87211\/"},"modified":"2025-11-11T12:31:10","modified_gmt":"2025-11-11T12:31:10","slug":"ely-keskus-hylkasi-luontojarjeston-esittaman-vaatimuksen-saarenmaan-hakkuiden-keskeyttamisesta-kangasalan-sanomat","status":"publish","type":"post","link":"https:\/\/www.europesays.com\/fi\/87211\/","title":{"rendered":"Ely-keskus hylk\u00e4si luontoj\u00e4rjest\u00f6n esitt\u00e4m\u00e4n vaatimuksen Saarenmaan hakkuiden keskeytt\u00e4misest\u00e4 \u2013 Kangasalan Sanomat"},"content":{"rendered":"<p>Tuomas MacGilleon 11.11.2025<\/p>\n<p> <a href=\"https:\/\/kangasalansanomat.fi\/wp-content\/uploads\/metsakone_hakkuut_kanto_102025-1-1200x844.jpg\" title=\"metsakone_hakkuut_kanto_102025\" rel=\"nofollow noopener\" target=\"_blank\"><img loading=\"lazy\" width=\"600\" height=\"422\" src=\"https:\/\/www.europesays.com\/fi\/wp-content\/uploads\/2025\/11\/metsakone_hakkuut_kanto_102025-1-600x422.jpg\" alt=\"Pirkanmaan ely-keskuksen mukaan Saarenmaalla teht\u00e4v\u00e4t harvennushakkuut eiv\u00e4t ole...\" itemprop=\"image\" decoding=\"async\"  \/><\/a>Pirkanmaan ely-keskuksen mukaan Saarenmaalla teht\u00e4v\u00e4t harvennushakkuut eiv\u00e4t ole luonnonsuojelulain tai rakentamislain vastaisia. Ely-keskus antoi ratkaisunsa Kangasalan Luonto ry:n tekem\u00e4\u00e4n vireillepanoon.<\/p>\n<p> Pirkanmaan ely-keskus on antanut ratkaisun Saarenmaan hakkuita koskevassa vireillepanoasiassa.  Kangasalan luonto ry:n lokakuussa tekem\u00e4ss\u00e4 vireillepanossa vaadittiin, ett\u00e4 Kangasalan kaupungin omistamilla mets\u00e4alueilla\u2026<\/p>\n<p>T\u00e4m\u00e4 sis\u00e4lt\u00f6 on Kangasalan\u00a0Sanomien tilaajille<\/p>\n<p>Tilaa lukuoikeus alkaen 1\u00a0\u20ac.<\/p>\n<p> <a href=\"https:\/\/kangasalansanomat.fi\/tilaa?p3=168555&amp;p4=\" class=\"membernoticebtn\" title=\"Tilaa Kangasalan Sanomat\" rel=\"nofollow noopener\" target=\"_blank\">Tilaa<\/a><a href=\"https:\/\/kangasala.taikatilaus.fi\/oprp\/k.aspx?p1=https%3A%2F%2Fkangasalansanomat.fi%2Fely-keskus-hylkasi-luontojarjeston-esittaman-vaatimuksen-saarenmaan-hakkuiden-keskeyttamisesta\" class=\"membernoticebtn\" title=\"Kirjaudu sis\u00e4\u00e4n\" rel=\"nofollow noopener\" target=\"_blank\">Kirjaudu<\/a><\/p>\n","protected":false},"excerpt":{"rendered":"Tuomas MacGilleon 11.11.2025 Pirkanmaan ely-keskuksen mukaan Saarenmaalla teht\u00e4v\u00e4t harvennushakkuut eiv\u00e4t ole luonnonsuojelulain tai rakentamislain vastaisia. Ely-keskus antoi ratkaisunsa&hellip;\n","protected":false},"author":2,"featured_media":87212,"comment_status":"","ping_status":"","sticky":false,"template":"","format":"standard","meta":{"footnotes":""},"categories":[117],"tags":[33,31,30,3815,7305,6276,961,72,17727,476,17728,17729,118,32,119,477],"class_list":{"0":"post-87211","1":"post","2":"type-post","3":"status-publish","4":"format-standard","5":"has-post-thumbnail","7":"category-luonto","8":"tag-fi","9":"tag-finland","10":"tag-finnish","11":"tag-kangasala","12":"tag-kangasalan-kaupunki","13":"tag-kangasalan-luonto-ry","14":"tag-luonnonsuojelu","15":"tag-luonto","16":"tag-metsanhoito","17":"tag-nature","18":"tag-pirkanmaan-ely-keskus","19":"tag-saarenmaa","20":"tag-science","21":"tag-suomi","22":"tag-tiede","23":"tag-wildlife"},"share_on_mastodon":{"url":"https:\/\/pubeurope.com\/@fi\/115531080247866110","error":""},"_links":{"self":[{"href":"https:\/\/www.europesays.com\/fi\/wp-json\/wp\/v2\/posts\/87211","targetHints":{"allow":["GET"]}}],"collection":[{"href":"https:\/\/www.europesays.com\/fi\/wp-json\/wp\/v2\/posts"}],"about":[{"href":"https:\/\/www.europesays.com\/fi\/wp-json\/wp\/v2\/types\/post"}],"author":[{"embeddable":true,"href":"https:\/\/www.europesays.com\/fi\/wp-json\/wp\/v2\/users\/2"}],"replies":[{"embeddable":true,"href":"https:\/\/www.europesays.com\/fi\/wp-json\/wp\/v2\/comments?post=87211"}],"version-history":[{"count":0,"href":"https:\/\/www.europesays.com\/fi\/wp-json\/wp\/v2\/posts\/87211\/revisions"}],"wp:featuredmedia":[{"embeddable":true,"href":"https:\/\/www.europesays.com\/fi\/wp-json\/wp\/v2\/media\/87212"}],"wp:attachment":[{"href":"https:\/\/www.europesays.com\/fi\/wp-json\/wp\/v2\/media?parent=87211"}],"wp:term":[{"taxonomy":"category","embeddable":true,"href":"https:\/\/www.europesays.com\/fi\/wp-json\/wp\/v2\/categories?post=87211"},{"taxonomy":"post_tag","embeddable":true,"href":"https:\/\/www.europesays.com\/fi\/wp-json\/wp\/v2\/tags?post=87211"}],"curies":[{"name":"wp","href":"https:\/\/api.w.org\/{rel}","templated":true}]}}