{"id":87213,"date":"2025-11-11T12:40:11","date_gmt":"2025-11-11T12:40:11","guid":{"rendered":"https:\/\/www.europesays.com\/fi\/87213\/"},"modified":"2025-11-11T12:40:11","modified_gmt":"2025-11-11T12:40:11","slug":"mitka-samsung-laitteet-saivat-uuden-paivityksen-viikko-45-2025-samsung-magazine","status":"publish","type":"post","link":"https:\/\/www.europesays.com\/fi\/87213\/","title":{"rendered":"Mitk\u00e4 Samsung-laitteet saivat uuden p\u00e4ivityksen (viikko 45, 2025) \u2013 Samsung Magazine"},"content":{"rendered":"<p class=\"gt-block\">T\u00e4ss\u00e4 on luettelo Samsungin laitteista, joka sai ohjelmistop\u00e4ivityksen 3.\u20137. marraskuuta. Tarkemmin sanottuna kyse on noin Galaxy A16 5G, Galaxy A06 5G, Galaxy M44 (tunnetaan Etel\u00e4-Koreassa nimell\u00e4 Galaxy Jump3), Galaxy M05, Galaxy F05, Galaxy Tab S9 FE a Galaxy A17 5G.<\/p>\n<p class=\"gt-block\">puhelimissa Galaxy A16 5G, Galaxy A06 5G, Galaxy M44, Galaxy M05, Galaxy F05 ja tablettisarja Galaxy Tab S9 FE Samsung on alkanut julkaista vakaata p\u00e4ivityst\u00e4 One UI 8. U Galaxy A16 5G sis\u00e4lt\u00e4\u00e4 laiteohjelmistoversion <strong>A166USQU3CYIC <\/strong>a saapui ensimm\u00e4isen kerran Yhdysvaltoihin (hevonen)erityisesti AT&amp;T-, Comcast- ja krikettiverkoille Wireless, DISH, MetroPCS, Spectrum Cellular ja T-Mobile), u Galaxy A06 5G versio <strong>A066EXXU3BYJ4<\/strong> ja se tuli ensimm\u00e4isen kerran saataville Saudi-Arabiassa klo Galaxy M44-versio <strong>M446KKSU6EYJ3<\/strong> ja ilmestyi ensimm\u00e4isen kerran Etel\u00e4-Koreassa, klo Galaxy M05 versio <strong>M055FXXU5CYJ4<\/strong> ja se oli ensimm\u00e4isen kerran saatavilla Intiassa klo Galaxy F05-versio <strong>E055FXXU5CYJ4<\/strong> ja oli ensimm\u00e4inen, joka &#8221;laskeutui&#8221; my\u00f6s Intiaan Galaxy Tab S9 FE ja Tab S9 FE+ -versio, joka p\u00e4\u00e4ttyy <strong>DYJ4<\/strong> ja saapui ensimm\u00e4isen\u00e4 Etel\u00e4-Koreaan.<\/p>\n<p class=\"gt-block\">Mit\u00e4 tulee puhelimeen Galaxy A17 5G, se aloitti ensimm\u00e4isen\u00e4 laitteena Galaxy vastaanota marraskuun tietoturvakorjaus. Mukana tulee laiteohjelmistoversio <strong>A176BXXS3BYJ1<\/strong> ja ilmestyi ensimm\u00e4isen kerran Thaimaassa ja Vietnamissa. Lis\u00e4t\u00e4\u00e4n viel\u00e4, ett\u00e4 laastari saa my\u00f6s Galaxy A06 5Gmutta h\u00e4nen tapauksessaan se on osa p\u00e4ivityst\u00e4 One UI 8.<\/p>\n<p class=\"gt-block\">Samsungin marraskuun tietoturvap\u00e4ivitys korjaa 25 Android-k\u00e4ytt\u00f6j\u00e4rjestelm\u00e4st\u00e4 l\u00f6ydetty\u00e4 haavoittuvuutta. Kaksi niist\u00e4 on luokiteltu kriittisiksi, kun taas loput on luokiteltu korkeaksi. Kahdesta kriittisest\u00e4 haavoittuvuudesta toinen koskee Android-versioita aina Android 13:een asti, kun taas toinen koskee vain Android 16:ta.<\/p>\n<p>                                <a href=\"https:\/\/samsungmagazine.eu\/fi\/2025\/11\/06\/nova-launcher-dostava-druhou-neocekavanou-aktualizaci-existuje-nadeje-ze-bude-pokracovat\/\" class=\"thumbnail\" title=\"Nova Launcher on p\u00e4ivitetty kokonaan toisen kerran. Onko toukokuussa jatkuvia muutoksia?\" rel=\"nofollow noopener\" target=\"_blank\"><\/p>\n<p>    <img decoding=\"async\" class=\"lazyload landscape \"  data- src=\"https:\/\/www.europesays.com\/fi\/wp-content\/uploads\/2025\/11\/Nova-Launcher-cover.jpg\" title=\"Nova Launcherin kansi\" alt=\"Nova Launcherin kansi\" data-caption=\"\" data-orig-width=\"1900\" data-orig-height=\"1425\"\/><br \/>\n                    <\/a><\/p>\n<p class=\"gt-block\">P\u00e4ivitys sis\u00e4lt\u00e4\u00e4 my\u00f6s korjauksia Samsungin omasta ohjelmistostaan \u200b\u200bl\u00f6yt\u00e4mist\u00e4 virheist\u00e4, jotka vaikuttavat vain laitteeseen. Galaxy, niit\u00e4 on yhteens\u00e4 yhdeks\u00e4n. Kolme niist\u00e4 merkittiin eritt\u00e4in vaarallisiksi ja yksi kohtalaisen vaarallisiksi. Yksi korjatuista virheist\u00e4 oli <strong>n<\/strong><strong>Suojaamaton oletuskokoonpano USB-yhteystilassa ja kirjoitusvirhe sormenj\u00e4lkitunnistuksessa operaatiokoodia k\u00e4sitelt\u00e4ess\u00e4<\/strong>. Lis\u00e4ksi korjaus korjaa 11 haavoittuvuutta, jotka liittyv\u00e4t vuosina 2019\u20132024 valmistettuihin Exynos-siruihin.<\/p>\n","protected":false},"excerpt":{"rendered":"T\u00e4ss\u00e4 on luettelo Samsungin laitteista, joka sai ohjelmistop\u00e4ivityksen 3.\u20137. marraskuuta. Tarkemmin sanottuna kyse on noin Galaxy A16 5G,&hellip;\n","protected":false},"author":2,"featured_media":1627,"comment_status":"","ping_status":"","sticky":false,"template":"","format":"standard","meta":{"footnotes":""},"categories":[86],"tags":[420,33,31,30,421,32,91,92],"class_list":{"0":"post-87213","1":"post","2":"type-post","3":"status-publish","4":"format-standard","5":"has-post-thumbnail","7":"category-laitteet","8":"tag-equipment","9":"tag-fi","10":"tag-finland","11":"tag-finnish","12":"tag-laitteet","13":"tag-suomi","14":"tag-technology","15":"tag-teknologia"},"share_on_mastodon":{"url":"https:\/\/pubeurope.com\/@fi\/115531115722197611","error":""},"_links":{"self":[{"href":"https:\/\/www.europesays.com\/fi\/wp-json\/wp\/v2\/posts\/87213","targetHints":{"allow":["GET"]}}],"collection":[{"href":"https:\/\/www.europesays.com\/fi\/wp-json\/wp\/v2\/posts"}],"about":[{"href":"https:\/\/www.europesays.com\/fi\/wp-json\/wp\/v2\/types\/post"}],"author":[{"embeddable":true,"href":"https:\/\/www.europesays.com\/fi\/wp-json\/wp\/v2\/users\/2"}],"replies":[{"embeddable":true,"href":"https:\/\/www.europesays.com\/fi\/wp-json\/wp\/v2\/comments?post=87213"}],"version-history":[{"count":0,"href":"https:\/\/www.europesays.com\/fi\/wp-json\/wp\/v2\/posts\/87213\/revisions"}],"wp:featuredmedia":[{"embeddable":true,"href":"https:\/\/www.europesays.com\/fi\/wp-json\/wp\/v2\/media\/1627"}],"wp:attachment":[{"href":"https:\/\/www.europesays.com\/fi\/wp-json\/wp\/v2\/media?parent=87213"}],"wp:term":[{"taxonomy":"category","embeddable":true,"href":"https:\/\/www.europesays.com\/fi\/wp-json\/wp\/v2\/categories?post=87213"},{"taxonomy":"post_tag","embeddable":true,"href":"https:\/\/www.europesays.com\/fi\/wp-json\/wp\/v2\/tags?post=87213"}],"curies":[{"name":"wp","href":"https:\/\/api.w.org\/{rel}","templated":true}]}}