{"id":87214,"date":"2025-11-11T12:42:07","date_gmt":"2025-11-11T12:42:07","guid":{"rendered":"https:\/\/www.europesays.com\/fi\/87214\/"},"modified":"2025-11-11T12:42:07","modified_gmt":"2025-11-11T12:42:07","slug":"ihmeneloset-stara-jessica-alba-virallisti-suhteensa-captain-america-brave-new-world-tahden-kanssa","status":"publish","type":"post","link":"https:\/\/www.europesays.com\/fi\/87214\/","title":{"rendered":"Ihmeneloset-stara Jessica Alba virallisti suhteensa Captain America: Brave New World -t\u00e4hden kanssa"},"content":{"rendered":"<p>Hollywood-romantiikka kiinnostaa tai on kiinnostamatta, mutta nyt meill\u00e4 on ainakin kerrottavaa, koska uusi pariskunta on syntynyt.<\/p>\n<p>Vuoden 2005 Ihmeneloset-elokuvassa Sue Stormia esitt\u00e4nyt <strong>Jessica Alba<\/strong>, 44, on virallistanut suhteensa toisen Marvel-t\u00e4hden kanssa.<\/p>\n<p>Lue my\u00f6s: <a href=\"https:\/\/www.episodi.fi\/uutiset\/jessica-alba-palaa-toimintaleffojen-pariin-tekee-elokuvan-tulppaanikuume-ohjaajan-kanssa\/\" title=\"Jessica Alba palaa toimintaleffojen pariin \u2013 tekee elokuvan Tulppaanikuume-ohjaajan kanssa\" class=\"underline-custom !font-montserrat !font-bold !underline-offset-4 !decoration-4 !decoration-episodi-blue !text-md\" rel=\"nofollow noopener\" target=\"_blank\">Jessica Alba palaa toimintaleffojen pariin \u2013 tekee elokuvan Tulppaanikuume-ohjaajan kanssa<\/a><\/p>\n<p>Lue my\u00f6s: <a href=\"https:\/\/www.episodi.fi\/uutiset\/die-hardia-rakastava-jessica-alba-otti-symboliikkaa-taynna-olevan-erotatuoinnin-nayttaa-silta-kuin-kadessa-olisi-pitka-arpi\/\" title=\"Die Hardia rakastava Jessica Alba otti symboliikkaa t\u00e4ynn\u00e4 olevan erotatuoinnin \u2013 N\u00e4ytt\u00e4\u00e4 silt\u00e4 kuin k\u00e4dess\u00e4 olisi pitk\u00e4 arpi?\" class=\"underline-custom !font-montserrat !font-bold !underline-offset-4 !decoration-4 !decoration-episodi-blue !text-md\" rel=\"nofollow noopener\" target=\"_blank\">Die Hardia rakastava Jessica Alba otti symboliikkaa t\u00e4ynn\u00e4 olevan erotatuoinnin \u2013 N\u00e4ytt\u00e4\u00e4 silt\u00e4 kuin k\u00e4dess\u00e4 olisi pitk\u00e4 arpi?<\/a><\/p>\n<p>Alba ja Captain America: Brave New Worldin<strong> Danny Ramirez,<\/strong> 33, julkaisivat suhteen virallistavat kuvat Instagramissa.<\/p>\n<p>Kaksikko bongattiin jo hein\u00e4kuussa Meksikossa.<\/p>\n<p>Alba erosi miehst\u00e4\u00e4n <strong>Cash Warrenista<\/strong> tammikuussa. He ehtiv\u00e4t olla naimissa 16 vuotta.<\/p>\n<p>Kaksikko n\u00e4hd\u00e4\u00e4n Baby2Baby-gaalassa L\u00e4nsi-Hollywoodissa.<\/p>\n<p>Alla kuvat.<\/p>\n<p>Lue my\u00f6s: <a href=\"https:\/\/www.episodi.fi\/uutiskirje\/?uutiskirjemainos=tekstilinkkimainos\" title=\"Tilaa Episodin uutiskirje ja voit voittaa leffalippuja! Nappaa tv-vinkit suoraan s\u00e4hk\u00f6postiin t\u00e4st\u00e4.\" class=\"underline-custom !font-montserrat !font-bold !underline-offset-4 !decoration-4 !decoration-episodi-blue !text-md\" rel=\"nofollow noopener\" target=\"_blank\">Tilaa Episodin uutiskirje ja voit voittaa leffalippuja! Nappaa katseluvinkit suoraan s\u00e4hk\u00f6postiin t\u00e4st\u00e4.<\/a><\/p>\n","protected":false},"excerpt":{"rendered":"Hollywood-romantiikka kiinnostaa tai on kiinnostamatta, mutta nyt meill\u00e4 on ainakin kerrottavaa, koska uusi pariskunta on syntynyt. Vuoden 2005&hellip;\n","protected":false},"author":2,"featured_media":87215,"comment_status":"","ping_status":"","sticky":false,"template":"","format":"standard","meta":{"footnotes":""},"categories":[136],"tags":[407,17602,137,33,31,30,9234,408,32,109],"class_list":{"0":"post-87214","1":"post","2":"type-post","3":"status-publish","4":"format-standard","5":"has-post-thumbnail","7":"category-julkkikset","8":"tag-celebrities","9":"tag-danny-ramirez","10":"tag-entertainment","11":"tag-fi","12":"tag-finland","13":"tag-finnish","14":"tag-jessica-alba","15":"tag-julkkikset","16":"tag-suomi","17":"tag-viihde"},"share_on_mastodon":{"url":"https:\/\/pubeurope.com\/@fi\/115531123466689286","error":""},"_links":{"self":[{"href":"https:\/\/www.europesays.com\/fi\/wp-json\/wp\/v2\/posts\/87214","targetHints":{"allow":["GET"]}}],"collection":[{"href":"https:\/\/www.europesays.com\/fi\/wp-json\/wp\/v2\/posts"}],"about":[{"href":"https:\/\/www.europesays.com\/fi\/wp-json\/wp\/v2\/types\/post"}],"author":[{"embeddable":true,"href":"https:\/\/www.europesays.com\/fi\/wp-json\/wp\/v2\/users\/2"}],"replies":[{"embeddable":true,"href":"https:\/\/www.europesays.com\/fi\/wp-json\/wp\/v2\/comments?post=87214"}],"version-history":[{"count":0,"href":"https:\/\/www.europesays.com\/fi\/wp-json\/wp\/v2\/posts\/87214\/revisions"}],"wp:featuredmedia":[{"embeddable":true,"href":"https:\/\/www.europesays.com\/fi\/wp-json\/wp\/v2\/media\/87215"}],"wp:attachment":[{"href":"https:\/\/www.europesays.com\/fi\/wp-json\/wp\/v2\/media?parent=87214"}],"wp:term":[{"taxonomy":"category","embeddable":true,"href":"https:\/\/www.europesays.com\/fi\/wp-json\/wp\/v2\/categories?post=87214"},{"taxonomy":"post_tag","embeddable":true,"href":"https:\/\/www.europesays.com\/fi\/wp-json\/wp\/v2\/tags?post=87214"}],"curies":[{"name":"wp","href":"https:\/\/api.w.org\/{rel}","templated":true}]}}