{"id":87216,"date":"2025-11-11T12:45:10","date_gmt":"2025-11-11T12:45:10","guid":{"rendered":"https:\/\/www.europesays.com\/fi\/87216\/"},"modified":"2025-11-11T12:45:10","modified_gmt":"2025-11-11T12:45:10","slug":"pia-penttala-jyrahtaa-hyvatuloisten-kaytoksesta","status":"publish","type":"post","link":"https:\/\/www.europesays.com\/fi\/87216\/","title":{"rendered":"Pia Penttala jyr\u00e4ht\u00e4\u00e4 hyv\u00e4tuloisten k\u00e4yt\u00f6ksest\u00e4"},"content":{"rendered":"<p>Lapsiperheiden talousahdinko huolestuttaa Supernannya.<\/p>\n<p><img decoding=\"async\" class=\"image image-show image-preview\" src=\"https:\/\/www.europesays.com\/fi\/wp-content\/uploads\/2025\/11\/0797556335d883c76a338f8a617d5f87221924e123372ed7f34b4b2241d3f215.jpg\" alt=\"\"\/><img decoding=\"async\" class=\"image image-show\" src=\"https:\/\/www.europesays.com\/fi\/wp-content\/uploads\/2025\/11\/1762865110_716_0797556335d883c76a338f8a617d5f87221924e123372ed7f34b4b2241d3f215.jpg\" alt=\"\"\/><\/p>\n<p>Pia Penttala saapui katsomaan Tanssii t\u00e4htien kanssa -ohjelmaa sunnuntai-iltana paikan p\u00e4\u00e4lle. Atte Kajova<\/p>\n<p class=\"paragraph\">Kasvatusalan ammattilainen <strong>Pia Penttala<\/strong> kuvailee huolestuneena, ettei ole uransa aikana n\u00e4hnyt vastaavaa tilannetta.<\/p>\n<p class=\"paragraph\">\u2013 Vanhemmilla on todella paljon ahdistusta ja pelkotiloja. Huomasin alkukes\u00e4st\u00e4, ett\u00e4 nyt tulee paljon yhteydenottoja, ett\u00e4 tarvitaan neuvoja ja tukea.<\/p>\n<p class=\"paragraph\">Monissa tapauksissa taustalla on perheiden vaikea taloustilanne. Samalla Penttala nostaa esiin hyvinvointialueiden ongelmat. Viimeksi lokakuussa Etel\u00e4-Pohjanmaan hyvinvointialueen johtaja <strong>Tero J\u00e4rvinen<\/strong> sek\u00e4 ylil\u00e4\u00e4k\u00e4ri <strong>Jari Kankaanp\u00e4\u00e4 <\/strong>arvioivat <a href=\"https:\/\/www.iltalehti.fi\/politiikka\/482cf6e9-4456-44e2-a07c-df20381a7810\" rel=\"nofollow noopener\" target=\"_blank\">Iltalehdelle<\/a>, ett\u00e4 hyvinvointialueiden rahoitus on saatettu laskea alusta asti pieleen.<\/p>\n<p class=\"paragraph\">\u2013 Hallituksen leikkaukset n\u00e4kyv\u00e4t ty\u00f6ss\u00e4ni valtavan nopeasti. En olisi edes uskonut, miten nopeasti se n\u00e4kyy, Penttala sanoo.<\/p>\n<p class=\"paragraph\">Helppoa ei ole ty\u00f6ss\u00e4k\u00e4yvill\u00e4k\u00e4\u00e4n.<\/p>\n<p class=\"paragraph\">\u2013 Paineet ovat kovat t\u00f6iss\u00e4, joten lasten huomioiminen j\u00e4\u00e4 v\u00e4h\u00e4iseksi. Lapset alkavat oireilemaan ja pahimmassa tapauksessa se oireilu ei n\u00e4yt\u00e4 hyv\u00e4lt\u00e4 kodin ulkopuolella, jolloin siit\u00e4 tulee yhteiskunnallinen ongelma.<\/p>\n<p>Pia Penttala on huomannut, ett\u00e4 vanhempien yhteydenotot ovat kasvaneet viime aikoina. Atte Kajova<\/p>\n<p>Puhu avoimesti<\/p>\n<p class=\"paragraph\">Iltalehti <a href=\"https:\/\/www.iltalehti.fi\/kotimaa\/d7b71c1d-0feb-49cd-8022-68a42299bfea\" rel=\"nofollow noopener\" target=\"_blank\">uutisoi<\/a> hiljattain viisikymppisest\u00e4 <strong>Sannasta<\/strong>, joka on v\u00e4h\u00e4varainen kahden lapsen \u00e4iti. Perheen varat menev\u00e4t arjesta selviytymiseen eik\u00e4 ylim\u00e4\u00e4r\u00e4iseen ole varaa.<\/p>\n<p class=\"paragraph\">\u2013 H\u00e4din tuskin pystymme ruokkimaan lapsemme. Ja sitten aina joudun sanomaan ei, ett\u00e4 ei meill\u00e4 ole varaa vaikka uuteen ripsiv\u00e4riin, Sanna sanoi Iltalehden haastattelussa.<\/p>\n<p class=\"paragraph\">Sannaa my\u00f6s surettaa, kuinka h\u00e4nen toista lastaan kiusataan k\u00f6yhyyden takia.<\/p>\n<p class=\"paragraph\">Penttala ymm\u00e4rt\u00e4\u00e4, ett\u00e4 heikosta taloustilanteesta keskusteleminen lapsen kanssa voi tuntua aikuisesta vaikealta. H\u00e4n pit\u00e4\u00e4 sit\u00e4 kuitenkin eritt\u00e4in t\u00e4rke\u00e4n\u00e4.<\/p>\n<p class=\"paragraph\">\u2013 T\u00e4rke\u00e4\u00e4 on tuoda se toiveikas n\u00e4k\u00f6kulma my\u00f6s esiin. Lapselle voi sanoa, ett\u00e4 tilanne on nyt t\u00e4m\u00e4, mutta onneksi olemme perhe ja rakkauteni sinua kohtaan ei koskaan lopu.<\/p>\n<p class=\"paragraph\">\u2013 Tarkoista luvuista ei tarvitse puhua, mutta voi suoraan my\u00f6nt\u00e4\u00e4, ett\u00e4 t\u00e4ss\u00e4 kohtaa ei ole varaa.<\/p>\n<p class=\"paragraph\">Supernannyn mielest\u00e4 hyv\u00e4tuloisten olisi my\u00f6s syyt\u00e4 mietti\u00e4 ennen kuin jakavat neuvoja sosiaalisessa mediassa.<\/p>\n<p class=\"paragraph\">\u2013 Minua suorastaan on \u00e4rsytt\u00e4nyt lukea neuvoja, joissa hyv\u00e4tuloiset sanovat, ett\u00e4 ovathan kaikki vanhemmat tajunneet etsi\u00e4 esimerkiksi l\u00e4tk\u00e4varusteita kirpputoreilta.<\/p>\n<p class=\"paragraph\">\u2013 En ole koskaan urallani tavannut n\u00e4in vahvaa lapsiperhek\u00f6yhyytt\u00e4 kuin t\u00e4n\u00e4 p\u00e4iv\u00e4n\u00e4.<\/p>\n<p>Petollinen<\/p>\n<p class=\"paragraph\">Penttala t\u00e4hditti t\u00e4n\u00e4 syksyn\u00e4 uusinta Petolliset-kautta. Matka p\u00e4\u00e4ttyi kuitenkin lyhyeen, kun uskolliset \u00e4\u00e4nestiv\u00e4t h\u00e4net kotimatkalle.<\/p>\n<p class=\"paragraph\">\u2013 Aivan huikea peli, mutta minua harmitti putoaminen. Jos olisin ollut pikkuisen nopeampi ja uskaltanut vaikuttaa, niin olisin ollut mukana paljon pidemp\u00e4\u00e4n. Kuvauksissa piti luoda suhteita niin nopeasti, Penttala pohtii j\u00e4lkik\u00e4teen.<\/p>\n<p class=\"paragraph\">Kauden aikana keskustelua her\u00e4tti laulaja-tubettaja <strong>Tuure Boeliuksen<\/strong> <a href=\"https:\/\/www.iltalehti.fi\/tv-ja-leffat\/05eaeca1-1772-4c2b-8ee4-ea158f98bafc\" rel=\"nofollow noopener\" target=\"_blank\">ik\u00e4kommentti<\/a> Penttalasta. Laulaja pahoitteli my\u00f6hemmin ohjelmassa sanomisiaan.<\/p>\n<p>Pia Penttala ja Tuure Boelius kilpailivat Petollisissa. Nelonen<\/p>\n<p class=\"paragraph\">Supernanny sanoo, ettei pahoittanut mielt\u00e4ns\u00e4 laulajan kommentista.<\/p>\n<p class=\"paragraph\">\u2013 Jos olisin ottanut siit\u00e4 itseeni, niin sitten minun pit\u00e4isi katsoa peilist\u00e4 ja mietti\u00e4, kannattaako tuollaiseen ohjelmaan edes menn\u00e4.<\/p>\n","protected":false},"excerpt":{"rendered":"Lapsiperheiden talousahdinko huolestuttaa Supernannya. Pia Penttala saapui katsomaan Tanssii t\u00e4htien kanssa -ohjelmaa sunnuntai-iltana paikan p\u00e4\u00e4lle. Atte Kajova Kasvatusalan&hellip;\n","protected":false},"author":2,"featured_media":87217,"comment_status":"","ping_status":"","sticky":false,"template":"","format":"standard","meta":{"footnotes":""},"categories":[133],"tags":[35,138,137,33,31,30,99,100,47,98,32,206,156,109],"class_list":{"0":"post-87216","1":"post","2":"type-post","3":"status-publish","4":"format-standard","5":"has-post-thumbnail","7":"category-televisiot","8":"tag-24h","9":"tag-audio","10":"tag-entertainment","11":"tag-fi","12":"tag-finland","13":"tag-finnish","14":"tag-lapset","15":"tag-lapset-ja-nuoret","16":"tag-musiikki","17":"tag-perhe","18":"tag-suomi","19":"tag-televisiot","20":"tag-tv","21":"tag-viihde"},"share_on_mastodon":{"url":"https:\/\/pubeurope.com\/@fi\/115531135547715889","error":""},"_links":{"self":[{"href":"https:\/\/www.europesays.com\/fi\/wp-json\/wp\/v2\/posts\/87216","targetHints":{"allow":["GET"]}}],"collection":[{"href":"https:\/\/www.europesays.com\/fi\/wp-json\/wp\/v2\/posts"}],"about":[{"href":"https:\/\/www.europesays.com\/fi\/wp-json\/wp\/v2\/types\/post"}],"author":[{"embeddable":true,"href":"https:\/\/www.europesays.com\/fi\/wp-json\/wp\/v2\/users\/2"}],"replies":[{"embeddable":true,"href":"https:\/\/www.europesays.com\/fi\/wp-json\/wp\/v2\/comments?post=87216"}],"version-history":[{"count":0,"href":"https:\/\/www.europesays.com\/fi\/wp-json\/wp\/v2\/posts\/87216\/revisions"}],"wp:featuredmedia":[{"embeddable":true,"href":"https:\/\/www.europesays.com\/fi\/wp-json\/wp\/v2\/media\/87217"}],"wp:attachment":[{"href":"https:\/\/www.europesays.com\/fi\/wp-json\/wp\/v2\/media?parent=87216"}],"wp:term":[{"taxonomy":"category","embeddable":true,"href":"https:\/\/www.europesays.com\/fi\/wp-json\/wp\/v2\/categories?post=87216"},{"taxonomy":"post_tag","embeddable":true,"href":"https:\/\/www.europesays.com\/fi\/wp-json\/wp\/v2\/tags?post=87216"}],"curies":[{"name":"wp","href":"https:\/\/api.w.org\/{rel}","templated":true}]}}