{"id":87218,"date":"2025-11-11T12:46:09","date_gmt":"2025-11-11T12:46:09","guid":{"rendered":"https:\/\/www.europesays.com\/fi\/87218\/"},"modified":"2025-11-11T12:46:09","modified_gmt":"2025-11-11T12:46:09","slug":"hectoria-esittaa-kristo-salminen-laulajalla-selva-mielipide-roolituksesta","status":"publish","type":"post","link":"https:\/\/www.europesays.com\/fi\/87218\/","title":{"rendered":"Hectoria esitt\u00e4\u00e4 Kristo Salminen \u2013 laulajalla selv\u00e4 mielipide roolituksesta"},"content":{"rendered":"<p>  <img decoding=\"async\" class=\"article-header-image__featured-image awpo-lazy\" alt=\"\" src=\"https:\/\/www.europesays.com\/fi\/wp-content\/uploads\/2025\/11\/hector-hero-scaled.jpg\"\/><\/p>\n<p class=\"article-header__excerpt \">\n    Kotimaisen popin ja rockin legenda Heikki &#8221;Hector&#8221; Harma antoi itsest\u00e4\u00e4n kertovan kuunnelman tekij\u00f6ille vapaat k\u00e4det el\u00e4m\u00e4ns\u00e4 dramatisointiin. Ennakkoon h\u00e4n ei sit\u00e4 itse kuunnellut, vaan odottaa sopivaa hetke\u00e4.  <\/p>\n<dl class=\"article-meta__list\">\n<p><dt class=\"article-meta__role\">Teksti<\/dt>\n<dd class=\"article-meta__name\">Iina Alanko<\/dd>\n<\/p>\n<p><dt class=\"article-meta__role\">Kuvat<\/dt>\n<dd class=\"article-meta__name\">Anne H\u00e4m\u00e4l\u00e4inen \/ Yle<\/dd>\n<\/p>\n<dt class=\"screen-reader-text\">Julkaisup\u00e4iv\u00e4m\u00e4\u00e4r\u00e4<\/dt>\n<dd>\n<p>        11.11.2025\n    <\/dd>\n<\/dl>\n<p>Kun <strong>Heikki \u201dHector\u201d Harmaa<\/strong> kysyttiin Ylen uuden audiodraaman p\u00e4\u00e4henkil\u00f6ksi, h\u00e4n mietti asiaa vain hetken.<\/p>\n<p>\u201dAjattelin, ett\u00e4 perhana, kerrankos sit\u00e4.\u201d<\/p>\n<p>Nyt Yle Areenassa on julkaistu audiodraama Hector \u2013 Asfalttiprinssin tie, joka kertoo Heikin\/Hectorin el\u00e4m\u00e4ntarinan lapsuudesta t\u00e4h\u00e4n p\u00e4iv\u00e4\u00e4n. Kymmenosaisen sarjan on k\u00e4sikirjoittanut <strong>Kaisa Kuikkaniemi<\/strong>, ohjannut <strong>Jarno Kuosa <\/strong>ja dramatisoinut <strong>Eeva-Maaria Halonen<\/strong>.<\/p>\n<p>Hectoria kuunnelmassa esitt\u00e4\u00e4 <strong>Kristo Salminen<\/strong> ja muita rooleja muun muassa <strong>Sampo Sarkola<\/strong>, <strong>Eeva Soivio<\/strong>, <strong>Elena Leeve<\/strong>, <strong>Annika Poij\u00e4rvi <\/strong>ja <strong>Elmer B\u00e4ck<\/strong>.<\/p>\n<p>Tarina k\u00e4ynnistyy 1950-luvun Helsingist\u00e4, T\u00f6\u00f6l\u00f6n kivisilt\u00e4 kaduilta, ja seuraa Hectorin matkaa Mandoliinimies\u2013 ja Lumi teki enkelin eteiseen -hiteist\u00e4 1990-luvun lopulla tehtyyn Mestarit Areenalla -kiertueeseen asti.<\/p>\n<p>Aiemmin vastaavia, dramatisoituja kuunnelmia suomalaisten rakastamista legendoista on Yle Areenaan tehty muun muassa <strong>G\u00f6sta Sundqvistista<\/strong>, <strong>Armi Aavikosta<\/strong> ja <strong>Vesa-Matti Loirista<\/strong>. Ne ovat l\u00f6yt\u00e4neet yleis\u00f6ns\u00e4 ja olleet hyvin suosittuja.<\/p>\n<p>Tuttuja ne olivat my\u00f6s Hectorille, jolle p\u00e4\u00e4llimm\u00e4isen\u00e4 mieleen on j\u00e4\u00e4nyt Rakastitko, Vesku -kuunnelma.<\/p>\n<p>\u201dNiit\u00e4 kuunnellessa mietin joskus, ett\u00e4 mit\u00e4k\u00f6h\u00e4n vastaisin, jos minua joskus kysytt\u00e4isiin mukaan vastaavaan. En ole hirve\u00e4n herk\u00e4sti t\u00e4m\u00e4n tyyppisiin juttuihin l\u00e4htenyt, varsinkin siit\u00e4 syyst\u00e4, ett\u00e4 lopputulos ei ole mill\u00e4\u00e4n tavalla minun kontrolloitavissani \u2013 kyse kun on dramatisoidusta fiktiosta\u201d, Hector kertoo.<\/p>\n<p>\u201dHyv\u00e4\u00e4 viihdett\u00e4 suomalaisille\u201d<\/p>\n<p>Kun yhteydenotto sitten tuli, Heikki vastasi my\u00f6nt\u00e4v\u00e4sti.<\/p>\n<p>\u201dAjattelin, ett\u00e4 siin\u00e4 saavat suomalaiset hyv\u00e4\u00e4 viihdett\u00e4. Luotin my\u00f6s k\u00e4sikirjoittaja Kaisa Kuikkaniemen ammattitaitoon.\u201d<\/p>\n<p>Kaisa asuu miehens\u00e4, n\u00e4yttelij\u00e4 <strong>Eppu Salmisen<\/strong> ja perheens\u00e4 kanssa Korsikalla, josta h\u00e4n viime kev\u00e4\u00e4n\u00e4 alkoi soittaa pitki\u00e4 puheluja Hectorille.<\/p>\n<p>\u201dParin kuukauden aikana k\u00e4vimme useita v\u00e4hint\u00e4\u00e4n tunnin mittaisia keskusteluja. H\u00e4n perehtyi hyvin vaiheisiini, ja kerroin h\u00e4nelle yksityiskohtia, joita ei ole ennen noussut esiin mutta jotka t\u00e4llaiseen dramatisointiin voisivat sopia. Annoin kuunnelmaan mielell\u00e4\u00e4n oman panokseni ja olin avuksi, mutta lopulta kyse on tekij\u00e4tiimin tulkinnasta.\u201d<\/p>\n<p><strong>Lue my\u00f6s Anna.fi:<\/strong> <a href=\"https:\/\/anna.fi\/ihmiset\/hippivaatteita-otsatukka-nain-hectorin-tyyli-muuttunut\" rel=\"nofollow noopener\" target=\"_blank\">Hippivaatteita ja otsatukka \u2013 N\u00e4in Hectorin tyyli on vuosien varrella muuttunut!<\/a><\/p>\n<p>    <a href=\"https:\/\/kotiliesi.fi\/wp-content\/uploads\/2025\/11\/yle_hector---asfalttiprinssin-tie_okl9lgoiq9cunqxsne60-jpgversion.jpg\" rel=\"nofollow noopener\" target=\"_blank\"><img fetchpriority=\"high\" decoding=\"async\" alt=\"\" class=\"wp-image-538506 awpo-lqip awpo-lazy\" width=\"1080\" height=\"1350\" style=\"--aspect-ratio: 0.8\" src=\"https:\/\/www.europesays.com\/fi\/wp-content\/uploads\/2025\/11\/yle_hector---asfalttiprinssin-tie_okl9lgoiq9cunqxsne60-jpgversion-760x950.jpg\"\/><\/a><br \/>\n      Hectorin ensimm\u00e4iset, 1970-luvulla julkaistut albumit Nostalgia, Herra Mirandos ja Hectorock tekiv\u00e4t h\u00e4nest\u00e4 koko kansan tunteman t\u00e4hden.           <\/p>\n<p>Hector tutustui Kristo Salmiseen parisen vuotta sitten<\/p>\n<p>Kristo Salmisen valinta p\u00e4\u00e4rooliin oli Heikille iloinen yll\u00e4tys.<\/p>\n<p>\u201dH\u00e4mm\u00e4stys oli suuri, kun kuulin ett\u00e4 Kristo esitt\u00e4isi minua. Se oli minulle mieluista, koska h\u00e4n on hieno n\u00e4yttelij\u00e4 ja olen pit\u00e4nyt h\u00e4nen duuneistaan. H\u00e4n oli loistava Queen of Fucking Everythingissa, niin kuin oli koko sarja.\u201d<\/p>\n<p><strong>Lue my\u00f6s: <\/strong><a href=\"https:\/\/kotiliesi.fi\/ihmiset\/kristo-salminen\/\" rel=\"nofollow noopener\" target=\"_blank\">N\u00e4yttelij\u00e4 Kristo Salminen j\u00e4tti vakity\u00f6ns\u00e4, jotta voisi selvit\u00e4 el\u00e4m\u00e4st\u00e4\u00e4n: \u201dKierolla tavalla paha olo oli alkanut tuottaa minulle hyv\u00e4\u00e4 oloa\u201d<\/a><\/p>\n<p>Heikki tuntee Kriston is\u00e4n <strong>Esko Salmisen<\/strong>, mutta Kriston h\u00e4n tapasi ensimm\u00e4isen kerran puolitoista vuotta sitten sitten vappuna.<\/p>\n<p>\u201dOlimme vaimoni <strong>Saritan<\/strong> kanssa samoissa perinteisiss\u00e4 pihajuhlissa kuin Kristo ja h\u00e4nen nykyinen kumppaninsa <strong>Jonna J\u00e4rnefelt<\/strong>. Sarita ja Jonna ovat tuttuja kouluajoista l\u00e4htien, ja tutustuimme silloin Kriston kanssa kuohuviinin ja vappufiilistelyn yhteydess\u00e4.\u201d<\/p>\n<p>Seuraavan kerran Heikki ja Kristo kohtasivat Pasilassa Yleisradion studioilla vasta, kun Asfalttiprinssin tie -kuunnelma oli jo melkein valmis.<\/p>\n<p>\u201dK\u00e4vi ilmi, ett\u00e4 meid\u00e4n \u00e4\u00e4nemme ovat aika samassa rekisteriss\u00e4, joten Kristolle ei tuottanut vaikeuksia saada minun lauseitani tulemaan omasta suustaan. Tarinassa on aika iso kaari, ja Kristo esitt\u00e4\u00e4 minua sek\u00e4 nuorena ett\u00e4 keski-ik\u00e4istyv\u00e4n\u00e4 ja niin edelleen, ja se on ihan hauska juttu sin\u00e4ns\u00e4.\u201d<\/p>\n<p>\u201dS\u00e4\u00e4stelen kuuntelua sopivaan hetkeen\u201d<\/p>\n<p>Hector ei ole viel\u00e4 kuunnellut Asfalttiprinssin tarinaa, vaikka sarjan kaikki jaksot l\u00e4hetettiin h\u00e4nelle ennakkoon.<\/p>\n<p>\u201dOlen s\u00e4\u00e4stellyt sit\u00e4 johonkin sopivaan iltaan, jolloin ehdin sen kuunnella rauhassa kokonaan. Vasta sen j\u00e4lkeen annan Saritan kuunnella sen\u201d, h\u00e4n myh\u00e4ilee.<\/p>\n<p>\u201dMinulla ei ole mik\u00e4\u00e4n kiire kuuntelemisen kanssa, koska siell\u00e4h\u00e4n se on ja pysyy, eik\u00e4 mit\u00e4\u00e4n voi en\u00e4\u00e4 peruuttaa. Se on ihan sama milloin min\u00e4 sen kuuntelen, mutta mielen pit\u00e4\u00e4 olla hyv\u00e4, vastaanottavainen ja itselle armelias, kun siihen ryhtyy. Mutta eih\u00e4n se el\u00e4m\u00e4\u00e4ni miksik\u00e4\u00e4n muuta.\u201d<\/p>\n<p>Heikki ei my\u00f6sk\u00e4\u00e4n lukenut tai kommentoinut sarjan k\u00e4sikirjoitusta, vaan on antanut tekij\u00f6ille t\u00e4yden taiteellisen vapauden. Lopputulos ei j\u00e4nnit\u00e4 h\u00e4nt\u00e4.<\/p>\n<p>\u201dAsfalttiprinssin tarina ei ole mill\u00e4\u00e4n tavalla mik\u00e4\u00e4n sensaatio- tai l\u00f6\u00f6ppisarja, vaan ihan puhtaasti vanhanaikaisen radiokuunnelman perinteit\u00e4 jatkavaa viihdett\u00e4. Teimme tietyt reunaehdot hyvin selviksi. Olen kertonut yksityisest\u00e4 min\u00e4st\u00e4ni sen verran, mik\u00e4 on ollut kiinnostavaa kuunnelman kannalta. Perheest\u00e4 tai avioliitosta tai lapsista ei nosteta mit\u00e4\u00e4n erityisesti esiin, ne kulkevat vain siell\u00e4 mukana. \u201d<\/p>\n<p>\u201dDraama pit\u00e4\u00e4 saada toteutua siten kuin draama toteutuu. Ei pid\u00e4 menn\u00e4 sorkkimaan tai \u00e4rhentelem\u00e4\u00e4n mist\u00e4\u00e4n pikkuasioista, koska kyse on kuitenkin fiktiosta ja dramatisoidusta tulkinnasta. Asfalttiprinssin tie on sen tehneen tiimin n\u00e4kemys minusta artistina \u2013 ei siis mik\u00e4\u00e4n dokumentti.\u201d<\/p>\n<p>Hector \u2013 Asfalttiprinssin tarina Yle Areenassa alkaen 11. marraskuuta 2025.<\/p>\n<p>        Toimitus suosittelee<\/p>\n<p>Kaupalliset yhteisty\u00f6t<br \/>\nSuosituimmat<\/p>\n<p>Kaupalliset yhteisty\u00f6t<\/p>\n","protected":false},"excerpt":{"rendered":"Kotimaisen popin ja rockin legenda Heikki &#8221;Hector&#8221; Harma antoi itsest\u00e4\u00e4n kertovan kuunnelman tekij\u00f6ille vapaat k\u00e4det el\u00e4m\u00e4ns\u00e4 dramatisointiin. Ennakkoon&hellip;\n","protected":false},"author":2,"featured_media":87219,"comment_status":"","ping_status":"","sticky":false,"template":"","format":"standard","meta":{"footnotes":""},"categories":[132],"tags":[137,33,31,30,3319,195,47,32,109],"class_list":{"0":"post-87218","1":"post","2":"type-post","3":"status-publish","4":"format-standard","5":"has-post-thumbnail","7":"category-musiikki","8":"tag-entertainment","9":"tag-fi","10":"tag-finland","11":"tag-finnish","12":"tag-laulajat","13":"tag-music","14":"tag-musiikki","15":"tag-suomi","16":"tag-viihde"},"share_on_mastodon":{"url":"https:\/\/pubeurope.com\/@fi\/115531139742892936","error":""},"_links":{"self":[{"href":"https:\/\/www.europesays.com\/fi\/wp-json\/wp\/v2\/posts\/87218","targetHints":{"allow":["GET"]}}],"collection":[{"href":"https:\/\/www.europesays.com\/fi\/wp-json\/wp\/v2\/posts"}],"about":[{"href":"https:\/\/www.europesays.com\/fi\/wp-json\/wp\/v2\/types\/post"}],"author":[{"embeddable":true,"href":"https:\/\/www.europesays.com\/fi\/wp-json\/wp\/v2\/users\/2"}],"replies":[{"embeddable":true,"href":"https:\/\/www.europesays.com\/fi\/wp-json\/wp\/v2\/comments?post=87218"}],"version-history":[{"count":0,"href":"https:\/\/www.europesays.com\/fi\/wp-json\/wp\/v2\/posts\/87218\/revisions"}],"wp:featuredmedia":[{"embeddable":true,"href":"https:\/\/www.europesays.com\/fi\/wp-json\/wp\/v2\/media\/87219"}],"wp:attachment":[{"href":"https:\/\/www.europesays.com\/fi\/wp-json\/wp\/v2\/media?parent=87218"}],"wp:term":[{"taxonomy":"category","embeddable":true,"href":"https:\/\/www.europesays.com\/fi\/wp-json\/wp\/v2\/categories?post=87218"},{"taxonomy":"post_tag","embeddable":true,"href":"https:\/\/www.europesays.com\/fi\/wp-json\/wp\/v2\/tags?post=87218"}],"curies":[{"name":"wp","href":"https:\/\/api.w.org\/{rel}","templated":true}]}}