{"id":87220,"date":"2025-11-11T12:47:08","date_gmt":"2025-11-11T12:47:08","guid":{"rendered":"https:\/\/www.europesays.com\/fi\/87220\/"},"modified":"2025-11-11T12:47:08","modified_gmt":"2025-11-11T12:47:08","slug":"herra-ylpon-kronos-kairos-elokuva-yksi-vuoden-heikoimmista-avauksista","status":"publish","type":"post","link":"https:\/\/www.europesays.com\/fi\/87220\/","title":{"rendered":"Herra Ylp\u00f6n Kronos Kairos -elokuva: Yksi vuoden heikoimmista avauksista"},"content":{"rendered":"<p class=\"article-content article-content-width !bg-background\">Muusikkona paremmin tunnetun <a alt=\"Haku\" class=\"text-primary-red font-extrabold\" href=\"https:\/\/www.seiska.fi\/haku?q=Herra Ylp\u00f6n\" rel=\"nofollow noopener\" target=\"_blank\">Herra Ylp\u00f6n<\/a> poikkitaiteellinen esikoisohjaus Kronos Kairos on tehnyt yhden vuoden huonoimmista avaustuloksista.<\/p>\n<p class=\"font-weight-bold m-font-weight-bold italic m-italic article-content article-content-width !bg-background\">Arkistovideo: Herra Ylpp\u00f6 kertoo Kronos Kairos -elokuvastaan<\/p>\n<p class=\"article-content article-content-width !bg-background\">Perjantaina 7. marraskuuta 15 teatterissa ensi-iltansa saaneen elokuvan n\u00e4ki viikonloppuna 130 katsojaa. Vertailuna todettakoon, ett\u00e4 <a alt=\"Haku\" class=\"text-primary-red font-extrabold\" href=\"https:\/\/www.seiska.fi\/haku?q=Anna Erikssonin\" rel=\"nofollow noopener\" target=\"_blank\">Anna Erikssonin<\/a> taide-elokuvatrilogian p\u00e4\u00e4t\u00f6sosa E ker\u00e4si syyskuun lopulla 16 teatterissa 297 katsojaa.<\/p>\n<p class=\"article-content article-content-width !bg-background\">Kronos Kairos on esitetty aiemmin kourallisella kotimaisia festivaaleja, joiden katsojaluvut eiv\u00e4t ole tiedossa. Ilman tuotantotukea tehty elokuva sai markkinointi- ja levitystukea Suomen elokuvas\u00e4\u00e4ti\u00f6lt\u00e4 5 000 euroa.<\/p>\n<p>                <img decoding=\"async\" src=\"https:\/\/www.europesays.com\/fi\/wp-content\/uploads\/2025\/11\/1971646.webp\" width=\"576\" height=\"480\" alt=\"Kronos Kairos\" loading=\"lazy\" \/>            <\/p>\n<p>\n            Kronos Kairos<br \/>\n            Kovameno\n        <\/p>\n<p>Pohjalla oma avioero<\/p>\n<p class=\"article-content article-content-width !bg-background\"><a alt=\"Haku\" class=\"text-primary-red font-extrabold\" href=\"https:\/\/www.seiska.fi\/haku?q=Mika L\u00e4tin\" rel=\"nofollow noopener\" target=\"_blank\">Mika L\u00e4tin<\/a> kanssa k\u00e4sikirjoitettu Kronos Kairos perustuu ohjaajan mukaan h\u00e4nen omiin kokemuksiinsa avioerosta, joka johtaa tinnitukseen, miehiseen irrationaalisuuteen ja ep\u00e4toivoiseen tasapainon etsimiseen.<\/p>\n<p class=\"article-content article-content-width !bg-background\">Herra Ylpp\u00f6 on itse kutsunut mustavalkoista Kronos Kairosta taidetieteiselokuvaksi, jonka tarinassa j\u00e4tetty mies (<a alt=\"Haku\" class=\"text-primary-red font-extrabold\" href=\"https:\/\/www.seiska.fi\/haku?q=Protoni J\u00e4rvinen\" rel=\"nofollow noopener\" target=\"_blank\">Protoni J\u00e4rvinen<\/a>) \u201dvelloo surkeassa olossaan tuulien armoilla keskell\u00e4 karunkaunista maisemaa ja yritt\u00e4\u00e4 ep\u00e4toivoisesti etsi\u00e4 uutta tasapainoa\u201d.<\/p>\n<p class=\"article-content article-content-width !bg-background\">Elokuvan tuottajina ovat toimineet L\u00e4tin ja Ylp\u00f6n lis\u00e4ksi <a alt=\"Haku\" class=\"text-primary-red font-extrabold\" href=\"https:\/\/www.seiska.fi\/haku?q=Toni J\u00e4rvinen\" rel=\"nofollow noopener\" target=\"_blank\">Toni J\u00e4rvinen<\/a>, <a alt=\"Haku\" class=\"text-primary-red font-extrabold\" href=\"https:\/\/www.seiska.fi\/haku?q=Jari Sarasvuo\" rel=\"nofollow noopener\" target=\"_blank\">Jari Sarasvuo<\/a>, <a alt=\"Haku\" class=\"text-primary-red font-extrabold\" href=\"https:\/\/www.seiska.fi\/haku?q=Mariska\" rel=\"nofollow noopener\" target=\"_blank\">Mariska<\/a> ja <a alt=\"Haku\" class=\"text-primary-red font-extrabold\" href=\"https:\/\/www.seiska.fi\/haku?q=Bo Malmberg\" rel=\"nofollow noopener\" target=\"_blank\">Bo Malmberg<\/a>. Ohjaamisen ohella Herra Ylpp\u00f6 on my\u00f6s kuvannut ja leikannut elokuvan.<\/p>\n","protected":false},"excerpt":{"rendered":"Muusikkona paremmin tunnetun Herra Ylp\u00f6n poikkitaiteellinen esikoisohjaus Kronos Kairos on tehnyt yhden vuoden huonoimmista avaustuloksista. Arkistovideo: Herra Ylpp\u00f6&hellip;\n","protected":false},"author":2,"featured_media":87221,"comment_status":"","ping_status":"","sticky":false,"template":"","format":"standard","meta":{"footnotes":""},"categories":[131],"tags":[4213,2759,623,155,137,33,173,31,30,13496,15328,15327,172,10965,32,109],"class_list":{"0":"post-87220","1":"post","2":"type-post","3":"status-publish","4":"format-standard","5":"has-post-thumbnail","7":"category-elokuvat","8":"tag-anna-eriksson","9":"tag-avioero","10":"tag-elokuva","11":"tag-elokuvat","12":"tag-entertainment","13":"tag-fi","14":"tag-film","15":"tag-finland","16":"tag-finnish","17":"tag-herra-ylppo","18":"tag-kronos-kairos","19":"tag-maj-karma","20":"tag-movies","21":"tag-suomen-elokuvasaatio","22":"tag-suomi","23":"tag-viihde"},"share_on_mastodon":{"url":"https:\/\/pubeurope.com\/@fi\/115531143153537943","error":""},"_links":{"self":[{"href":"https:\/\/www.europesays.com\/fi\/wp-json\/wp\/v2\/posts\/87220","targetHints":{"allow":["GET"]}}],"collection":[{"href":"https:\/\/www.europesays.com\/fi\/wp-json\/wp\/v2\/posts"}],"about":[{"href":"https:\/\/www.europesays.com\/fi\/wp-json\/wp\/v2\/types\/post"}],"author":[{"embeddable":true,"href":"https:\/\/www.europesays.com\/fi\/wp-json\/wp\/v2\/users\/2"}],"replies":[{"embeddable":true,"href":"https:\/\/www.europesays.com\/fi\/wp-json\/wp\/v2\/comments?post=87220"}],"version-history":[{"count":0,"href":"https:\/\/www.europesays.com\/fi\/wp-json\/wp\/v2\/posts\/87220\/revisions"}],"wp:featuredmedia":[{"embeddable":true,"href":"https:\/\/www.europesays.com\/fi\/wp-json\/wp\/v2\/media\/87221"}],"wp:attachment":[{"href":"https:\/\/www.europesays.com\/fi\/wp-json\/wp\/v2\/media?parent=87220"}],"wp:term":[{"taxonomy":"category","embeddable":true,"href":"https:\/\/www.europesays.com\/fi\/wp-json\/wp\/v2\/categories?post=87220"},{"taxonomy":"post_tag","embeddable":true,"href":"https:\/\/www.europesays.com\/fi\/wp-json\/wp\/v2\/tags?post=87220"}],"curies":[{"name":"wp","href":"https:\/\/api.w.org\/{rel}","templated":true}]}}