{"id":87230,"date":"2025-11-11T12:55:07","date_gmt":"2025-11-11T12:55:07","guid":{"rendered":"https:\/\/www.europesays.com\/fi\/87230\/"},"modified":"2025-11-11T12:55:07","modified_gmt":"2025-11-11T12:55:07","slug":"tyoministeri-marttinen-muokatun-kuvan-julkaiseminen-oli-virhe","status":"publish","type":"post","link":"https:\/\/www.europesays.com\/fi\/87230\/","title":{"rendered":"Ty\u00f6ministeri Marttinen: muokatun kuvan julkaiseminen oli virhe"},"content":{"rendered":"<p>Kuvamanipulaatio|Ty\u00f6ministeri Matias Marttinen suhtautui muokattuun kuvaan huumorilla, mutta totesi, ettei suosittele manipuloitujen kuvien julkaisemista somessa.<\/p>\n<p class=\"article-body mb-nof-24 px-nof-16\">Ty\u00f6ministeri <a class=\"article-personlink\" href=\"https:\/\/www.hs.fi\/haku\/?query=Matias%20Marttinen\" rel=\"nofollow noopener\" target=\"_blank\">Matias Marttinen<\/a> (kok) sanoi tiistaina, ett\u00e4 h\u00e4nen Instagramissa julkaisemansa manipuloitu kuva oli virhe.<\/p>\n<p class=\"article-body mb-nof-24 px-nof-16\">\u201dKuvaa oli muokattu tiet\u00e4m\u00e4tt\u00e4ni. En olisi miss\u00e4\u00e4n tapauksessa kuvaa julkaissut, jos olisin tiennyt, ett\u00e4 kuvaa on muokattu\u201d, Marttinen totesi tiistaina medialle eduskunnassa ja sanoi k\u00e4yneens\u00e4 tiimins\u00e4 kanssa l\u00e4pi tapauksen.<\/p>\n<p class=\"article-body mb-nof-24 px-nof-16\">Marttinen julkaisi perjantaina Instagramissa kuvan, joka on selv\u00e4sti muokattu. Kuvassa Marttisen jalka katkeaa nilkan kohdalta ja leijuu ilmassa, ja lis\u00e4ksi h\u00e4nen kasvojensa ja sein\u00e4n v\u00e4liin j\u00e4\u00e4 vaalea viiva.<\/p>\n<p class=\"article-body mb-nof-24 px-nof-16\">Kuvassa poseeraavat Marttinen ja tet-harjoittelija, joka oli viikon seuraamassa ministerin ty\u00f6t\u00e4.<\/p>\n<p class=\"article-body mb-nof-24 px-nof-16\">Marttinen totesi tiistaina silmin n\u00e4hden huvittuneena, kuinka kuva on alkanut el\u00e4\u00e4 omaa el\u00e4m\u00e4\u00e4ns\u00e4 somessa. Kuvasta on muokattu muun muassa versio, jossa Marttinen seisoo Kuun kamaralla.<\/p>\n<p class=\"article-body mb-nof-24 px-nof-16\">\u201dJoidenkin pettymykseksi t\u00e4ytyy kuitenkin todeta, ett\u00e4 en siell\u00e4 Kuussa ole vaan normaalisti t\u00e4n\u00e4 aamuna olen mennyt ministeri\u00f6\u00f6n ja jatkanut suomalaisten ty\u00f6markkinoiden uudistamista.\u201d<\/p>\n<p class=\"article-body mb-nof-24 px-nof-16\">Marttinen sanoi, ett\u00e4 ei \u201dmiss\u00e4\u00e4n tapauksessa\u201d suosittele kollegoilleen muokattujen kuvien lataamista Instagramiin.<\/p>\n<p class=\"article-body mb-nof-24 px-nof-16\">Miksi manipuloitu kuva on edelleen Instagramissa?<\/p>\n<p class=\"article-body mb-nof-24 px-nof-16\">\u201dAsia ei muuksi muutu kuva sielt\u00e4 poistamalla\u201d, Marttinen vastasi.<\/p>\n<p class=\"article-body mb-nof-24 px-nof-16\">\u201dVirhe on tehty, ja nyt menn\u00e4\u00e4n eteenp\u00e4in.\u201d<\/p>\n","protected":false},"excerpt":{"rendered":"Kuvamanipulaatio|Ty\u00f6ministeri Matias Marttinen suhtautui muokattuun kuvaan huumorilla, mutta totesi, ettei suosittele manipuloitujen kuvien julkaisemista somessa. Ty\u00f6ministeri Matias Marttinen&hellip;\n","protected":false},"author":2,"featured_media":87231,"comment_status":"","ping_status":"","sticky":false,"template":"","format":"standard","meta":{"footnotes":""},"categories":[12],"tags":[22,23,26,27,33,31,30,17,46,24,25,28,29,15,18,21,32,19,20,16],"class_list":{"0":"post-87230","1":"post","2":"type-post","3":"status-publish","4":"format-standard","5":"has-post-thumbnail","7":"category-suomi","8":"tag-breaking-news","9":"tag-breakingnews","10":"tag-featured-news","11":"tag-featurednews","12":"tag-fi","13":"tag-finland","14":"tag-finnish","15":"tag-headlines","16":"tag-helsingin-sanomat","17":"tag-latest-news","18":"tag-latestnews","19":"tag-main-news","20":"tag-mainnews","21":"tag-news","22":"tag-otsikot","23":"tag-paauutiset","24":"tag-suomi","25":"tag-top-stories","26":"tag-topstories","27":"tag-uutiset"},"share_on_mastodon":{"url":"https:\/\/pubeurope.com\/@fi\/115531174714546202","error":""},"_links":{"self":[{"href":"https:\/\/www.europesays.com\/fi\/wp-json\/wp\/v2\/posts\/87230","targetHints":{"allow":["GET"]}}],"collection":[{"href":"https:\/\/www.europesays.com\/fi\/wp-json\/wp\/v2\/posts"}],"about":[{"href":"https:\/\/www.europesays.com\/fi\/wp-json\/wp\/v2\/types\/post"}],"author":[{"embeddable":true,"href":"https:\/\/www.europesays.com\/fi\/wp-json\/wp\/v2\/users\/2"}],"replies":[{"embeddable":true,"href":"https:\/\/www.europesays.com\/fi\/wp-json\/wp\/v2\/comments?post=87230"}],"version-history":[{"count":0,"href":"https:\/\/www.europesays.com\/fi\/wp-json\/wp\/v2\/posts\/87230\/revisions"}],"wp:featuredmedia":[{"embeddable":true,"href":"https:\/\/www.europesays.com\/fi\/wp-json\/wp\/v2\/media\/87231"}],"wp:attachment":[{"href":"https:\/\/www.europesays.com\/fi\/wp-json\/wp\/v2\/media?parent=87230"}],"wp:term":[{"taxonomy":"category","embeddable":true,"href":"https:\/\/www.europesays.com\/fi\/wp-json\/wp\/v2\/categories?post=87230"},{"taxonomy":"post_tag","embeddable":true,"href":"https:\/\/www.europesays.com\/fi\/wp-json\/wp\/v2\/tags?post=87230"}],"curies":[{"name":"wp","href":"https:\/\/api.w.org\/{rel}","templated":true}]}}