{"id":87250,"date":"2025-11-11T13:20:07","date_gmt":"2025-11-11T13:20:07","guid":{"rendered":"https:\/\/www.europesays.com\/fi\/87250\/"},"modified":"2025-11-11T13:20:07","modified_gmt":"2025-11-11T13:20:07","slug":"turkin-ilmavoimien-kuljetuskone-on-syoksynyt-maahan-uutisia-lyhyesti","status":"publish","type":"post","link":"https:\/\/www.europesays.com\/fi\/87250\/","title":{"rendered":"Turkin ilmavoimien kuljetuskone on sy\u00f6ksynyt maahan | Uutisia lyhyesti"},"content":{"rendered":"<p class=\"aw-1gybjub aw-1p7kakr kEtdKx cEmitX yle__article__paragraph\">Turkin ilmavoimien kuljetuskone on sy\u00f6ksynyt maahan Azerbaid\u017eanin ja Georgian rajan l\u00e4hell\u00e4. Asiasta kertoo Turkin puolustusministeri\u00f6 lyhytiviestipalvelu X:ss\u00e4.<\/p>\n<p class=\"aw-1gybjub aw-1p7kakr kEtdKx cEmitX yle__article__paragraph\">Ministeri\u00f6 kertoi, ett\u00e4 C-130-kone oli noussut ilmaan Azerbaid\u017eanista. Se oli palaamassa Turkkiin.<\/p>\n<p class=\"aw-1gybjub aw-1p7kakr kEtdKx cEmitX yle__article__paragraph\">Ministeri\u00f6n mukaan etsint\u00e4- ja pelastusoperaatio on k\u00e4ynnistetty yhteisty\u00f6ss\u00e4 Azerbaid\u017eanin ja Georgian viranomaisten kanssa. Kuljetuskoneen miehist\u00f6n j\u00e4senten m\u00e4\u00e4r\u00e4 ei ole selvill\u00e4.<\/p>\n<p class=\"aw-1gybjub aw-1p7kakr kEtdKx cEmitX yle__article__paragraph\">L\u00e4hteet: AP, Reuters<\/p>\n","protected":false},"excerpt":{"rendered":"Turkin ilmavoimien kuljetuskone on sy\u00f6ksynyt maahan Azerbaid\u017eanin ja Georgian rajan l\u00e4hell\u00e4. Asiasta kertoo Turkin puolustusministeri\u00f6 lyhytiviestipalvelu X:ss\u00e4. Ministeri\u00f6&hellip;\n","protected":false},"author":2,"featured_media":87251,"comment_status":"","ping_status":"","sticky":false,"template":"","format":"standard","meta":{"footnotes":""},"categories":[14],"tags":[1954,22,23,26,27,33,31,30,8605,17,24,25,4709,28,29,15,837,18,21,32,19,20,2735,56,16,59,60,61],"class_list":{"0":"post-87250","1":"post","2":"type-post","3":"status-publish","4":"format-standard","5":"has-post-thumbnail","7":"category-ulkomaat","8":"tag-azerbaidzan","9":"tag-breaking-news","10":"tag-breakingnews","11":"tag-featured-news","12":"tag-featurednews","13":"tag-fi","14":"tag-finland","15":"tag-finnish","16":"tag-georgia","17":"tag-headlines","18":"tag-latest-news","19":"tag-latestnews","20":"tag-lento-onnettomuudet","21":"tag-main-news","22":"tag-mainnews","23":"tag-news","24":"tag-onnettomuudet","25":"tag-otsikot","26":"tag-paauutiset","27":"tag-suomi","28":"tag-top-stories","29":"tag-topstories","30":"tag-turkki","31":"tag-ulkomaat","32":"tag-uutiset","33":"tag-world","34":"tag-world-news","35":"tag-worldnews"},"share_on_mastodon":{"url":"https:\/\/pubeurope.com\/@fi\/115531272998049663","error":""},"_links":{"self":[{"href":"https:\/\/www.europesays.com\/fi\/wp-json\/wp\/v2\/posts\/87250","targetHints":{"allow":["GET"]}}],"collection":[{"href":"https:\/\/www.europesays.com\/fi\/wp-json\/wp\/v2\/posts"}],"about":[{"href":"https:\/\/www.europesays.com\/fi\/wp-json\/wp\/v2\/types\/post"}],"author":[{"embeddable":true,"href":"https:\/\/www.europesays.com\/fi\/wp-json\/wp\/v2\/users\/2"}],"replies":[{"embeddable":true,"href":"https:\/\/www.europesays.com\/fi\/wp-json\/wp\/v2\/comments?post=87250"}],"version-history":[{"count":0,"href":"https:\/\/www.europesays.com\/fi\/wp-json\/wp\/v2\/posts\/87250\/revisions"}],"wp:featuredmedia":[{"embeddable":true,"href":"https:\/\/www.europesays.com\/fi\/wp-json\/wp\/v2\/media\/87251"}],"wp:attachment":[{"href":"https:\/\/www.europesays.com\/fi\/wp-json\/wp\/v2\/media?parent=87250"}],"wp:term":[{"taxonomy":"category","embeddable":true,"href":"https:\/\/www.europesays.com\/fi\/wp-json\/wp\/v2\/categories?post=87250"},{"taxonomy":"post_tag","embeddable":true,"href":"https:\/\/www.europesays.com\/fi\/wp-json\/wp\/v2\/tags?post=87250"}],"curies":[{"name":"wp","href":"https:\/\/api.w.org\/{rel}","templated":true}]}}