{"id":87275,"date":"2025-11-11T14:00:11","date_gmt":"2025-11-11T14:00:11","guid":{"rendered":"https:\/\/www.europesays.com\/fi\/87275\/"},"modified":"2025-11-11T14:00:11","modified_gmt":"2025-11-11T14:00:11","slug":"uj-vilma-melasniemella-syopa","status":"publish","type":"post","link":"https:\/\/www.europesays.com\/fi\/87275\/","title":{"rendered":"UJ: Vilma Melasniemell\u00e4 sy\u00f6p\u00e4"},"content":{"rendered":"<p>N\u00e4yttelij\u00e4 Vilma Melasniemi kertoo Uuden Jutun haastattelussa, sairastuneensa sy\u00f6p\u00e4\u00e4n vuonna 2024.<\/p>\n<p><img decoding=\"async\" class=\"image image-show image-preview\" src=\"https:\/\/www.europesays.com\/fi\/wp-content\/uploads\/2025\/11\/1994e417a8bad347230bde539e6d91ebbe7197df9ff33a8875dfecb40236f809.jpg\" alt=\"\"\/><img decoding=\"async\" class=\"image image-show\" src=\"https:\/\/www.europesays.com\/fi\/wp-content\/uploads\/2025\/11\/1762869611_888_1994e417a8bad347230bde539e6d91ebbe7197df9ff33a8875dfecb40236f809.jpg\" alt=\"\"\/><\/p>\n<p>Vilma Melasniemi ja Juho Milonoff kuvattuna helmikuussa 2016. RIITTA HEISKANEN<\/p>\n<p class=\"paragraph\">N\u00e4yttelij\u00e4 <a href=\"https:\/\/www.iltalehti.fi\/henkilot\/Vilma Melasniemi\" class=\"article-link-person-page\" rel=\"nofollow noopener\" target=\"_blank\">Vilma Melasniemi<\/a> sairastui rintasy\u00f6p\u00e4\u00e4n vuonna 2024, uutisoi <a href=\"https:\/\/www.uusijuttu.fi\/\" target=\"_blank\" rel=\"noopener nofollow\">Uusi Juttu<\/a>.<\/p>\n<p class=\"paragraph\">Melasniemi kertoo UJ:n haastattelussa saaneensa tiet\u00e4\u00e4 rinnassaan olevasta kasvaimesta helmikuussa 2024. Samana p\u00e4iv\u00e4n\u00e4 h\u00e4n n\u00e4ytteli ensi-iltansa saavassa KOM-teatterin Putoavat linnut -n\u00e4ytelm\u00e4ss\u00e4 rintasy\u00f6p\u00e4\u00e4n sairastunutta Liisaa.<\/p>\n<p class=\"paragraph\">Melasniemi oli l\u00f6yt\u00e4nyt kyhmyn rinnastaan jo vuosi aiemmin, mutta rintasy\u00f6v\u00e4n seulonnassa mit\u00e4\u00e4n poikkeavaa ei l\u00f6ytynyt. Lopullisen rintasy\u00f6p\u00e4diagnoosin teki yksityinen sy\u00f6p\u00e4l\u00e4\u00e4k\u00e4ri.<\/p>\n<p class=\"paragraph\">N\u00e4yttelij\u00e4 kertoo haastattelussa joutuneensa j\u00e4tt\u00e4m\u00e4\u00e4n roolin kesken esityskauden sairauden vuoksi. <a href=\"https:\/\/www.iltalehti.fi\/viihdeuutiset\/ce1b0116-f90b-4823-9e13-19e34cf69ca3\" rel=\"nofollow noopener\" target=\"_blank\">Iltalehti uutisoi<\/a> Melasniemen ja h\u00e4nen puolisonsa <a href=\"https:\/\/www.iltalehti.fi\/henkilot\/Juho Milonoff\" class=\"article-link-person-page\" rel=\"nofollow noopener\" target=\"_blank\">Juho Milonoffin<\/a> vet\u00e4ytymisest\u00e4 maaliskuussa 2024. Tuolloin syyksi ilmoitettiin terveydelliset syyt.<\/p>\n<p class=\"paragraph\">Melasniemi kertoo Uuden Jutun haastattelussa aloittaneensa sytostaattihoidot kev\u00e4\u00e4ll\u00e4 2024. Syksyll\u00e4 2024 Melasniemi leikattiin.<\/p>\n<p class=\"paragraph\">\u2013 Olenhan min\u00e4 viel\u00e4kin nainen, vaikka minulla ei ole tukkaa ja rintoja, Melasniemi kuvailee UJ:lle.<\/p>\n<p class=\"paragraph\">Sy\u00f6p\u00e4kasvaimia oli Melasniemen mukaan viisi. Kasvaimet on nyt leikattu, mutta Melasniemell\u00e4 l\u00f6ytyi sy\u00f6p\u00e4 my\u00f6s imusolmukkeista.<\/p>\n<p class=\"paragraph\">\u2013 M\u00e4 itse ajattelen niin, ett\u00e4 se diagnoosi on olemassa, mutta minun ei tarvitse el\u00e4\u00e4 sit\u00e4, Melasniemi kertoo tilanteestaan nyt.<\/p>\n<p class=\"paragraph\">Kun Melasniemi ja h\u00e4nen puolisonsa Juho Milonoff j\u00e4tt\u00e4ytyiv\u00e4t pois Putoavat linnut -n\u00e4ytelm\u00e4st\u00e4, n\u00e4yttelij\u00e4t <strong>Hanna Raiskinm\u00e4ki<\/strong> ja <strong>Tommi Eronen<\/strong> korvasivat heid\u00e4t.<\/p>\n<p class=\"paragraph\">\u2013 Vaikka tilanne on valitettava, olemme onnekkaita, kun l\u00f6ysimme Hannan ja Tommin paikkaamaan lyhyell\u00e4 varoitusajalla, kertoi KOM-teatterin taiteellinen johtaja <strong>Susanna Airaksinen maaliskuussa 2024.<\/strong><\/p>\n<p class=\"paragraph\">\u2013 Meill\u00e4 on suuret saappaat t\u00e4ytett\u00e4v\u00e4n\u00e4mme, sanoivat Hanna Raiskinm\u00e4ki ja Tommi Eronen tiedotteessa.<\/p>\n<p class=\"paragraph\">L\u00e4hde: <a href=\"https:\/\/www.uusijuttu.fi\/\" target=\"_blank\" rel=\"noopener nofollow\">Uusi Juttu<\/a><\/p>\n","protected":false},"excerpt":{"rendered":"N\u00e4yttelij\u00e4 Vilma Melasniemi kertoo Uuden Jutun haastattelussa, sairastuneensa sy\u00f6p\u00e4\u00e4n vuonna 2024. Vilma Melasniemi ja Juho Milonoff kuvattuna helmikuussa&hellip;\n","protected":false},"author":2,"featured_media":87276,"comment_status":"","ping_status":"","sticky":false,"template":"","format":"standard","meta":{"footnotes":""},"categories":[136],"tags":[35,153,407,152,155,137,33,31,30,408,718,154,32,140,156,109],"class_list":{"0":"post-87275","1":"post","2":"type-post","3":"status-publish","4":"format-standard","5":"has-post-thumbnail","7":"category-julkkikset","8":"tag-24h","9":"tag-audiovisuaalinen-media","10":"tag-celebrities","11":"tag-elokuva-ja-tv-nayttelijat","12":"tag-elokuvat","13":"tag-entertainment","14":"tag-fi","15":"tag-finland","16":"tag-finnish","17":"tag-julkkikset","18":"tag-nayttamotaide","19":"tag-nayttelijat-teatteri","20":"tag-suomi","21":"tag-tv-ja-elokuvat","22":"tag-tv","23":"tag-viihde"},"share_on_mastodon":{"url":"https:\/\/pubeurope.com\/@fi\/115531430329096140","error":""},"_links":{"self":[{"href":"https:\/\/www.europesays.com\/fi\/wp-json\/wp\/v2\/posts\/87275","targetHints":{"allow":["GET"]}}],"collection":[{"href":"https:\/\/www.europesays.com\/fi\/wp-json\/wp\/v2\/posts"}],"about":[{"href":"https:\/\/www.europesays.com\/fi\/wp-json\/wp\/v2\/types\/post"}],"author":[{"embeddable":true,"href":"https:\/\/www.europesays.com\/fi\/wp-json\/wp\/v2\/users\/2"}],"replies":[{"embeddable":true,"href":"https:\/\/www.europesays.com\/fi\/wp-json\/wp\/v2\/comments?post=87275"}],"version-history":[{"count":0,"href":"https:\/\/www.europesays.com\/fi\/wp-json\/wp\/v2\/posts\/87275\/revisions"}],"wp:featuredmedia":[{"embeddable":true,"href":"https:\/\/www.europesays.com\/fi\/wp-json\/wp\/v2\/media\/87276"}],"wp:attachment":[{"href":"https:\/\/www.europesays.com\/fi\/wp-json\/wp\/v2\/media?parent=87275"}],"wp:term":[{"taxonomy":"category","embeddable":true,"href":"https:\/\/www.europesays.com\/fi\/wp-json\/wp\/v2\/categories?post=87275"},{"taxonomy":"post_tag","embeddable":true,"href":"https:\/\/www.europesays.com\/fi\/wp-json\/wp\/v2\/tags?post=87275"}],"curies":[{"name":"wp","href":"https:\/\/api.w.org\/{rel}","templated":true}]}}