{"id":87317,"date":"2025-11-11T14:53:08","date_gmt":"2025-11-11T14:53:08","guid":{"rendered":"https:\/\/www.europesays.com\/fi\/87317\/"},"modified":"2025-11-11T14:53:08","modified_gmt":"2025-11-11T14:53:08","slug":"riihimaki-aikaistaa-perhetalon-suunnittelua-alakoulujen-s2-opetus-selvitetaan-kanta-hame","status":"publish","type":"post","link":"https:\/\/www.europesays.com\/fi\/87317\/","title":{"rendered":"Riihim\u00e4ki aikaistaa perhetalon suunnittelua \u2013 alakoulujen S2-opetus selvitet\u00e4\u00e4n | Kanta-H\u00e4me"},"content":{"rendered":"<p class=\"aw-1gybjub aw-5vja16 kEtdKx kmuxyA yle__article__paragraph\">Riihim\u00e4en kaupunginvaltuusto kokoontui maanantaina. Valtuusto p\u00e4\u00e4tti, ett\u00e4 uuden perhetalon suunnittelu aloitetaan vuotta suunniteltu aikaisemmin.<\/p>\n<p><img decoding=\"async\" alt=\"Kuvassa on kokoustilanne, jossa osallistujat keskustelevat tauolla vilkkaasti.\" src=\"https:\/\/www.europesays.com\/fi\/wp-content\/uploads\/2025\/11\/39-1551728691305accac00.jpeg\" class=\"aw-1l9m598 hKVVvP\"\/><\/p>\n<p>Avaa kuvien katselu<\/p>\n<p>Riihim\u00e4en kaupunginvaltuuston talousarviokokous kesti taukoineen viisi tuntia. Kokousta johti Riku Bitter (kok. selin), ev\u00e4it\u00e4\u00e4n tutkimassa kaupunginhallituksen puheenjohtaja Miia Nahkuri (sd.) ja vieress\u00e4 Sari Jokinen (vihr.). Arkistokuva. Kuva: Miki Wallenius \/ Yle<\/p>\n<p class=\"aw-1gybjub aw-1p7kakr kEtdKx cEmitX yle__article__paragraph\">Uuden perhetalon suunnittelu aloitetaan Riihim\u00e4ell\u00e4 vuotta suunniteltua aikaisemmin.<\/p>\n<p class=\"aw-1gybjub aw-1p7kakr kEtdKx cEmitX yle__article__paragraph\">Sosiaalidemokraattisen valtuustoryhm\u00e4n esityksest\u00e4 perhetalon suunnitteluun varattu 100 000 euron m\u00e4\u00e4r\u00e4raha siirrettiin kaupunginvaltuuston talousarviokokouksessa vuodelta 2028 vuodelle 2027. Muutos hyv\u00e4ksyttiin \u00e4\u00e4nin 26\u201316, yhden valtuutetun \u00e4\u00e4nest\u00e4ess\u00e4 tyhj\u00e4\u00e4.<\/p>\n<p class=\"aw-1gybjub aw-1p7kakr kEtdKx cEmitX yle__article__paragraph\">Perhetalo on rakennus, johon kaupunki pyrkii keskitt\u00e4m\u00e4\u00e4n perheille suunnattuja palveluita yhteen paikkaan.<\/p>\n<p class=\"aw-1gybjub aw-1p7kakr kEtdKx cEmitX yle__article__paragraph\">Valtuusto haluaa my\u00f6s selvitt\u00e4\u00e4 mik\u00e4 Riihim\u00e4ell\u00e4 on tilanne alakoulujen suomi toisena kielen\u00e4 -opetuksessa. <strong class=\"aw-ak79eh KyCXm yle__article__strong\">Hannele Saaren<\/strong> (kd.) tekem\u00e4 aloite alakoulujen S2-opetuksen kartoittamisesta hyv\u00e4ksyttiin yksimielisesti.<\/p>\n<p class=\"aw-1gybjub aw-1p7kakr kEtdKx cEmitX yle__article__paragraph\">\u2013 Selvityksen j\u00e4lkeen on teht\u00e4v\u00e4 suunnitelma, jonka avulla S2-opetus saatetaan oikealle tasolle, Saaren aloitteessa edellytet\u00e4\u00e4n.<\/p>\n<p>Uusi vakaan talouden ohjelma k\u00e4yntiin<\/p>\n<p class=\"aw-1gybjub aw-1p7kakr kEtdKx cEmitX yle__article__paragraph\">Kaupunginvaltuusto hyv\u00e4ksyi kokouksessa my\u00f6s kaupungin talousarvion vuodelle 2026 ja taloussuunnitelman vuosille 2026\u20132028. Riihim\u00e4en kaupungin talousarvio on ensi vuonna 2,1 miljoonaa euroa alij\u00e4\u00e4m\u00e4inen.<\/p>\n<p class=\"aw-1gybjub aw-1p7kakr kEtdKx cEmitX yle__article__paragraph\">Alij\u00e4\u00e4m\u00e4isen talousarvion vuoksi valtuusto p\u00e4\u00e4tti k\u00e4ynnist\u00e4\u00e4 uuden vakaan talouden ohjelman.<\/p>\n<p class=\"aw-1gybjub aw-1p7kakr kEtdKx cEmitX yle__article__paragraph\">Vuoden 2026 kunnallisvero pysyy 7,9 prosentissa ja yleinen kiinteist\u00f6vero 1,45 prosentissa.<\/p>\n<p class=\"aw-1gybjub aw-1p7kakr kEtdKx cEmitX yle__article__paragraph\">Kaupunki investoi ensi vuonna yhteens\u00e4 17 miljoonalla eurolla. Suurimmat investoinnit kohdistuvat Jokikyl\u00e4n yleisten alueiden rakentamiseen ja vanhan kaupungintalon kunnostukseen. Molempiin on varattu kolme miljoonaa euroa.<\/p>\n<p class=\"aw-1gybjub aw-1p7kakr kEtdKx cEmitX yle__article__paragraph\">Riihim\u00e4en kaupunginvaltuuston kokouksessa k\u00e4siteltiin yhteens\u00e4 yksitoista muutosesityst\u00e4 talousarvioon. Niist\u00e4 vain perhetalon investointisuunnittelun aikaistaminen hyv\u00e4ksyttiin.<\/p>\n","protected":false},"excerpt":{"rendered":"Riihim\u00e4en kaupunginvaltuusto kokoontui maanantaina. Valtuusto p\u00e4\u00e4tti, ett\u00e4 uuden perhetalon suunnittelu aloitetaan vuotta suunniteltu aikaisemmin. Avaa kuvien katselu Riihim\u00e4en&hellip;\n","protected":false},"author":2,"featured_media":87318,"comment_status":"","ping_status":"","sticky":false,"template":"","format":"standard","meta":{"footnotes":""},"categories":[135],"tags":[389,387,388,390,137,33,31,30,1794,17737,17736,1833,1791,32,394,393,391,392,13153,109],"class_list":{"0":"post-87317","1":"post","2":"type-post","3":"status-publish","4":"format-standard","5":"has-post-thumbnail","7":"category-taiteet-ja-suunnittelu","8":"tag-arts","9":"tag-arts-and-design","10":"tag-artsanddesign","11":"tag-design","12":"tag-entertainment","13":"tag-fi","14":"tag-finland","15":"tag-finnish","16":"tag-kanta-hame","17":"tag-kaupunginvaltuustot","18":"tag-kunnan-talousarviot","19":"tag-kunnat","20":"tag-riihimaki","21":"tag-suomi","22":"tag-suunnittelu","23":"tag-taiteet","24":"tag-taiteet-ja-suunnittelu","25":"tag-taiteetsuunnittelu","26":"tag-talousarviot","27":"tag-viihde"},"share_on_mastodon":{"url":"https:\/\/pubeurope.com\/@fi\/115531638729850067","error":""},"_links":{"self":[{"href":"https:\/\/www.europesays.com\/fi\/wp-json\/wp\/v2\/posts\/87317","targetHints":{"allow":["GET"]}}],"collection":[{"href":"https:\/\/www.europesays.com\/fi\/wp-json\/wp\/v2\/posts"}],"about":[{"href":"https:\/\/www.europesays.com\/fi\/wp-json\/wp\/v2\/types\/post"}],"author":[{"embeddable":true,"href":"https:\/\/www.europesays.com\/fi\/wp-json\/wp\/v2\/users\/2"}],"replies":[{"embeddable":true,"href":"https:\/\/www.europesays.com\/fi\/wp-json\/wp\/v2\/comments?post=87317"}],"version-history":[{"count":0,"href":"https:\/\/www.europesays.com\/fi\/wp-json\/wp\/v2\/posts\/87317\/revisions"}],"wp:featuredmedia":[{"embeddable":true,"href":"https:\/\/www.europesays.com\/fi\/wp-json\/wp\/v2\/media\/87318"}],"wp:attachment":[{"href":"https:\/\/www.europesays.com\/fi\/wp-json\/wp\/v2\/media?parent=87317"}],"wp:term":[{"taxonomy":"category","embeddable":true,"href":"https:\/\/www.europesays.com\/fi\/wp-json\/wp\/v2\/categories?post=87317"},{"taxonomy":"post_tag","embeddable":true,"href":"https:\/\/www.europesays.com\/fi\/wp-json\/wp\/v2\/tags?post=87317"}],"curies":[{"name":"wp","href":"https:\/\/api.w.org\/{rel}","templated":true}]}}