{"id":87395,"date":"2025-11-11T16:51:09","date_gmt":"2025-11-11T16:51:09","guid":{"rendered":"https:\/\/www.europesays.com\/fi\/87395\/"},"modified":"2025-11-11T16:51:09","modified_gmt":"2025-11-11T16:51:09","slug":"vigelius-perussuomalaisten-kielipoliittinen-linja-ei-ole-muuttumassa","status":"publish","type":"post","link":"https:\/\/www.europesays.com\/fi\/87395\/","title":{"rendered":"Vigelius: Perussuomalaisten kielipoliittinen linja ei ole muuttumassa"},"content":{"rendered":"<p>Ruotsin kieli|Perussuomalaisten toisen varapuheenjohtajan Joakim Vigeliuksen mukaan Teemu Keskisarjan puheista on tehty liioiteltuja tulkintoja.<\/p>\n<p>Lue tiivistelm\u00e4<\/p>\n<p>Tiivistelm\u00e4 on teko\u00e4lyn tekem\u00e4 ja ihmisen tarkistama.<\/p>\n<p class=\"article-body mb-nof-24 px-nof-16 sndp-summary-bullet-point-font\">Perussuomalaisten toinen varapuheenjohtaja Joakim Vigelius kiist\u00e4\u00e4 puolueen kielipoliittisen linjan muuttuneen tai olevan muuttumassa.<\/p>\n<p class=\"article-body mb-nof-24 px-nof-16 sndp-summary-bullet-point-font\">Vigelius sanoo puolueen olevan edelleen kriittinen pakkoruotsia kohtaan ja haluavan est\u00e4\u00e4 englannin kielen ylivallan.<\/p>\n<p class=\"article-body mb-nof-24 px-nof-16 sndp-summary-bullet-point-font\">Vigeliuksen mukaan Teemu Keskisarjan HBL:lle antamista kommenteista on tehty liioiteltuja tulkintoja.<\/p>\n<p class=\"article-body mb-nof-24 px-nof-16\">Perussuomalaisten kielipoliittinen linja ei ole muuttumassa, sanoo puolueen toinen varapuheenjohtaja <a class=\"article-personlink\" href=\"https:\/\/www.hs.fi\/haku\/?query=Joakim%20Vigelius\" rel=\"nofollow noopener\" target=\"_blank\">Joakim Vigelius<\/a>.<\/p>\n<p class=\"article-body mb-nof-24 px-nof-16\">\u201dPuolueen ohjelmalinjaukset eiv\u00e4t ole muuttuneet, eiv\u00e4tk\u00e4 ne ole ruotsin kielen, erityisesti pakkoruotsin suhteen, mihink\u00e4\u00e4n muuttumassakaan\u201d, Vigelius sanoo HS:lle.<\/p>\n<p class=\"article-body mb-nof-24 px-nof-16\">Perussuomalaisten ensimm\u00e4inen varapuheenjohtaja <a class=\"article-personlink\" href=\"https:\/\/www.hs.fi\/haku\/?query=Teemu%20Keskisarja\" rel=\"nofollow noopener\" target=\"_blank\">Teemu Keskisarja<\/a> sanoi tiistaina julkaistussa <a class=\"article-genericlink\" href=\"https:\/\/www.hs.fi\/politiikka\/art-2000011617984.html\" rel=\"nofollow noopener\" target=\"_blank\">HBL:n<\/a> haastattelussa, ett\u00e4 puolue on laatimassa uutta kielistrategiaa, jossa ruotsin kielen rooli muuttuisi.<\/p>\n<p class=\"article-body mb-nof-24 px-nof-16\">Aiemmin perussuomalaisten kritiikki kohdistui ruotsin kieleen, mutta nyt se tunnistaa Keskisarjan mukaan englannin \u201duudeksi vihollisekseen\u201d. Keskisarja sanoi HBL:lle, ett\u00e4 puolue haluaa suojella sek\u00e4 suomea ett\u00e4 ruotsia englannin vaikutteilta.<\/p>\n<p class=\"article-body mb-nof-24 px-nof-16\">Keskisarja on johtanut ty\u00f6ryhm\u00e4\u00e4, joka on muodostanut strategiaa perussuomalaisten kielipolitiikasta.<\/p>\n<p class=\"article-body mb-nof-24 px-nof-16\">Vigelius sanoo, ett\u00e4 perussuomalaiset ei ole hyv\u00e4ksynyt puolueen virallisissa elimiss\u00e4 uutta kielipoliittista ohjelmaa, mink\u00e4 my\u00f6s HBL kertoi jutussaan.<\/p>\n<p class=\"article-body mb-nof-24 px-nof-16\">Vigeliuksen mukaan ei ole edes varmaa, onko Keskisarjan johtaman ty\u00f6ryhm\u00e4n tuotoksia tarkoitettu siihen, ett\u00e4 ne muuttaisivat puolueen ohjelmaa. H\u00e4n sanoo keskustelleensa asiasta Keskisarjan kanssa.<\/p>\n<p class=\"article-body mb-nof-24 px-nof-16\">\u201dH\u00e4n ei ollut sit\u00e4 mielt\u00e4, ett\u00e4 se olisi tarkoitettu miksik\u00e4\u00e4n linjapaperiksi.\u201d<\/p>\n<p class=\"article-body mb-nof-24 px-nof-16\">Perussuomalaiset haluaa est\u00e4\u00e4 Vigeliuksen mukaan englannin kielen \u201dylivallan\u201d ja sen, ett\u00e4 se korvaisi suomen kielen yhteiskunnassa.<\/p>\n<p class=\"article-body mb-nof-24 px-nof-16\">\u201dT\u00e4m\u00e4 on k\u00e4sitt\u00e4\u00e4kseni se, mihin Keskisarja viittasi sill\u00e4, ett\u00e4 perussuomalaisten kielipolitiikka on ter\u00e4v\u00f6itym\u00e4ss\u00e4 tai muuttumassa. Ei se, ett\u00e4 suhtautumisemme pakkoruotsiin tai ruotsin kielen opetukseen tai vaatimuksiin suomalaisessa yhteiskunnassa olisi muuttunut aiemmasta linjasta, joka on ollut k\u00e4yt\u00e4nn\u00f6ss\u00e4 Suomen puoluekent\u00e4n kriittisin.\u201d<\/p>\n<p class=\"article-body mb-nof-24 px-nof-16\">Vigelius tulkitsee, ett\u00e4 HBL on jutussaan korostanut ruotsin kielen asemaa ja perussuomalaisten suhtautumista siihen \u201djonkin Keskisarjan esitt\u00e4m\u00e4n sivuhuomion yhteydess\u00e4\u201d.<\/p>\n<p class=\"article-body mb-nof-24 px-nof-16\">\u201dVaikka perussuomalaisessa ei ole mit\u00e4\u00e4n intressi\u00e4 muuttaa suhtautumista ruotsin kieleen.\u201d<\/p>\n<p class=\"article-body mb-nof-24 px-nof-16\">H\u00e4nen mukaansa puolue tulee jatkossakin olemaan \u201d\u00e4\u00e4rimm\u00e4isen kriittinen\u201d esimerkiksi pakkoruotsia kohtaan.<\/p>\n<p class=\"article-body mb-nof-24 px-nof-16\">Kielipoliittisia linjauksia ei siis ole k\u00e4sitelty perussuomalaisten puolue-elimiss\u00e4, mutta tullaanko niit\u00e4 k\u00e4sittelem\u00e4\u00e4n?<\/p>\n<p class=\"article-body mb-nof-24 px-nof-16\">\u201dEn osaa ottaa kantaa siihen, miten puolueen ohjelmaty\u00f6skentely tulee t\u00e4ss\u00e4 seuraavan, erityisesti nyt puolentoista vuoden aikana kehittym\u00e4\u00e4n, koska se menisi tulevaisuuden ennustamiseksi\u201d, Vigelius vastaa.<\/p>\n<p class=\"article-body mb-nof-24 px-nof-16\">H\u00e4n toteaa, ett\u00e4 on aivan tavallista, ett\u00e4 puolue arvioi tarvetta ohjelmiensa p\u00e4ivitt\u00e4miselle.<\/p>\n<p class=\"article-body mb-nof-24 px-nof-16\">\u201dMinulle ei n\u00e4ytt\u00e4ydy asia sill\u00e4 tavalla, ett\u00e4 perussuomalaisten linja olisi mill\u00e4\u00e4n tavalla muuttumassa ruotsin kielen suhteen. Minusta se on pikemminkin hyvin liioiteltu tulkinta Keskisarjan sanomisista.\u201d<\/p>\n<p class=\"article-body mb-nof-24 px-nof-16\">HS tavoitti Keskisarjan puheisiin liittyen my\u00f6s muita perussuomalaisten puoluehallituksen j\u00e4seni\u00e4. He eiv\u00e4t olleet joko kuulleet kielistrategiasta, olleet perehtyneet siihen tai halunneet kommentoida asiaa.<\/p>\n","protected":false},"excerpt":{"rendered":"Ruotsin kieli|Perussuomalaisten toisen varapuheenjohtajan Joakim Vigeliuksen mukaan Teemu Keskisarjan puheista on tehty liioiteltuja tulkintoja. Lue tiivistelm\u00e4 Tiivistelm\u00e4 on&hellip;\n","protected":false},"author":2,"featured_media":87396,"comment_status":"","ping_status":"","sticky":false,"template":"","format":"standard","meta":{"footnotes":""},"categories":[5],"tags":[22,23,26,27,33,31,30,17,46,24,25,28,29,15,18,21,32,19,20,16],"class_list":{"0":"post-87395","1":"post","2":"type-post","3":"status-publish","4":"format-standard","5":"has-post-thumbnail","7":"category-otsikot","8":"tag-breaking-news","9":"tag-breakingnews","10":"tag-featured-news","11":"tag-featurednews","12":"tag-fi","13":"tag-finland","14":"tag-finnish","15":"tag-headlines","16":"tag-helsingin-sanomat","17":"tag-latest-news","18":"tag-latestnews","19":"tag-main-news","20":"tag-mainnews","21":"tag-news","22":"tag-otsikot","23":"tag-paauutiset","24":"tag-suomi","25":"tag-top-stories","26":"tag-topstories","27":"tag-uutiset"},"share_on_mastodon":{"url":"https:\/\/pubeurope.com\/@fi\/115532102583080098","error":""},"_links":{"self":[{"href":"https:\/\/www.europesays.com\/fi\/wp-json\/wp\/v2\/posts\/87395","targetHints":{"allow":["GET"]}}],"collection":[{"href":"https:\/\/www.europesays.com\/fi\/wp-json\/wp\/v2\/posts"}],"about":[{"href":"https:\/\/www.europesays.com\/fi\/wp-json\/wp\/v2\/types\/post"}],"author":[{"embeddable":true,"href":"https:\/\/www.europesays.com\/fi\/wp-json\/wp\/v2\/users\/2"}],"replies":[{"embeddable":true,"href":"https:\/\/www.europesays.com\/fi\/wp-json\/wp\/v2\/comments?post=87395"}],"version-history":[{"count":0,"href":"https:\/\/www.europesays.com\/fi\/wp-json\/wp\/v2\/posts\/87395\/revisions"}],"wp:featuredmedia":[{"embeddable":true,"href":"https:\/\/www.europesays.com\/fi\/wp-json\/wp\/v2\/media\/87396"}],"wp:attachment":[{"href":"https:\/\/www.europesays.com\/fi\/wp-json\/wp\/v2\/media?parent=87395"}],"wp:term":[{"taxonomy":"category","embeddable":true,"href":"https:\/\/www.europesays.com\/fi\/wp-json\/wp\/v2\/categories?post=87395"},{"taxonomy":"post_tag","embeddable":true,"href":"https:\/\/www.europesays.com\/fi\/wp-json\/wp\/v2\/tags?post=87395"}],"curies":[{"name":"wp","href":"https:\/\/api.w.org\/{rel}","templated":true}]}}