{"id":87414,"date":"2025-11-11T17:37:08","date_gmt":"2025-11-11T17:37:08","guid":{"rendered":"https:\/\/www.europesays.com\/fi\/87414\/"},"modified":"2025-11-11T17:37:08","modified_gmt":"2025-11-11T17:37:08","slug":"erika-vikman-sai-kutsun-linnan-juhliin-kuka-muu-on-kutsuttu-juhliin-pirkanmaalta","status":"publish","type":"post","link":"https:\/\/www.europesays.com\/fi\/87414\/","title":{"rendered":"Erika Vikman sai kutsun Linnan juhliin \u2013 Kuka muu on kutsuttu juhliin Pirkanmaalta?"},"content":{"rendered":"<p>Aamulehti seuraa itsen\u00e4isyysp\u00e4iv\u00e4n juhlintaa ja toivoo tietoa pirkanmaalaisista kutsutuista etuk\u00e4teen.<\/p>\n<p class=\"article-body mb-nof-24 px-nof-16\">Aamulehti<\/p>\n<p class=\"article-body mb-nof-24 px-nof-16\">Tasavallan presidentti <a class=\"article-personlink\" href=\"https:\/\/www.aamulehti.fi\/haku\/?query=Alexander%20Stubb\" rel=\"nofollow noopener\" target=\"_blank\">Alexander Stubb<\/a> ja h\u00e4nen puolisonsa <a class=\"article-personlink\" href=\"https:\/\/www.aamulehti.fi\/haku\/?query=Suzanne%20Innes-Stubb\" rel=\"nofollow noopener\" target=\"_blank\">Suzanne Innes-Stubb<\/a> j\u00e4rjest\u00e4v\u00e4t itsen\u00e4isyysp\u00e4iv\u00e4n juhlavastaanoton perinteisin menoin lauantaina 6. joulukuuta 2025 Presidentinlinnassa.<\/p>\n<p class=\"article-body mb-nof-24 px-nof-16\">Vastaanoton kutsujen postitus on alkanut. Viime viikolla kerrottiin, ett\u00e4 kutsut saapuvat kutsuvieraille l\u00e4hiviikkojen aikana.<\/p>\n<p class=\"article-body mb-nof-24 px-nof-16\">Esimerkiksi laulaja <a class=\"article-personlink\" href=\"https:\/\/www.aamulehti.fi\/haku\/?query=Erika%20Vikman\" rel=\"nofollow noopener\" target=\"_blank\">Erika Vikman<\/a> on kertonut jo saamastaan kutsusta sosiaalisessa mediassa.<\/p>\n<p class=\"article-body mb-nof-24 px-nof-16\">\u201dIch komme\u201d, h\u00e4n siteerasi tunnettua euroviisubiisi\u00e4\u00e4n.<\/p>\n<p class=\"article-body mb-nof-24 px-nof-16\">Vieraaksi on kutsuttu t\u00e4n\u00e4 vuonna erityisesti opetusalan ammattilaisia, kuten ansioituneita opettajia. Presidenttipari on halunnut muistaa kutsulla my\u00f6s kotimaan matkoillaan tapaamiaan ihmisi\u00e4. Juhlaan osallistuu t\u00e4n\u00e4 vuonna noin 1\u202f700 vierasta eri puolilta Suomea. Kutsutuista puolet on ensikertalaisia.<\/p>\n","protected":false},"excerpt":{"rendered":"Aamulehti seuraa itsen\u00e4isyysp\u00e4iv\u00e4n juhlintaa ja toivoo tietoa pirkanmaalaisista kutsutuista etuk\u00e4teen. Aamulehti Tasavallan presidentti Alexander Stubb ja h\u00e4nen puolisonsa&hellip;\n","protected":false},"author":2,"featured_media":87415,"comment_status":"","ping_status":"","sticky":false,"template":"","format":"standard","meta":{"footnotes":""},"categories":[130],"tags":[157,137,33,31,30,32,109],"class_list":{"0":"post-87414","1":"post","2":"type-post","3":"status-publish","4":"format-standard","5":"has-post-thumbnail","7":"category-viihde","8":"tag-aamulehti","9":"tag-entertainment","10":"tag-fi","11":"tag-finland","12":"tag-finnish","13":"tag-suomi","14":"tag-viihde"},"share_on_mastodon":{"url":"https:\/\/pubeurope.com\/@fi\/115532283437525509","error":""},"_links":{"self":[{"href":"https:\/\/www.europesays.com\/fi\/wp-json\/wp\/v2\/posts\/87414","targetHints":{"allow":["GET"]}}],"collection":[{"href":"https:\/\/www.europesays.com\/fi\/wp-json\/wp\/v2\/posts"}],"about":[{"href":"https:\/\/www.europesays.com\/fi\/wp-json\/wp\/v2\/types\/post"}],"author":[{"embeddable":true,"href":"https:\/\/www.europesays.com\/fi\/wp-json\/wp\/v2\/users\/2"}],"replies":[{"embeddable":true,"href":"https:\/\/www.europesays.com\/fi\/wp-json\/wp\/v2\/comments?post=87414"}],"version-history":[{"count":0,"href":"https:\/\/www.europesays.com\/fi\/wp-json\/wp\/v2\/posts\/87414\/revisions"}],"wp:featuredmedia":[{"embeddable":true,"href":"https:\/\/www.europesays.com\/fi\/wp-json\/wp\/v2\/media\/87415"}],"wp:attachment":[{"href":"https:\/\/www.europesays.com\/fi\/wp-json\/wp\/v2\/media?parent=87414"}],"wp:term":[{"taxonomy":"category","embeddable":true,"href":"https:\/\/www.europesays.com\/fi\/wp-json\/wp\/v2\/categories?post=87414"},{"taxonomy":"post_tag","embeddable":true,"href":"https:\/\/www.europesays.com\/fi\/wp-json\/wp\/v2\/tags?post=87414"}],"curies":[{"name":"wp","href":"https:\/\/api.w.org\/{rel}","templated":true}]}}