{"id":87418,"date":"2025-11-11T17:40:12","date_gmt":"2025-11-11T17:40:12","guid":{"rendered":"https:\/\/www.europesays.com\/fi\/87418\/"},"modified":"2025-11-11T17:40:12","modified_gmt":"2025-11-11T17:40:12","slug":"mandatumilta-vahva-tulos-nousua-23-prosenttia","status":"publish","type":"post","link":"https:\/\/www.europesays.com\/fi\/87418\/","title":{"rendered":"Mandatumilta vahva tulos, nousua 23 prosenttia"},"content":{"rendered":"<p class=\"ai-optimize-6 ai-optimize-introduction\">Varainhoitaja ja henkil\u00f6vakuuttaja Mandatum teki kolmannen vuosinelj\u00e4nneksen eli hein\u00e4-syyskuun aikana vahvan tuloksen, ilmenee yhti\u00f6n osavuosikatsauksesta. Ennen veroja Mandatumin tulos nousi 23 prosentilla viime vuodesta ja oli yhteens\u00e4 55,7 miljoonaa euroa.<\/p>\n<p class=\"ai-optimize-7\">\u2013 Hyv\u00e4\u00e4 tuloskasvua tuki erityisesti palkkiotulos, joka kasvoi 20 prosenttia. Ohjeistimme vuoden alussa kuluvalle vuodelle kasvavaa palkkiotulosta ja olemmekin palkkiotuloskehityksess\u00e4 nyt selv\u00e4sti viime vuotta edell\u00e4. Tulokseen vaikutti positiivisesti my\u00f6s hyv\u00e4 nettorahoitustulos, joka ylitti selv\u00e4sti viime vuoden tason, Mandatumin toimitusjohtaja <strong>Petri Niemisvirta<\/strong> sanoo tiedotteessa.<\/p>\n<p class=\"ai-optimize-8\">Toimitusjohtajan mukaan Mandatum on listautumisesta l\u00e4htien keskittynyt erityisesti toiminnan tehokkuuden parantamiseen. H\u00e4nen mukaansa yhten\u00e4 osoituksena t\u00e4st\u00e4 on selv\u00e4sti kohentunut kulu\/tuotto-suhde, joka laski nyt ensi kertaa 50 prosenttiin.<\/p>\n<p class=\"ai-optimize-9\">My\u00f6s Mandatumin vakavaraisuus kolmannella nelj\u00e4nneksell\u00e4 oli j\u00e4lleen hyv\u00e4ll\u00e4 tasolla.<\/p>\n<p class=\"ai-optimize-10\">\u2013 My\u00f6s orgaaninen p\u00e4\u00e4oman luonti on ollut vahvaa: yhteens\u00e4 0,48 euroa osakkeelta vuoden alusta. Sijoittajan on hyv\u00e4 pit\u00e4\u00e4 mieless\u00e4, ett\u00e4 orgaaninen p\u00e4\u00e4omanluonti kuvaa Mandatumin osingonmaksukyky\u00e4 paremmin kuin esimerkiksi osakekohtainen tulos, Niemisvirta jatkaa.<\/p>\n<p class=\"ai-optimize-11\">Koko tammi-syyskuun aikana Mandatumin tekev\u00e4 tulos laki kymmenen prosenttia ja oli 151,8 miljoonaa euroa.<\/p>\n","protected":false},"excerpt":{"rendered":"Varainhoitaja ja henkil\u00f6vakuuttaja Mandatum teki kolmannen vuosinelj\u00e4nneksen eli hein\u00e4-syyskuun aikana vahvan tuloksen, ilmenee yhti\u00f6n osavuosikatsauksesta. Ennen veroja Mandatumin&hellip;\n","protected":false},"author":2,"featured_media":87419,"comment_status":"","ping_status":"","sticky":false,"template":"","format":"standard","meta":{"footnotes":""},"categories":[76],"tags":[79,77,33,31,30,16189,32,78],"class_list":{"0":"post-87418","1":"post","2":"type-post","3":"status-publish","4":"format-standard","5":"has-post-thumbnail","7":"category-talous","8":"tag-business","9":"tag-economy","10":"tag-fi","11":"tag-finland","12":"tag-finnish","13":"tag-osavuosikatsaus","14":"tag-suomi","15":"tag-talous"},"share_on_mastodon":{"url":"https:\/\/pubeurope.com\/@fi\/115532295384377769","error":""},"_links":{"self":[{"href":"https:\/\/www.europesays.com\/fi\/wp-json\/wp\/v2\/posts\/87418","targetHints":{"allow":["GET"]}}],"collection":[{"href":"https:\/\/www.europesays.com\/fi\/wp-json\/wp\/v2\/posts"}],"about":[{"href":"https:\/\/www.europesays.com\/fi\/wp-json\/wp\/v2\/types\/post"}],"author":[{"embeddable":true,"href":"https:\/\/www.europesays.com\/fi\/wp-json\/wp\/v2\/users\/2"}],"replies":[{"embeddable":true,"href":"https:\/\/www.europesays.com\/fi\/wp-json\/wp\/v2\/comments?post=87418"}],"version-history":[{"count":0,"href":"https:\/\/www.europesays.com\/fi\/wp-json\/wp\/v2\/posts\/87418\/revisions"}],"wp:featuredmedia":[{"embeddable":true,"href":"https:\/\/www.europesays.com\/fi\/wp-json\/wp\/v2\/media\/87419"}],"wp:attachment":[{"href":"https:\/\/www.europesays.com\/fi\/wp-json\/wp\/v2\/media?parent=87418"}],"wp:term":[{"taxonomy":"category","embeddable":true,"href":"https:\/\/www.europesays.com\/fi\/wp-json\/wp\/v2\/categories?post=87418"},{"taxonomy":"post_tag","embeddable":true,"href":"https:\/\/www.europesays.com\/fi\/wp-json\/wp\/v2\/tags?post=87418"}],"curies":[{"name":"wp","href":"https:\/\/api.w.org\/{rel}","templated":true}]}}