{"id":87441,"date":"2025-11-11T18:21:08","date_gmt":"2025-11-11T18:21:08","guid":{"rendered":"https:\/\/www.europesays.com\/fi\/87441\/"},"modified":"2025-11-11T18:21:08","modified_gmt":"2025-11-11T18:21:08","slug":"pepe-willberg-myontaa-surren-tuli-skismaa-ja-aika-ajoi-ohi","status":"publish","type":"post","link":"https:\/\/www.europesays.com\/fi\/87441\/","title":{"rendered":"Pepe Willberg my\u00f6nt\u00e4\u00e4 surren: &#8221;Tuli skismaa ja aika ajoi ohi&#8221;"},"content":{"rendered":"<p>Perjantain Vain el\u00e4m\u00e4\u00e4 -jaksossa vietet\u00e4\u00e4n kunniavieras Pepe Wilbergin p\u00e4iv\u00e4\u00e4.<\/p>\n<p>Mies lauloi 60-luvulla Jormas-yhtyeess\u00e4, ja vuonna 1966 julkaistu k\u00e4\u00e4nn\u00f6skappale Saat miehen kyyneliin oli suuri hitti. Pepe muistetaan tuosta laulusta ehk\u00e4 parhaiten edelleen.<\/p>\n<p>Pepe muistelee vanhaa aikaa Vain el\u00e4m\u00e4\u00e4 -jaksossa:<\/p>\n<p>\u2013 Jormas niitti mainetta suomalaisten nuorten parissa kev\u00e4\u00e4ll\u00e4 1965. Asiat alkoivat olla sill\u00e4 tavalla, ett\u00e4 paikat olivat t\u00e4ynn\u00e4. Kes\u00e4ll\u00e4 olimme Ilmajoella, miss\u00e4 oli Kuplahalli. Kuplahallissa oli Jan Rohde &amp; The Adventures, jonka entinen rumpali, Kurre Mattson, oli meid\u00e4n b\u00e4ndiss\u00e4mme. Adventuresin tyypit olivat tottuneet siihen, ett\u00e4 kaikki paikat ovat t\u00e4ynn\u00e4, kun he ovat Suomessa. Kuplahalli oli tyhj\u00e4, koska kaikki nuoret olivat kuuntelemassa meit\u00e4 tanssilavalla, Pepe muistelee.<\/p>\n<p>Jan Rohden &amp; The Adventuresin basisti Olle Nordstr\u00f6m selvitti mist\u00e4 oli kyse. H\u00e4n sai pian tiet\u00e4\u00e4 ihmisten olevan kuuntelemassa Jormasia l\u00e4heisell\u00e4 lavalla.<\/p>\n<p>\u2013 He pyyhk\u00e4isiv\u00e4t heti sinne kuuntelemaan. Olle tuli silt\u00e4 seisomalta juttelemaan backstagelle ja sanoi, ett\u00e4 meid\u00e4n pit\u00e4\u00e4 menn\u00e4 Tukholmaan. Siit\u00e4 se l\u00e4hti.<\/p>\n<p>Jormas l\u00e4hti Ruotsiin<\/p>\n<p>Lue my\u00f6s: <a href=\"https:\/\/www.como.fi\/uutiset\/armi-aavikon-kuolemasta-tanaan-20-vuotta-naita-5-asiaa-et-armista-tiennyt\/\" title=\"Armi Aavikon kuolemasta t\u00e4n\u00e4\u00e4n 20 vuotta \u2013 n\u00e4it\u00e4 5 asiaa et Armista tiennyt!\" class=\"underline-custom !font-montserrat !font-bold !underline-offset-4 !decoration-4 !decoration-red-600 !text-md\" rel=\"nofollow noopener\" target=\"_blank\">Armi Aavikon kuolemasta t\u00e4n\u00e4\u00e4n 20 vuotta \u2013 n\u00e4it\u00e4 5 asiaa et Armista tiennyt!<\/a><\/p>\n<p>Jormas vietti Ruotsissa kes\u00e4n 1966. <\/p>\n<p>Mikki Kauste haluaa tiet\u00e4\u00e4, miksi yhtyeen toiminta lopulta hiipui.<\/p>\n<p>\u2013 Tuli v\u00e4h\u00e4n skismaa b\u00e4ndin j\u00e4senten kesken. Sitten tuli armeija sopivasti siihen v\u00e4liin. Ajattelimme, ett\u00e4 on viisainta menn\u00e4 armeijaan ja rauhoittaa tilanne. Tulimme armeijasta pois, ja aika oli ajanut jo ohi. Aika pian tajusimme, ett\u00e4 kitaristimme Hasse Walli soitti Blues Section -yhtyeess\u00e4, jonka h\u00e4n oli perustanut. Nuorisomusiikki oli k\u00e4\u00e4nt\u00e4nyt aivan p\u00e4\u00e4laelleen.<\/p>\n<p>Pepe harmittelee yhtyeen taipaleen p\u00e4\u00e4ttymist\u00e4.<\/p>\n<p>Lue my\u00f6s: <a href=\"https:\/\/www.como.fi\/uutiset\/legendaarisesta-suomalaislaulajasta-dokumentti-ura-hakee-vertaistaan\/\" title=\"Legendaarisesta suomalaislaulajasta dokumentti \u2013 ura hakee vertaistaan!\" class=\"underline-custom !font-montserrat !font-bold !underline-offset-4 !decoration-4 !decoration-red-600 !text-md\" rel=\"nofollow noopener\" target=\"_blank\">Legendaarisesta suomalaislaulajasta dokumentti \u2013 ura hakee vertaistaan!<\/a><\/p>\n<p>\u2013 K\u00e4vi harmillisesti, ett\u00e4 juuri kun Jormas olisi suuruuden kynnyksell\u00e4, silloin tuli b\u00e4ndin sis\u00e4iset skismat ja p\u00e4\u00e4timme l\u00e4hte\u00e4 armeijaan. Sen j\u00e4lkeen oli uudet ajat.<\/p>\n<p>Ajan kuluttua Pepe korjasi v\u00e4lins\u00e4 vanhoihin yhtyetovereihinsa. H\u00e4n on my\u00f6s tehnyt paljon itsetutkistelua omasta toiminnastaan ja k\u00e4yt\u00f6ksest\u00e4\u00e4n.<\/p>\n<p>\u2013 Huonotkin v\u00e4lit ovat muuttuneet hyviksi. Voin hyvin ymm\u00e4rt\u00e4\u00e4, ett\u00e4 olin hankala tapaus, kun puhuttiin musiikista. Mielipiteeni yli oli vaikea k\u00e4vell\u00e4.<\/p>\n<p>Vain el\u00e4m\u00e4\u00e4 n\u00e4hd\u00e4\u00e4n Nelosella perjantaisin klo 20. Ruutu+-tilaajat voivat katsoa seuraavan perjantain jakson viikkoa etuk\u00e4teen.<\/p>\n<p>Vain el\u00e4m\u00e4\u00e4 -kauden jaksoj\u00e4rjestys:<\/p>\n<p>5.9. Saapuminen Satulinnaan<\/p>\n<p>12.9. K\u00e4\u00e4rij\u00e4n p\u00e4iv\u00e4<\/p>\n<p>19.9. Jonna Tervomaan p\u00e4iv\u00e4<\/p>\n<p>26.9. Pelle Miljoonan p\u00e4iv\u00e4<\/p>\n<p>3.10. VIIVIn p\u00e4iv\u00e4<\/p>\n<p>10.10. Lauri Haavin p\u00e4iv\u00e4<\/p>\n<p>17.10. Mikki Kausteen p\u00e4iv\u00e4<\/p>\n<p>24.10. Vestan p\u00e4iv\u00e4<\/p>\n<p>31.10. Johannes Brotheruksen p\u00e4iv\u00e4<\/p>\n<p>7.11. Kunniavieras Remu Aaltosen p\u00e4iv\u00e4<\/p>\n<p>14.11. Kunniavieras Pepe Willbergin p\u00e4iv\u00e4<\/p>\n<p>21.11. Kunniavieras Marion Rungin p\u00e4iv\u00e4<\/p>\n<p>28.11. MIELI-p\u00e4iv\u00e4<\/p>\n<p>5.12. Kaikki biisit 1\/2<\/p>\n<p>12.12. Kaikki biisit 2\/2<\/p>\n<p>19.12. Joulusikerm\u00e4 (kooste aikaisemmilta kausilta)<\/p>\n<p>Lue my\u00f6s: <a href=\"https:\/\/www.como.fi\/tilaa-comon-uutiskirje\/\" title=\"Tilaa Comon uutiskirje ja tied\u00e4t mist\u00e4 kahvitauolla puhutaan! Nappaa kotimaan tv-vinkit ja puheenaiheet suoraan s\u00e4hk\u00f6postiin t\u00e4st\u00e4.\" class=\"underline-custom !font-montserrat !font-bold !underline-offset-4 !decoration-4 !decoration-red-600 !text-md\" rel=\"nofollow noopener\" target=\"_blank\">Tilaa Comon uutiskirje ja tied\u00e4t mist\u00e4 kahvitauolla puhutaan! Nappaa kotimaan tv-vinkit ja puheenaiheet suoraan s\u00e4hk\u00f6postiin t\u00e4st\u00e4.<\/a><\/p>\n","protected":false},"excerpt":{"rendered":"Perjantain Vain el\u00e4m\u00e4\u00e4 -jaksossa vietet\u00e4\u00e4n kunniavieras Pepe Wilbergin p\u00e4iv\u00e4\u00e4. Mies lauloi 60-luvulla Jormas-yhtyeess\u00e4, ja vuonna 1966 julkaistu k\u00e4\u00e4nn\u00f6skappale&hellip;\n","protected":false},"author":2,"featured_media":87442,"comment_status":"","ping_status":"","sticky":false,"template":"","format":"standard","meta":{"footnotes":""},"categories":[136],"tags":[407,137,33,31,30,408,8931,32,109],"class_list":{"0":"post-87441","1":"post","2":"type-post","3":"status-publish","4":"format-standard","5":"has-post-thumbnail","7":"category-julkkikset","8":"tag-celebrities","9":"tag-entertainment","10":"tag-fi","11":"tag-finland","12":"tag-finnish","13":"tag-julkkikset","14":"tag-pepe-willberg","15":"tag-suomi","16":"tag-viihde"},"share_on_mastodon":{"url":"https:\/\/pubeurope.com\/@fi\/115532456491531624","error":""},"_links":{"self":[{"href":"https:\/\/www.europesays.com\/fi\/wp-json\/wp\/v2\/posts\/87441","targetHints":{"allow":["GET"]}}],"collection":[{"href":"https:\/\/www.europesays.com\/fi\/wp-json\/wp\/v2\/posts"}],"about":[{"href":"https:\/\/www.europesays.com\/fi\/wp-json\/wp\/v2\/types\/post"}],"author":[{"embeddable":true,"href":"https:\/\/www.europesays.com\/fi\/wp-json\/wp\/v2\/users\/2"}],"replies":[{"embeddable":true,"href":"https:\/\/www.europesays.com\/fi\/wp-json\/wp\/v2\/comments?post=87441"}],"version-history":[{"count":0,"href":"https:\/\/www.europesays.com\/fi\/wp-json\/wp\/v2\/posts\/87441\/revisions"}],"wp:featuredmedia":[{"embeddable":true,"href":"https:\/\/www.europesays.com\/fi\/wp-json\/wp\/v2\/media\/87442"}],"wp:attachment":[{"href":"https:\/\/www.europesays.com\/fi\/wp-json\/wp\/v2\/media?parent=87441"}],"wp:term":[{"taxonomy":"category","embeddable":true,"href":"https:\/\/www.europesays.com\/fi\/wp-json\/wp\/v2\/categories?post=87441"},{"taxonomy":"post_tag","embeddable":true,"href":"https:\/\/www.europesays.com\/fi\/wp-json\/wp\/v2\/tags?post=87441"}],"curies":[{"name":"wp","href":"https:\/\/api.w.org\/{rel}","templated":true}]}}