{"id":87821,"date":"2025-11-12T04:59:12","date_gmt":"2025-11-12T04:59:12","guid":{"rendered":"https:\/\/www.europesays.com\/fi\/87821\/"},"modified":"2025-11-12T04:59:12","modified_gmt":"2025-11-12T04:59:12","slug":"nain-vornasen-pieleen-mennyt-baarireissu-eteni-myonsi-vahvan-paihtymystilan-murtui-poliisiauton-takapenkilla","status":"publish","type":"post","link":"https:\/\/www.europesays.com\/fi\/87821\/","title":{"rendered":"N\u00e4in Vornasen pieleen mennyt baarireissu eteni \u2013 my\u00f6nsi vahvan p\u00e4ihtymystilan, murtui poliisiauton takapenkill\u00e4"},"content":{"rendered":"<p>\u2013 Totta helvetiss\u00e4 olen p\u00e4ihtynyt, Helsingin y\u00f6ss\u00e4 ammuskellut kansanedustaja tokaisi poliisiauton takapenkill\u00e4.<\/p>\n<p class=\"article-body mb-nof-24 px-nof-16\">Helsingin k\u00e4r\u00e4j\u00e4oikeudessa puitiin tiistaina tapahtumia, jotka johtivat kansanedustaja <a class=\"article-personlink\" href=\"https:\/\/www.is.fi\/haku\/?query=Timo%20Vornasen\" rel=\"nofollow noopener\" target=\"_blank\">Timo Vornasen<\/a> (tv) erottamiseen perussuomalaisista.<\/p>\n<p class=\"article-body mb-nof-24 px-nof-16\">Vornanen ampui baaririidan p\u00e4\u00e4tteeksi laukauksen maahan Bar Ihku -ravintolan edustalla 26.4.2024 kello 4.15.<\/p>\n<p class=\"article-body mb-nof-24 px-nof-16\">Valtionsyytt\u00e4j\u00e4 <a class=\"article-personlink\" href=\"https:\/\/www.is.fi\/haku\/?query=Tapio%20M%C3%A4kinen\" rel=\"nofollow noopener\" target=\"_blank\">Tapio M\u00e4kinen<\/a> vaatii Vornaselle v\u00e4hint\u00e4\u00e4n viiden kuukauden ehdollista vankeusrangaistusta pahoinpitelyst\u00e4, laittomasta uhkauksesta, vaaran aiheuttamisesta (vaihtoehtoinen rangaistusvaatimus varomaton k\u00e4sittely), ampuma-aserikoksesta sek\u00e4 ampuma-aserikkomuksesta.<\/p>\n<p class=\"article-body mb-nof-24 px-nof-16\">Vornanen kiist\u00e4\u00e4 syytteet ja katsoo syyllistyneens\u00e4 enint\u00e4\u00e4n liev\u00e4\u00e4n ampuma-aserikokseen.<\/p>\n<p class=\"article-body mb-nof-24 px-nof-16\">M\u00e4kinen vaatii rangaistuksia my\u00f6s baaririidan muille osapuolille: 41-vuotiasta miest\u00e4 syytet\u00e4\u00e4n liev\u00e4st\u00e4 pahoinpitelyst\u00e4 ja 31-vuotiasta miest\u00e4 laittomasta uhkauksesta.<\/p>\n<p class=\"article-body mb-nof-24 px-nof-16\">41-vuotias mies ja 31-vuotias mies ovat ty\u00f6kavereita. He olivat p\u00e4\u00e4tyneet ty\u00f6paikan tilaisuuden j\u00e4lkeen Bar Ihkuun.<\/p>\n<p class=\"article-body mb-nof-24 px-nof-16\">Vornaselle oli puolestaan saapunut vieraita perussuomalaisten Pohjois-Karjalan piirist\u00e4.<\/p>\n<p class=\"article-body mb-nof-24 px-nof-16\">Vieraat olivat seuranneet eduskunnassa kyselytuntia ja siirtyiv\u00e4t my\u00f6h\u00e4\u00e4n illalla Bar Ihkuun Vornasen seurassa iltaa viett\u00e4m\u00e4\u00e4n.<\/p>\n<p class=\"article-body mb-nof-24 px-nof-16\">Vornanen l\u00e4hti Pikkuparlamentista ase taskussa Helsingin y\u00f6h\u00f6n.<\/p>\n<p class=\"article-body mb-nof-24 px-nof-16\">Bar Ihkuun seurue siirtyi kello 23.22.<\/p>\n<p><img decoding=\"async\" src=\"https:\/\/www.europesays.com\/fi\/wp-content\/uploads\/2025\/11\/1762923550_93_468.jpg\" alt=\"Poliisi tutki Ihkun edustaa ampumistapauksen j\u00e4lkeen.\" class=\"_Img_1rerz_1\" style=\"aspect-ratio:1.5\" loading=\"eager\"\/><\/p>\n<p class=\"article-picture-caption\">Poliisi tutki Ihkun edustaa ampumistapauksen j\u00e4lkeen. Kuva:\u00a0Paula Kaskimaa \/ IS<\/p>\n<p><img decoding=\"async\" src=\"https:\/\/www.europesays.com\/fi\/wp-content\/uploads\/2025\/11\/1762923551_415_468.jpg\" alt=\"Kansanedustaja Timo Vornanen (tv) sanoi, ettei h\u00e4n osaa katua toimintaansa y\u00f6kerhon edustalla, koska h\u00e4n \u201dkohteli silkkihansikkain\u201d ihmisi\u00e4, jotka hy\u00f6kk\u00e4siv\u00e4t Vornasen mukaan h\u00e4nen kimppuunsa.\" class=\"_Img_1rerz_1\" style=\"aspect-ratio:1.5\" loading=\"eager\"\/><\/p>\n<p class=\"article-picture-caption\">Kansanedustaja Timo Vornanen (tv) sanoi, ettei h\u00e4n osaa katua toimintaansa y\u00f6kerhon edustalla, koska h\u00e4n \u201dkohteli silkkihansikkain\u201d ihmisi\u00e4, jotka hy\u00f6kk\u00e4siv\u00e4t Vornasen mukaan h\u00e4nen kimppuunsa. Kuva:\u00a0Janne Aaltonen<\/p>\n<p class=\"article-body mb-nof-24 px-nof-16\">Oikeudessa esiteltiin videomateriaalia, josta k\u00e4vi ilmi, ett\u00e4 tapahtumat alkoivat k\u00e4rjisty\u00e4 Bar Ihkussa kello 3.02, kun 41-vuotias mies istui sohvalle Vornasen viereen.<\/p>\n<p class=\"article-body mb-nof-24 px-nof-16\">Vornanen istuskeli tuolloin kahden naisen seurassa.<\/p>\n<p class=\"article-body mb-nof-24 px-nof-16\">Toinen naisista kertoi esitutkinnassa, ett\u00e4 Vornasen ja 41-vuotiaan miehen v\u00e4lille syntyi suukopua siit\u00e4, ett\u00e4 41-vuotiaan mukaan Vornanen oli istunut h\u00e4nen paikalleen.<\/p>\n<p class=\"article-body mb-nof-24 px-nof-16\">\u2013 Se k\u00e4vi p\u00e4\u00e4lle, en tied\u00e4 syyt\u00e4 siihen, 41-vuotias mies selitti oikeudessa.<\/p>\n<p class=\"article-body mb-nof-24 px-nof-16\">Vornasen n\u00e4kemys on p\u00e4invastainen \u2013 Vornasen mukaan h\u00e4nen kimppuunsa k\u00e4ytiin.<\/p>\n<p class=\"article-body mb-nof-24 px-nof-16\">Videolla n\u00e4kyi, kuinka 41-vuotias mies otti Vornasta niskan takaa kiinni ja veti t\u00e4t\u00e4 itse\u00e4\u00e4n kohti. T\u00e4m\u00e4n j\u00e4lkeen Vornanen painoi miehen alas kyljelleen sohvalle.<\/p>\n<p class=\"article-body mb-nof-24 px-nof-16\">41-vuotiaan miehen menettely on ollut syytt\u00e4j\u00e4 M\u00e4kisen mukaan sellaista, ett\u00e4 siit\u00e4 on voinut aiheutua kipua Vornaselle.<\/p>\n<p class=\"article-body mb-nof-24 px-nof-16\">Vornasen p\u00f6yd\u00e4n ymp\u00e4rille ker\u00e4\u00e4ntyi v\u00e4ke\u00e4 selvittelem\u00e4\u00e4n tilannetta. Samalla karaokea laulettiin taustalla ja tanssilattialla tanssittiin hitaita.<\/p>\n<p class=\"article-body mb-nof-24 px-nof-16\">Lopulta j\u00e4rjestysmies poisti 41-vuotiaan miehen tilanteesta.<\/p>\n<p class=\"article-body mb-nof-24 px-nof-16\">Puoli nelj\u00e4n j\u00e4lkeen Vornanen jatkoi keskustelua 41-vuotiaan miehen kanssa j\u00e4nnitteisiss\u00e4 merkeiss\u00e4.<\/p>\n<p><img decoding=\"async\" src=\"https:\/\/www.europesays.com\/fi\/wp-content\/uploads\/2025\/11\/1762923551_677_468.jpg\" alt=\"Vornanen p\u00e4\u00e4see oikeudessa \u00e4\u00e4neen keskiviikkona. H\u00e4n kertoi harkitsevansa kansanedustajan teht\u00e4v\u00e4st\u00e4 eroamista, jos saa lainvoimaisen vankeustuomion.\" class=\"_Img_1rerz_1\" style=\"aspect-ratio:1.5\" loading=\"eager\"\/><\/p>\n<p class=\"article-picture-caption\">Vornanen p\u00e4\u00e4see oikeudessa \u00e4\u00e4neen keskiviikkona. H\u00e4n kertoi harkitsevansa kansanedustajan teht\u00e4v\u00e4st\u00e4 eroamista, jos saa lainvoimaisen vankeustuomion. Kuva:\u00a0Janne Aaltonen<\/p>\n<p class=\"article-body mb-nof-24 px-nof-16\">41-vuotias asetti k\u00e4tens\u00e4 edess\u00e4\u00e4n seisoneen Vornasen olkap\u00e4ille, jolloin Vornanen ty\u00f6nsi 41-vuotiasta taaksep\u00e4in. 41-vuotias kaatui maahan takanaan olleen penkin yli.<\/p>\n<p class=\"article-body mb-nof-24 px-nof-16\">Tilanne eteni sanaharkaksi. T\u00e4ll\u00f6in 31-vuotias tuli selvitt\u00e4m\u00e4\u00e4n tilannetta.<\/p>\n<p class=\"article-body mb-nof-24 px-nof-16\">Kello 3.52 Vornanen keskusteli baaritiskill\u00e4 31-vuotiaan miehen kanssa noin yhdeks\u00e4n minuuttia.<\/p>\n<p class=\"article-body mb-nof-24 px-nof-16\">Vornasen ja 31-vuotiaan miehen v\u00e4lisen keskustelun sis\u00e4ll\u00f6st\u00e4 on jyrkki\u00e4 erimielisyyksi\u00e4.<\/p>\n<p class=\"article-body mb-nof-24 px-nof-16\">Vornasen mukaan 31-vuotias mies antoi ymm\u00e4rt\u00e4\u00e4 olevansa j\u00e4rjest\u00e4ytyneen rikollisuuden edustaja.<\/p>\n<p class=\"article-body mb-nof-24 px-nof-16\">Vornasen mukaan mies oli uhannut my\u00f6s h\u00e4nen perhett\u00e4\u00e4n. Vornanen soitti sekavan oloisen puhelun h\u00e4t\u00e4keskukseen.<\/p>\n<p class=\"article-body mb-nof-24 px-nof-16\">\u2013 T\u00e4\u00e4ll\u00e4 Vornanen terve. Niin tota, olen Helsingiss\u00e4 Bar Ihkussa. Minuun kohdistettiin henkeen ja terveyteen kohdistettu loukkaaminen. Olisiko mahdollista j\u00e4rjest\u00e4\u00e4&#8230;. Vornanen sammalsi puhelimeen.<\/p>\n<p class=\"article-body mb-nof-24 px-nof-16\">31-vuotias puolestaan v\u00e4itti esitutkinnassa Vornasen aloittaneen baaritiskill\u00e4 \u201dsellaisen klassisen litanian, ett\u00e4 s\u00e4 et taida tiet\u00e4\u00e4 kenelle s\u00e4 puhut, ett\u00e4 olen jokaisessa moottoripy\u00f6r\u00e4kerhossa mukana, UB:ssa, Hells Angelsissa, Cannonballsissa ja my\u00f6s, ett\u00e4 h\u00e4n on kansanedustaja.\u201d<\/p>\n<p class=\"article-body mb-nof-24 px-nof-16\">\u2013 H\u00e4nen tavoitteenaan oli vain luetella ja kertoa, kuinka vaarallinen mies h\u00e4n on, 31-vuotias v\u00e4itti kuulustelussa.<\/p>\n<p class=\"article-body mb-nof-24 px-nof-16\">Vornanen kiisti miehen puheet \u201dh\u00f6p\u00f6h\u00f6p\u00f6n\u00e4\u201d.<\/p>\n<p class=\"article-body mb-nof-24 px-nof-16\">Tilanteen selvittely jatkui Bar Ihkun ulkopuolella nelj\u00e4n j\u00e4lkeen.<\/p>\n<p class=\"article-body mb-nof-24 px-nof-16\">Bar Ihkussa oli viett\u00e4m\u00e4ss\u00e4 iltaa Vornasen ja <a class=\"article-personlink\" href=\"https:\/\/www.is.fi\/haku\/?query=Petri%20Hurun\" rel=\"nofollow noopener\" target=\"_blank\">Petri Hurun<\/a> (ps) ohella kolmaskin kansanedustaja, <a class=\"article-personlink\" href=\"https:\/\/www.is.fi\/haku\/?query=Sanna%20Antikainen\" rel=\"nofollow noopener\" target=\"_blank\">Sanna Antikainen<\/a> (ps).<\/p>\n<p><img decoding=\"async\" src=\"https:\/\/www.europesays.com\/fi\/wp-content\/uploads\/2025\/11\/1762923552_372_468.jpg\" alt=\"Vornasen (edess\u00e4 sinisess\u00e4 paidassa) puoluetoveri Sanna Antikainen (ympyr\u00f6ity) vietti iltaa Vornasen kanssa samassa seurueessa. Antikaista kuullaan oikeudessa todistajana.\" class=\"_Img_1rerz_1\" style=\"aspect-ratio:1.0774410774410774\" loading=\"eager\"\/><\/p>\n<p class=\"article-picture-caption\">Vornasen (edess\u00e4 sinisess\u00e4 paidassa) puoluetoveri Sanna Antikainen (ympyr\u00f6ity) vietti iltaa Vornasen kanssa samassa seurueessa. Antikaista kuullaan oikeudessa todistajana. Kuva:\u00a0Poliisin esitutkintamateriaali<\/p>\n<p class=\"article-body mb-nof-24 px-nof-16\">Oikeudessa esiteltiin videotallenne keskustelusta, jonka Antikainen k\u00e4vi liev\u00e4st\u00e4 pahoinpitelyst\u00e4 syytetyn 41-vuotiaan miehen kanssa Bar Ihkun edustalla.<\/p>\n<p class=\"article-body mb-nof-24 px-nof-16\">\u2013 Olis kiva tiet\u00e4\u00e4 kaveri, joka halusi tappaa minut, 41-vuotias mies sanoo videolla Antikaiselle.<\/p>\n<p class=\"article-body mb-nof-24 px-nof-16\">\u2013 Ei oo kukkaan halunnu tappaa sinuu, Antikainen vastasi miehelle.<\/p>\n<p class=\"article-body mb-nof-24 px-nof-16\">Kello 4.11 Vornanen ja 31-vuotias ottivat Bar Ihkun edustalla pient\u00e4 fyysist\u00e4 kontaktia.<\/p>\n<p class=\"article-body mb-nof-24 px-nof-16\">Vornanen alkoi kuvata tilannetta. Hetken p\u00e4\u00e4st\u00e4 my\u00f6s 31-vuotias otti puhelimensa esiin ja alkoi kuvata tilannetta.<\/p>\n<p class=\"article-body mb-nof-24 px-nof-16\">Vornasen ja 31-vuotiaan v\u00e4lille syntyi pieni k\u00e4sik\u00e4hm\u00e4 ja 41-vuotias mies meni tilanteeseen v\u00e4liin.<\/p>\n<p class=\"article-body mb-nof-24 px-nof-16\">Vornanen otti askelia taaksep\u00e4in, kaivoi housujensa etutaskusta aseen, osoitti aseella viereens\u00e4 oikealle alaviistoon katuun ja ampui yhden laukauksen katukivetykseen. Aseen piipusta p\u00f6l\u00e4hti ruutisavua.<\/p>\n<p class=\"article-body mb-nof-24 px-nof-16\">Laukauksen j\u00e4lkeen Vornanen nosti aseen 31-vuotiasta ja 41-vuotiasta kohti. Syytt\u00e4j\u00e4 piti t\u00e4t\u00e4 merkitt\u00e4v\u00e4n\u00e4 yksityiskohtana.<\/p>\n<p><img decoding=\"async\" src=\"https:\/\/www.europesays.com\/fi\/wp-content\/uploads\/2025\/11\/1762923552_425_468.jpg\" alt=\"Vornanen kohotti aseensa ravintolan edustalla ja laukaisi.\" class=\"_Img_1rerz_1\" style=\"aspect-ratio:1.2030075187969924\" loading=\"eager\"\/><\/p>\n<p class=\"article-picture-caption\">Vornanen kohotti aseensa ravintolan edustalla ja laukaisi. Kuva:\u00a0Poliisin esitutkintap\u00f6yt\u00e4kirja<\/p>\n<p class=\"article-body mb-nof-24 px-nof-16\">V\u00e4ki kaikkosi v\u00e4litt\u00f6m\u00e4sti laukauksen j\u00e4lkeen Vornasen ymp\u00e4rilt\u00e4.<\/p>\n<p class=\"article-body mb-nof-24 px-nof-16\">Vornanen j\u00e4i yksin, laittoi lippalakin p\u00e4\u00e4h\u00e4ns\u00e4 ja l\u00e4hti k\u00e4velem\u00e4\u00e4n kev\u00e4ty\u00f6h\u00f6n.<\/p>\n<p class=\"article-body mb-nof-24 px-nof-16\">Kello 4.34 poliisi otti Vornasen kiinni Arkadiankadun ja Runeberginkadun risteyksess\u00e4.<\/p>\n<p class=\"article-body mb-nof-24 px-nof-16\">Oikeudessa esiteltiin videotallennetta poliisiauton takapenkilt\u00e4, josta ilmeni, ett\u00e4 Vornanen oli tukevasti humalassa.<\/p>\n<p class=\"article-body mb-nof-24 px-nof-16\">Oletko p\u00e4ihtynyt? poliisi kysyi.<\/p>\n<p class=\"article-body mb-nof-24 px-nof-16\">\u2013 Olen! Vahvasti, Vornanen vastasi.<\/p>\n<p class=\"article-body mb-nof-24 px-nof-16\">Poliisi halusi tiet\u00e4\u00e4, mink\u00e4 verran Vornanen oli nauttinut alkoholia.<\/p>\n<p class=\"article-body mb-nof-24 px-nof-16\">\u2013 Sanotaan silleen, ett\u00e4 kun l\u00e4het baariin ja pid\u00e4t yst\u00e4viesi kanssa hauskan illan, niin saman verran kuin sin\u00e4kin, Vornanen kuittasi.<\/p>\n<p class=\"article-body mb-nof-24 px-nof-16\">Vornanen tarjoutui puhallutettavaksi, mutta poliisi ei puhalluttanut Vornasta.<\/p>\n<p class=\"article-body mb-nof-24 px-nof-16\">\u2013 Totta helvetiss\u00e4 olen p\u00e4ihtynyt, Vornanen tokaisi.<\/p>\n<p class=\"article-body mb-nof-24 px-nof-16\">Oikeuden istunnon tauolla Vornanen v\u00e4itti, ettei p\u00e4ihtymystila vaikuttanut h\u00e4nen toimintaansa.<\/p>\n<p><img decoding=\"async\" src=\"https:\/\/www.europesays.com\/fi\/wp-content\/uploads\/2025\/11\/1762923552_297_468.jpg\" alt=\"Valtionsyytt\u00e4j\u00e4 Tapio M\u00e4kinen kertoi pit\u00e4v\u00e4ns\u00e4 k\u00e4sitt\u00e4m\u00e4tt\u00f6m\u00e4n\u00e4, ett\u00e4 kansanedustaja Vornanen kulki kaupungilla ase taskussa.\" class=\"_Img_1rerz_1\" style=\"aspect-ratio:1.5035238841033673\" loading=\"eager\"\/><\/p>\n<p class=\"article-picture-caption\">Valtionsyytt\u00e4j\u00e4 Tapio M\u00e4kinen kertoi pit\u00e4v\u00e4ns\u00e4 k\u00e4sitt\u00e4m\u00e4tt\u00f6m\u00e4n\u00e4, ett\u00e4 kansanedustaja Vornanen kulki kaupungilla ase taskussa. Kuva:\u00a0Paula Kaskimaa \/ IS<\/p>\n<p class=\"article-body mb-nof-24 px-nof-16\">Vornanen selosti poliisiauton takapenkill\u00e4, kuinka h\u00e4n koki 31-vuotiaan miehen uhanneen h\u00e4nt\u00e4.<\/p>\n<p class=\"article-body mb-nof-24 px-nof-16\">Vornanen murtui poliisiautossa kyyneliin.<\/p>\n<p class=\"article-body mb-nof-24 px-nof-16\">Vornasen puolustus vetosi h\u00e4t\u00e4varjeluun tilanteessa, joka olisi voinut johtaa \u201dnyrkkirysyyn\u201d.<\/p>\n<p class=\"article-body mb-nof-24 px-nof-16\">Syytt\u00e4j\u00e4 M\u00e4kinen oli Vornasen kanssa jyrk\u00e4sti eri mielt\u00e4.<\/p>\n<p class=\"article-body mb-nof-24 px-nof-16\">\u2013 On kummallista ja k\u00e4sitt\u00e4m\u00e4t\u00f6nt\u00e4, ett\u00e4 Vornanen on kulkenut Helsingin y\u00f6el\u00e4m\u00e4ss\u00e4 ase taskussa.<\/p>\n<p class=\"article-body mb-nof-24 px-nof-16\">Vornasella oli lupa CZ 92 -pistooliin. M\u00e4kisen mukaan Vornanen kantoi asetta ravintolassa ilman ty\u00f6h\u00f6n tai virkaan liittyv\u00e4\u00e4 perustetta.<\/p>\n<p class=\"article-body mb-nof-24 px-nof-16\">M\u00e4kinen katsoi, ett\u00e4 Vornanen olisi voinut hyvin poistua tilanteesta ilman aseeseen tarttumista ja k\u00e4\u00e4nty\u00e4 j\u00e4rjestyksenvalvojien puoleen.<\/p>\n<p class=\"article-body mb-nof-24 px-nof-16\">Laittomasta uhkauksesta syytetty 31-vuotias mies istui oikeudessa rauhallisena paikallaan ja kuunteli avustajansa puhetta.<\/p>\n<p class=\"article-body mb-nof-24 px-nof-16\">Mies my\u00f6nsi k\u00e4ytt\u00e4neens\u00e4 asiatonta kielt\u00e4.<\/p>\n<p class=\"article-body mb-nof-24 px-nof-16\">Avustajan mukaan 31-vuotias mies oli kyll\u00e4stynyt Vornasen puheisiin ja todennut baarin ulkopuolella, ett\u00e4 &#8221;tollaset mulkut pit\u00e4s kyll\u00e4 hakkaa&#8221;.<\/p>\n<p class=\"article-body mb-nof-24 px-nof-16\">K\u00e4r\u00e4j\u00e4oikeuden istunto jatkuu tiistaina, jolloin kuullaan sek\u00e4 Vornasta ett\u00e4 31-vuotiasta miest\u00e4.<\/p>\n","protected":false},"excerpt":{"rendered":"\u2013 Totta helvetiss\u00e4 olen p\u00e4ihtynyt, Helsingin y\u00f6ss\u00e4 ammuskellut kansanedustaja tokaisi poliisiauton takapenkill\u00e4. Helsingin k\u00e4r\u00e4j\u00e4oikeudessa puitiin tiistaina tapahtumia, jotka&hellip;\n","protected":false},"author":2,"featured_media":87822,"comment_status":"","ping_status":"","sticky":false,"template":"","format":"standard","meta":{"footnotes":""},"categories":[12],"tags":[22,23,26,27,33,31,30,17,34,24,25,28,29,15,18,21,32,19,20,16],"class_list":{"0":"post-87821","1":"post","2":"type-post","3":"status-publish","4":"format-standard","5":"has-post-thumbnail","7":"category-suomi","8":"tag-breaking-news","9":"tag-breakingnews","10":"tag-featured-news","11":"tag-featurednews","12":"tag-fi","13":"tag-finland","14":"tag-finnish","15":"tag-headlines","16":"tag-ilta-sanomat","17":"tag-latest-news","18":"tag-latestnews","19":"tag-main-news","20":"tag-mainnews","21":"tag-news","22":"tag-otsikot","23":"tag-paauutiset","24":"tag-suomi","25":"tag-top-stories","26":"tag-topstories","27":"tag-uutiset"},"share_on_mastodon":{"url":"https:\/\/pubeurope.com\/@fi\/115534965692730450","error":""},"_links":{"self":[{"href":"https:\/\/www.europesays.com\/fi\/wp-json\/wp\/v2\/posts\/87821","targetHints":{"allow":["GET"]}}],"collection":[{"href":"https:\/\/www.europesays.com\/fi\/wp-json\/wp\/v2\/posts"}],"about":[{"href":"https:\/\/www.europesays.com\/fi\/wp-json\/wp\/v2\/types\/post"}],"author":[{"embeddable":true,"href":"https:\/\/www.europesays.com\/fi\/wp-json\/wp\/v2\/users\/2"}],"replies":[{"embeddable":true,"href":"https:\/\/www.europesays.com\/fi\/wp-json\/wp\/v2\/comments?post=87821"}],"version-history":[{"count":0,"href":"https:\/\/www.europesays.com\/fi\/wp-json\/wp\/v2\/posts\/87821\/revisions"}],"wp:featuredmedia":[{"embeddable":true,"href":"https:\/\/www.europesays.com\/fi\/wp-json\/wp\/v2\/media\/87822"}],"wp:attachment":[{"href":"https:\/\/www.europesays.com\/fi\/wp-json\/wp\/v2\/media?parent=87821"}],"wp:term":[{"taxonomy":"category","embeddable":true,"href":"https:\/\/www.europesays.com\/fi\/wp-json\/wp\/v2\/categories?post=87821"},{"taxonomy":"post_tag","embeddable":true,"href":"https:\/\/www.europesays.com\/fi\/wp-json\/wp\/v2\/tags?post=87821"}],"curies":[{"name":"wp","href":"https:\/\/api.w.org\/{rel}","templated":true}]}}