{"id":87851,"date":"2025-11-12T05:50:10","date_gmt":"2025-11-12T05:50:10","guid":{"rendered":"https:\/\/www.europesays.com\/fi\/87851\/"},"modified":"2025-11-12T05:50:10","modified_gmt":"2025-11-12T05:50:10","slug":"protesti-karjistyi-yhteenotoksi-ykn-ilmastokokouksessa-kaksi-vartijaa-loukkaantunut-uutisia-lyhyesti","status":"publish","type":"post","link":"https:\/\/www.europesays.com\/fi\/87851\/","title":{"rendered":"Protesti k\u00e4rjistyi yhteenotoksi YK:n ilmasto\u00adkokouksessa \u2013 kaksi vartijaa loukkaantunut | Uutisia lyhyesti"},"content":{"rendered":"<p class=\"aw-1gybjub aw-5vja16 kEtdKx kmuxyA yle__article__paragraph\">Joukko alkuper\u00e4is\u00adkansan j\u00e4seni\u00e4 ja n\u00e4iden tukijoita yrittiv\u00e4t p\u00e4\u00e4st\u00e4 sis\u00e4\u00e4n kokousalueelle Bel\u00e9miss\u00e4 Brasiliassa.<\/p>\n<p><img decoding=\"async\" alt=\"Keltaisiin paitoihin pukeutuneet mielenosoittajat kahinoivat vartijoiden kanssa sis\u00e4tiloissa.\" src=\"https:\/\/www.europesays.com\/fi\/wp-content\/uploads\/2025\/11\/39-15521496913eb934583e.jpeg\" class=\"aw-1l9m598 hKVVvP\"\/><\/p>\n<p>Avaa kuvien katselu<\/p>\n<p>Vartijat ja mielenosoittajat ottivat yhteen YK:n ilmastokokouksen kokouspaikalla tiistaina 11. marraskuuta. Kuva: Olga Leiria \/ AFP<\/p>\n<p class=\"aw-1gybjub aw-1p7kakr kEtdKx cEmitX yle__article__paragraph\">Kaksi vartijaa on loukkaantunut v\u00e4kivaltaiseksi k\u00e4rjistyneen mielenosoituksen yhteydess\u00e4 YK:n COP30-ilmastokokouksessa Bel\u00e9miss\u00e4 Brasiliassa, kertoo YK:n tiedottaja. Lis\u00e4ksi kokouspaikka k\u00e4rsi pieni\u00e4 vaurioita.<\/p>\n<p class=\"aw-1gybjub aw-1p7kakr kEtdKx cEmitX yle__article__paragraph\">Kokous p\u00e4\u00e4si jatkumaan, kun YK ja Brasilian viranomaiset aloittivat tutkinnan alkuper\u00e4iskansan j\u00e4senten ja n\u00e4iden tukijoiden tunkeutumisesta kokouspaikalle.<\/p>\n<p class=\"aw-1gybjub aw-1p7kakr kEtdKx cEmitX yle__article__paragraph\">YK:n mukaan vartijat noudattivat \u201dvakiintuneita toimenpiteit\u00e4\u201d turvatoimissaan, kun useat kymmenet mielenosoittajat tunkeutuivat kokouspaikan p\u00e4\u00e4portin kulkuesteiden l\u00e4pi ja ottivat yhteen vartijoiden kanssa tiistai-iltana paikallista aikaa.<\/p>\n<p class=\"aw-1gybjub aw-1p7kakr kEtdKx cEmitX yle__article__paragraph\">\u00c4\u00e4nekk\u00e4\u00e4sti huutaneet mielenosoittajat vaativat p\u00e4\u00e4sy\u00e4 sis\u00e4\u00e4n kokousalueelle, jossa tuhannet valtuuskuntien j\u00e4senet YK:n j\u00e4senmaista osallistuvat kokoukseen. Vartijat olivat pakottaneet mielenosoittajat per\u00e4\u00e4ntym\u00e4\u00e4n ja k\u00e4ytt\u00e4neet p\u00f6yti\u00e4 kokouspaikan sis\u00e4\u00e4nk\u00e4ynnin tukkimiseen.<\/p>\n<p>\u201dAlkuper\u00e4iskansat avainasemassa t\u00e4m\u00e4n vuoden neuvotteluissa\u201d<\/p>\n<p class=\"aw-1gybjub aw-1p7kakr kEtdKx cEmitX yle__article__paragraph\">Reutersin haastattelussa puhunut Tupinamb\u00e1-kansan johtaja <strong class=\"aw-ak79eh KyCXm yle__article__strong\">Gilmar<\/strong> oli muun muassa vaatinut, ett\u00e4 Tupinamb\u00e1-kansan maat v\u00e4lttyisiv\u00e4t muun muassa tehomaataloudelta sek\u00e4 laittomilta kaivoksilta sek\u00e4 mets\u00e4hakkuilta.<\/p>\n<p class=\"aw-1gybjub aw-1p7kakr kEtdKx cEmitX yle__article__paragraph\">Brasilian presidentti <strong class=\"aw-ak79eh KyCXm yle__article__strong\">Luiz In\u00e1cio Lula da Silva<\/strong> oli kokouksen edell\u00e4 nostanut alkuper\u00e4iskansat avainasemaan t\u00e4m\u00e4n vuoden COP30-kokouksen ilmastoneuvotteluihin.<\/p>\n<p class=\"aw-1gybjub aw-1p7kakr kEtdKx cEmitX yle__article__paragraph\">Alkuviikosta joukko alkuper\u00e4iskansojen johtajia saapui veneill\u00e4 neuvotteluihin ja vaativat enemm\u00e4n sananvaltaa siihen, miten alueen metsi\u00e4 k\u00e4ytet\u00e4\u00e4n.<\/p>\n<p class=\"aw-1gybjub aw-1p7kakr kEtdKx cEmitX yle__article__paragraph\">Tiistaina alkuper\u00e4iskansan johtaja <strong class=\"aw-ak79eh KyCXm yle__article__strong\">Raoni Metuktire<\/strong> kertoi uutistoimisto Reutersin haastattelussa, ett\u00e4 monet alkuper\u00e4iskansat ovat tyytym\u00e4tt\u00f6mi\u00e4 k\u00e4ynniss\u00e4 oleviin teollisuuden ja rakentamisen hankkeisiin paikallisissa metsiss\u00e4. Haastattelussa h\u00e4n my\u00f6s kehotti Brasiliaa antamaan alkuper\u00e4iskansoille valtaa Amazonin sademets\u00e4n suojelemiseen.<\/p>\n<p class=\"aw-1gybjub aw-1p7kakr kEtdKx cEmitX yle__article__paragraph\">L\u00e4hteet: Reuters, AFP<\/p>\n","protected":false},"excerpt":{"rendered":"Joukko alkuper\u00e4is\u00adkansan j\u00e4seni\u00e4 ja n\u00e4iden tukijoita yrittiv\u00e4t p\u00e4\u00e4st\u00e4 sis\u00e4\u00e4n kokousalueelle Bel\u00e9miss\u00e4 Brasiliassa. Avaa kuvien katselu Vartijat ja mielenosoittajat&hellip;\n","protected":false},"author":2,"featured_media":87852,"comment_status":"","ping_status":"","sticky":false,"template":"","format":"standard","meta":{"footnotes":""},"categories":[14],"tags":[17810,2741,22,23,1826,26,27,33,31,30,17,24,25,996,28,29,2571,15,18,21,32,19,20,17809,56,16,16944,59,60,61,17560],"class_list":{"0":"post-87851","1":"post","2":"type-post","3":"status-publish","4":"format-standard","5":"has-post-thumbnail","7":"category-ulkomaat","8":"tag-belemin-ilmastokokous-2025","9":"tag-brasilia","10":"tag-breaking-news","11":"tag-breakingnews","12":"tag-etela-amerikka","13":"tag-featured-news","14":"tag-featurednews","15":"tag-fi","16":"tag-finland","17":"tag-finnish","18":"tag-headlines","19":"tag-latest-news","20":"tag-latestnews","21":"tag-levottomuudet","22":"tag-main-news","23":"tag-mainnews","24":"tag-mielenosoitukset","25":"tag-news","26":"tag-otsikot","27":"tag-paauutiset","28":"tag-suomi","29":"tag-top-stories","30":"tag-topstories","31":"tag-turvallisuushenkilosto","32":"tag-ulkomaat","33":"tag-uutiset","34":"tag-vakivaltaiset-mielenosoitukset","35":"tag-world","36":"tag-world-news","37":"tag-worldnews","38":"tag-ykn-ilmastokokous"},"share_on_mastodon":{"url":"","error":"Validation failed: Text character limit of 500 exceeded"},"_links":{"self":[{"href":"https:\/\/www.europesays.com\/fi\/wp-json\/wp\/v2\/posts\/87851","targetHints":{"allow":["GET"]}}],"collection":[{"href":"https:\/\/www.europesays.com\/fi\/wp-json\/wp\/v2\/posts"}],"about":[{"href":"https:\/\/www.europesays.com\/fi\/wp-json\/wp\/v2\/types\/post"}],"author":[{"embeddable":true,"href":"https:\/\/www.europesays.com\/fi\/wp-json\/wp\/v2\/users\/2"}],"replies":[{"embeddable":true,"href":"https:\/\/www.europesays.com\/fi\/wp-json\/wp\/v2\/comments?post=87851"}],"version-history":[{"count":0,"href":"https:\/\/www.europesays.com\/fi\/wp-json\/wp\/v2\/posts\/87851\/revisions"}],"wp:featuredmedia":[{"embeddable":true,"href":"https:\/\/www.europesays.com\/fi\/wp-json\/wp\/v2\/media\/87852"}],"wp:attachment":[{"href":"https:\/\/www.europesays.com\/fi\/wp-json\/wp\/v2\/media?parent=87851"}],"wp:term":[{"taxonomy":"category","embeddable":true,"href":"https:\/\/www.europesays.com\/fi\/wp-json\/wp\/v2\/categories?post=87851"},{"taxonomy":"post_tag","embeddable":true,"href":"https:\/\/www.europesays.com\/fi\/wp-json\/wp\/v2\/tags?post=87851"}],"curies":[{"name":"wp","href":"https:\/\/api.w.org\/{rel}","templated":true}]}}