{"id":87853,"date":"2025-11-12T05:51:10","date_gmt":"2025-11-12T05:51:10","guid":{"rendered":"https:\/\/www.europesays.com\/fi\/87853\/"},"modified":"2025-11-12T05:51:10","modified_gmt":"2025-11-12T05:51:10","slug":"lapissa-odotetaan-hurjia-lumisateita-lunta-tullut-jo-toistakymmenta-senttia-uutiset","status":"publish","type":"post","link":"https:\/\/www.europesays.com\/fi\/87853\/","title":{"rendered":"Lapissa odotetaan hurjia lumisateita, lunta tullut jo toistakymment\u00e4 sentti\u00e4 | Uutiset"},"content":{"rendered":"<p class=\"aw-lzd4tw hrgmTi\">Lappiin odotetaan t\u00e4n\u00e4\u00e4n ja huomenna runsaasti lunta. Ennusteiden mukaan lunta voi sataa Etel\u00e4- ja Keski-Lapissa tiistaista perjantaihin 20\u201340 senttimetri\u00e4.<\/p>\n<p class=\"aw-lzd4tw hrgmTi\">Aamulla seitsem\u00e4n aikaan lunta oli virallisten mittauspisteiden mukaan eniten eli 12 sentti\u00e4 Ranuan lentokent\u00e4n, Kemij\u00e4rven lentokent\u00e4n ja Kilpisj\u00e4rven kyl\u00e4keskuksen mittauspisteill\u00e4. Muualla Lapissa lumipeitteen kerros vaihtelee kolmesta kahdeksaan senttiin. Rovaniemen lentokent\u00e4n mittauspisteen mukaan lunta oli satanut aamun aikana vajaat kymmenen sentti\u00e4.<\/p>\n<p><img decoding=\"async\" alt=\"Talvinen iltatunnelma lumisateen keskell\u00e4 J\u00e4tk\u00e4nkynttil\u00e4n siltaa Rovaniemell\u00e4; auto lipuu hiljalleen eteenp\u00e4in lumipeitteisell\u00e4 tiell\u00e4\" src=\"https:\/\/www.europesays.com\/fi\/wp-content\/uploads\/2025\/11\/39-155216769141cc3ef692.jpeg\" loading=\"lazy\" class=\"aw-1l9m598 hKVVvP\"\/><\/p>\n<p>Avaa kuvien katselu<\/p>\n<p>My\u00f6s ajokeli on koko Lapissa eritt\u00e4in huono lumi tai r\u00e4nt\u00e4sateen vuoksi. Lapin pelastuslaitoksen tietoon on tullut aamun aikana kolme ulosajoa. Kuva otettu Rovaniemen J\u00e4tk\u00e4nkynttil\u00e4n sillalta hieman ennen aamuseitsem\u00e4\u00e4. Kuva: Armi Auvinen \/ Yle<\/p>\n<p class=\"aw-lzd4tw hrgmTi\">Lumisade voi p\u00e4iv\u00e4ll\u00e4 olla sakeaakin, erityisesti Keski-Lapissa. L\u00e4mp\u00f6tilat vaihtelevat -12-7 asteen v\u00e4lill\u00e4 p\u00e4iv\u00e4n mittaan. Jalkak\u00e4yt\u00e4v\u00e4t voivat olla paikoin eritt\u00f6in liukkaita, koska niill\u00e4 oleva lumi tamppautuu liukkaaksi.<\/p>\n<p class=\"aw-lzd4tw hrgmTi\">Pohjois-Lappiin runsaimmat lumisateet eiv\u00e4t s\u00e4\u00e4ennusteiden mukaan n\u00e4ill\u00e4 n\u00e4kymin yll\u00e4, mutta yli 10 sentti\u00e4 voi sataa siell\u00e4kin, kuten my\u00f6s Pohjois-Pohjanmaalla ja Kainuussa. Keskiviikon ja torstain plussakelit vesisateineen kuitenkin v\u00e4hent\u00e4v\u00e4t viikonlopuksi kasvavien hankien korkeutta.<\/p>\n<p class=\"aw-lzd4tw hrgmTi\">Juttua p\u00e4ivitet\u00e4\u00e4n.<\/p>\n","protected":false},"excerpt":{"rendered":"Lappiin odotetaan t\u00e4n\u00e4\u00e4n ja huomenna runsaasti lunta. Ennusteiden mukaan lunta voi sataa Etel\u00e4- ja Keski-Lapissa tiistaista perjantaihin 20\u201340&hellip;\n","protected":false},"author":2,"featured_media":87854,"comment_status":"","ping_status":"","sticky":false,"template":"","format":"standard","meta":{"footnotes":""},"categories":[12],"tags":[22,23,26,27,33,31,30,17,667,24,25,1161,17811,28,29,15,18,21,1057,710,1424,32,19,20,16],"class_list":{"0":"post-87853","1":"post","2":"type-post","3":"status-publish","4":"format-standard","5":"has-post-thumbnail","7":"category-suomi","8":"tag-breaking-news","9":"tag-breakingnews","10":"tag-featured-news","11":"tag-featurednews","12":"tag-fi","13":"tag-finland","14":"tag-finnish","15":"tag-headlines","16":"tag-lappi","17":"tag-latest-news","18":"tag-latestnews","19":"tag-liikenne","20":"tag-lumisade","21":"tag-main-news","22":"tag-mainnews","23":"tag-news","24":"tag-otsikot","25":"tag-paauutiset","26":"tag-rovaniemi","27":"tag-saa","28":"tag-saaennusteet","29":"tag-suomi","30":"tag-top-stories","31":"tag-topstories","32":"tag-uutiset"},"share_on_mastodon":{"url":"https:\/\/pubeurope.com\/@fi\/115535169953542639","error":""},"_links":{"self":[{"href":"https:\/\/www.europesays.com\/fi\/wp-json\/wp\/v2\/posts\/87853","targetHints":{"allow":["GET"]}}],"collection":[{"href":"https:\/\/www.europesays.com\/fi\/wp-json\/wp\/v2\/posts"}],"about":[{"href":"https:\/\/www.europesays.com\/fi\/wp-json\/wp\/v2\/types\/post"}],"author":[{"embeddable":true,"href":"https:\/\/www.europesays.com\/fi\/wp-json\/wp\/v2\/users\/2"}],"replies":[{"embeddable":true,"href":"https:\/\/www.europesays.com\/fi\/wp-json\/wp\/v2\/comments?post=87853"}],"version-history":[{"count":0,"href":"https:\/\/www.europesays.com\/fi\/wp-json\/wp\/v2\/posts\/87853\/revisions"}],"wp:featuredmedia":[{"embeddable":true,"href":"https:\/\/www.europesays.com\/fi\/wp-json\/wp\/v2\/media\/87854"}],"wp:attachment":[{"href":"https:\/\/www.europesays.com\/fi\/wp-json\/wp\/v2\/media?parent=87853"}],"wp:term":[{"taxonomy":"category","embeddable":true,"href":"https:\/\/www.europesays.com\/fi\/wp-json\/wp\/v2\/categories?post=87853"},{"taxonomy":"post_tag","embeddable":true,"href":"https:\/\/www.europesays.com\/fi\/wp-json\/wp\/v2\/tags?post=87853"}],"curies":[{"name":"wp","href":"https:\/\/api.w.org\/{rel}","templated":true}]}}