{"id":87858,"date":"2025-11-12T06:04:13","date_gmt":"2025-11-12T06:04:13","guid":{"rendered":"https:\/\/www.europesays.com\/fi\/87858\/"},"modified":"2025-11-12T06:04:13","modified_gmt":"2025-11-12T06:04:13","slug":"erika-vikman-sai-mieluisaa-postia-aidosti-todella-kiitollinen","status":"publish","type":"post","link":"https:\/\/www.europesays.com\/fi\/87858\/","title":{"rendered":"Erika Vikman sai mieluisaa postia \u2013 \u201dAidosti todella kiitollinen\u201d"},"content":{"rendered":"<p>T\u00e4m\u00e4 on se hetki vuodesta, kun postiluukkuun voi tipahtaa mieluisa kutsu. Niin on k\u00e4ynyt laulaja <strong>Erika Vikmanille<\/strong>. H\u00e4n esittelee kutsua somejulkaisussaan. Sen mukaan h\u00e4n on yksi itsen\u00e4isyysp\u00e4iv\u00e4n Linnan juhlien vieraista.<\/p>\n<p>\u2013 Kutsu Linnan juhliin ei ole ollut mulle koskaan itsest\u00e4\u00e4nselvyys. Uskon, ett\u00e4 nahkaan pukeutunut laulajatar surffaamassa j\u00e4ttim\u00e4isell\u00e4 mikkist\u00e4ndill\u00e4 keskell\u00e4 Euroopan ilmatilaa, jakamassa nautinnon r\u00e4j\u00e4ht\u00e4v\u00e4\u00e4 ilosanomaa ja n\u00e4in lunastaen Suomen 4. parhaan Euroviisu-sijoituksen, on syyp\u00e4\u00e4 t\u00e4h\u00e4n, kirjoittaa Erika.<\/p>\n<p>Erika pit\u00e4\u00e4 julkaisunsa kuvassa kutsua k\u00e4dess\u00e4\u00e4n. H\u00e4n kertoo seuraavaksi, miksi kutsu tuntuu niin erityiselt\u00e4.<\/p>\n<p>\u2013  On paljon suomalaisia taiteilijoita, jotka eiv\u00e4t ole vuosien aikana saaneet kutsua \u2013 eiv\u00e4t siksi, etteiv\u00e4t olisi tehneet merkitt\u00e4v\u00e4\u00e4 ty\u00f6t\u00e4 tai nauttineet kansan suosiota, vaan siksi ett\u00e4 heit\u00e4 ei ole pidetty \u201dvakavasti otettavina\u201d. Heid\u00e4n taiteensa tai ulkon\u00e4k\u00f6ns\u00e4 ei ole sopinut \u201dkunniallisten\u201d taiteilijoiden muottiin. Ja silti kansa on rakastanut heit\u00e4, toteaa Erika.<\/p>\n<p>Erikalla on ollut mieless\u00e4 moni, joka ei ole koskaan saanut kutsua<\/p>\n<p>Erika haluaa omistaa kutsunsa kaikille heille, joita ei ole otettu tosissaan.<\/p>\n<p>\u2013 Olen t\u00e4st\u00e4 kutsusta aidosti todella kiitollinen \u2013 en pelk\u00e4st\u00e4\u00e4n itseni puolesta, vaan siksi ett\u00e4 se kertoo ajasta, joka on ehk\u00e4 vihdoin muuttumassa ja saamme olla juuri sellaisia kuin olemme, tulla n\u00e4hdyksi ja arvostetuksi.<\/p>\n<p>Lue my\u00f6s: <a href=\"https:\/\/www.como.fi\/uutiset\/esiintymisia-perunut-erika-vikman-sakenoi-lontoossa-loppuunmyydylla-keikalla-katso-rohkeat-kuvat-taalta\/\" title=\"Esiintymisi\u00e4 perunut Erika Vikman s\u00e4ken\u00f6i Lontoossa loppuunmyydyll\u00e4 keikalla: katso rohkeat kuvat t\u00e4\u00e4lt\u00e4\" class=\"underline-custom !font-montserrat !font-bold !underline-offset-4 !decoration-4 !decoration-red-600 !text-md\" rel=\"nofollow noopener\" target=\"_blank\">Esiintymisi\u00e4 perunut Erika Vikman s\u00e4ken\u00f6i Lontoossa loppuunmyydyll\u00e4 keikalla: katso rohkeat kuvat t\u00e4\u00e4lt\u00e4<\/a><\/p>\n<p>Julkaisun lopusta l\u00f6ytyy viel\u00e4 kiitokset.<\/p>\n<p>\u2013 Kiitos kutsusta Presidentti Stubb, ICH KOMME! kiitt\u00e4\u00e4 Erika viel\u00e4.<\/p>\n<p>Erikalle on sadellut onnitteluita kutsun saamisesta. Monet h\u00e4nen someseuraajistaan ovat iloisia t\u00e4st\u00e4 h\u00e4nen puolestaan.<\/p>\n<p>Jos upotus ei n\u00e4y, avaa se auki <a href=\"https:\/\/www.instagram.com\/p\/DQ6YY4mjEZ1\/?utm_source=ig_web_copy_link&amp;igsh=MzRlODBiNWFlZA==\" target=\"_blank\" rel=\"noreferrer noopener nofollow\">t\u00e4st\u00e4<\/a>.<\/p>\n<p>Lue my\u00f6s: <a href=\"https:\/\/www.como.fi\/tilaa-comon-uutiskirje\/\" title=\"Tilaa Comon uutiskirje ja tied\u00e4t mist\u00e4 kahvitauolla puhutaan! Nappaa kotimaan tv-vinkit ja puheenaiheet suoraan s\u00e4hk\u00f6postiin t\u00e4st\u00e4.\" class=\"underline-custom !font-montserrat !font-bold !underline-offset-4 !decoration-4 !decoration-red-600 !text-md\" rel=\"nofollow noopener\" target=\"_blank\">Tilaa Comon uutiskirje ja tied\u00e4t mist\u00e4 kahvitauolla puhutaan! Nappaa kotimaan tv-vinkit ja puheenaiheet suoraan s\u00e4hk\u00f6postiin t\u00e4st\u00e4.<\/a><\/p>\n<p>\t\t\t\t<script async src=\"\/\/www.instagram.com\/embed.js\"><\/script><\/p>\n","protected":false},"excerpt":{"rendered":"T\u00e4m\u00e4 on se hetki vuodesta, kun postiluukkuun voi tipahtaa mieluisa kutsu. Niin on k\u00e4ynyt laulaja Erika Vikmanille. H\u00e4n&hellip;\n","protected":false},"author":2,"featured_media":87859,"comment_status":"","ping_status":"","sticky":false,"template":"","format":"standard","meta":{"footnotes":""},"categories":[136],"tags":[407,137,11144,33,31,30,408,32,109],"class_list":{"0":"post-87858","1":"post","2":"type-post","3":"status-publish","4":"format-standard","5":"has-post-thumbnail","7":"category-julkkikset","8":"tag-celebrities","9":"tag-entertainment","10":"tag-erika-vikman","11":"tag-fi","12":"tag-finland","13":"tag-finnish","14":"tag-julkkikset","15":"tag-suomi","16":"tag-viihde"},"share_on_mastodon":{"url":"https:\/\/pubeurope.com\/@fi\/115535220783410441","error":""},"_links":{"self":[{"href":"https:\/\/www.europesays.com\/fi\/wp-json\/wp\/v2\/posts\/87858","targetHints":{"allow":["GET"]}}],"collection":[{"href":"https:\/\/www.europesays.com\/fi\/wp-json\/wp\/v2\/posts"}],"about":[{"href":"https:\/\/www.europesays.com\/fi\/wp-json\/wp\/v2\/types\/post"}],"author":[{"embeddable":true,"href":"https:\/\/www.europesays.com\/fi\/wp-json\/wp\/v2\/users\/2"}],"replies":[{"embeddable":true,"href":"https:\/\/www.europesays.com\/fi\/wp-json\/wp\/v2\/comments?post=87858"}],"version-history":[{"count":0,"href":"https:\/\/www.europesays.com\/fi\/wp-json\/wp\/v2\/posts\/87858\/revisions"}],"wp:featuredmedia":[{"embeddable":true,"href":"https:\/\/www.europesays.com\/fi\/wp-json\/wp\/v2\/media\/87859"}],"wp:attachment":[{"href":"https:\/\/www.europesays.com\/fi\/wp-json\/wp\/v2\/media?parent=87858"}],"wp:term":[{"taxonomy":"category","embeddable":true,"href":"https:\/\/www.europesays.com\/fi\/wp-json\/wp\/v2\/categories?post=87858"},{"taxonomy":"post_tag","embeddable":true,"href":"https:\/\/www.europesays.com\/fi\/wp-json\/wp\/v2\/tags?post=87858"}],"curies":[{"name":"wp","href":"https:\/\/api.w.org\/{rel}","templated":true}]}}