{"id":87881,"date":"2025-11-12T06:40:11","date_gmt":"2025-11-12T06:40:11","guid":{"rendered":"https:\/\/www.europesays.com\/fi\/87881\/"},"modified":"2025-11-12T06:40:11","modified_gmt":"2025-11-12T06:40:11","slug":"silo-ain-peter-sarlin-perusti-yrityskiihdyttamon-suomeen-ja-maksaa-yli-220-miljoonan-tuloistaan-verot-tuplana-talous","status":"publish","type":"post","link":"https:\/\/www.europesays.com\/fi\/87881\/","title":{"rendered":"Silo AI:n Peter Sarlin perusti yritys\u00adkiihdytt\u00e4m\u00f6n Suomeen \u2013 ja maksaa yli 220 miljoonan tuloistaan verot tuplana | Talous"},"content":{"rendered":"<p class=\"aw-1gybjub aw-1p7kakr kEtdKx cEmitX yle__article__paragraph\">Teko\u00e4ly-yhti\u00f6 Silo AI:n myynti amerikkalaiselle puolijohdeyhti\u00f6 AMD:lle oli viime vuoden suurin yrityskauppa Suomessa. AMD osti suomalaisyhti\u00f6n noin <a class=\"aw-iao6s4 iHOxEa yle__article__link\" href=\"https:\/\/yle.fi\/a\/74-20099143\" role=\"link\" rel=\"nofollow noopener\" target=\"_blank\">615 miljoonalla eurolla<\/a>, mik\u00e4 tarkoitti mukavaa tilip\u00e4iv\u00e4\u00e4 Silo AI:n yhdelle perustajalle ja toimitusjohtajalle <strong class=\"aw-ak79eh KyCXm yle__article__strong\">Peter Sarlinille<\/strong>.<\/p>\n<p class=\"aw-1gybjub aw-1p7kakr kEtdKx cEmitX yle__article__paragraph\">Sarlin omisti Silo AI:sta vajaat 40 prosenttia, mik\u00e4 tarkoittaa noin 222 miljoonan euron verotettavaa tuloa.<\/p>\n<p class=\"aw-1gybjub aw-1p7kakr kEtdKx cEmitX yle__article__paragraph\">Sarlin ei kuitenkaan ole viime vuoden tulolistan k\u00e4rjess\u00e4. H\u00e4n l\u00f6ytyy sijalta 10. T\u00e4m\u00e4 johtuu siit\u00e4, ett\u00e4 h\u00e4n omisti Silo AI:n oman yhti\u00f6ns\u00e4 kautta.<\/p>\n<p class=\"aw-1gybjub aw-1p7kakr kEtdKx cEmitX yle__article__paragraph\">Sarlin huomauttaa, ett\u00e4 verosuunnittelusta t\u00e4ss\u00e4 ei ole kyse. Pikemminkin p\u00e4invastoin.<\/p>\n<p><img decoding=\"async\" alt=\"Peter Sarlin seisoo portaiko yl\u00e4tasanteella, kaunis oviaukko kehyst\u00e4\u00e4 Sarlinia.\" src=\"https:\/\/www.europesays.com\/fi\/wp-content\/uploads\/2025\/11\/39-155181469131d62bd704.jpeg\" loading=\"lazy\" class=\"aw-1l9m598 hKVVvP\"\/><\/p>\n<p>Avaa kuvien katselu<\/p>\n<p>Peter Sarlin ymm\u00e4rt\u00e4\u00e4, ett\u00e4 verotietojen avoimuus voi olla ep\u00e4mukava asia monelle ihmiselle. \u201cMutta se on osa sit\u00e4 Suomea, jossa olen kasvanut\u201d, h\u00e4n sanoo. Kuva: Henrietta Hassinen \/ Yle<\/p>\n<p class=\"aw-1gybjub aw-1p7kakr kEtdKx cEmitX yle__article__paragraph\">Sarlinin Post Scriptum -yhti\u00f6 maksoi viime vuonna veroja vajaat 45 miljoonaa euroa, joista valtaosa koskee AMD-kauppoja. Jos Sarlin haluaa nostaa n\u00e4m\u00e4 rahat yhti\u00f6st\u00e4\u00e4n ulos, h\u00e4n maksaa verot uudestaan. Silloin h\u00e4net todenn\u00e4k\u00f6isesti l\u00f6ydett\u00e4isiin my\u00f6s tulolistan k\u00e4rjest\u00e4.<\/p>\n<p class=\"aw-1gybjub aw-1p7kakr kEtdKx cEmitX yle__article__paragraph\">Sarlin katsoo, ett\u00e4 Suomen veroj\u00e4rjestelm\u00e4 toimii monella tavalla hyvin, mutta t\u00e4lt\u00e4 osin se kaipaisi hienos\u00e4\u00e4t\u00f6\u00e4.<\/p>\n<p class=\"aw-1gybjub aw-1p7kakr kEtdKx cEmitX yle__article__paragraph\">\u2013 Post Scriptum on suomalainen yhti\u00f6 ja maksaa veronsa Suomeen, mutta en usko ett\u00e4 t\u00e4m\u00e4 kaksoisverotus tukee kasvua, h\u00e4n toteaa.<\/p>\n<p class=\"aw-1gybjub aw-1p7kakr kEtdKx cEmitX yle__article__paragraph\">Sarlinin mielest\u00e4 Suomeen pit\u00e4isi luoda rakenteet, jotka kannustavat yritt\u00e4ji\u00e4 sijoittamaan menestyksens\u00e4 takaisin t\u00e4nne, ei siirt\u00e4m\u00e4\u00e4n sit\u00e4 t\u00e4\u00e4lt\u00e4 pois. Sarlinkin olisi voinut v\u00e4ltt\u00e4\u00e4 kaksoiverotuksen perustamalla Post Scriptumin ulkomaille.<\/p>\n<p class=\"aw-1gybjub aw-1p7kakr kEtdKx cEmitX yle__article__paragraph\">N\u00e4in h\u00e4n ei kuitenkaan halunnut tehd\u00e4. Sarlin sanoo, ett\u00e4 h\u00e4nelle Post Scriptum ei ole vain yhti\u00f6, vaan se on my\u00f6s sijoitus Suomeen ja Eurooppaan.<\/p>\n<p class=\"aw-1gybjub aw-1p7kakr kEtdKx cEmitX yle__article__paragraph\">\u2013 Uskon, ett\u00e4 jos haluamme vahvistaa suomalaista ja eurooppalaista ekosysteemi\u00e4, meid\u00e4n pit\u00e4\u00e4 my\u00f6s itse kantaa vastuumme t\u00e4\u00e4ll\u00e4.<\/p>\n<p>Raha ei ole muuttanut el\u00e4m\u00e4\u00e4<\/p>\n<p class=\"aw-1gybjub aw-1p7kakr kEtdKx cEmitX yle__article__paragraph\">Vaikka AMD-kaupoista ei tilitetty euroja suoraan Sarlinin tilille, kaupat n\u00e4kyv\u00e4t my\u00f6s h\u00e4nen henkil\u00f6kohtaisissa tuloissaan.<\/p>\n<p class=\"aw-1gybjub aw-1p7kakr kEtdKx cEmitX yle__article__paragraph\">Sarlinin viime vuoden tulot olivat 17,6 miljoonaa euroa. Summa muodostuu p\u00e4\u00e4s\u00e4\u00e4nt\u00f6isesti AMD:n kannustinohjelman mukaan maksetuista palkkioista. Veroja Sarlin maksoi vajaat 9,2 miljoonaa euroa.<\/p>\n<p class=\"aw-1gybjub aw-1p7kakr kEtdKx cEmitX yle__article__paragraph\">Sarlin ei kuitenkaan my\u00f6nn\u00e4, ett\u00e4 raha olisi muuttanut h\u00e4nen el\u00e4m\u00e4\u00e4ns\u00e4 mill\u00e4\u00e4n tasolla.<\/p>\n<p class=\"aw-1gybjub aw-1p7kakr kEtdKx cEmitX yle__article__paragraph\">\u2013 Ajan edelleen samalla autolla ja asun samassa asunnossa, h\u00e4n kertoo.<\/p>\n<p><img decoding=\"async\" alt=\"Peter Sarlin katsoo alasp\u00e4in kameraan.\" src=\"https:\/\/www.europesays.com\/fi\/wp-content\/uploads\/2025\/11\/39-15517206913038a29223.jpeg\" loading=\"lazy\" class=\"aw-1l9m598 hKVVvP\"\/><\/p>\n<p>Avaa kuvien katselu<\/p>\n<p>Sarlin kertoo, ettei h\u00e4n ole tehnyt \u00f6kyhankintoja. Yrityskaupan mahdollistamat panostukset liittyv\u00e4t sen sijaan s\u00e4\u00e4ti\u00f6toimintaan, sijoituksiin ja teknologian kehitykseen. Kuva: Henrietta Hassinen \/ Yle<\/p>\n<p class=\"aw-1gybjub aw-1p7kakr kEtdKx cEmitX yle__article__paragraph\">T\u00e4ss\u00e4 kohtaa h\u00e4n nostaa esille tutkijataustansa. Sarlin teki jatko-opiskelijana v\u00e4it\u00f6skirjaa koneoppimisen soveltamisesta taloustieteeseen. T\u00e4m\u00e4n tiimoilta h\u00e4n ty\u00f6skenteli tutkijana niin Euroopan keskuspankissa, Kansainv\u00e4lisess\u00e4 valuuttarahastossa kuin Suomen Pankissa. T\u00e4m\u00e4n j\u00e4lkeen h\u00e4n on toiminut erilaisissa akateemissa rooleissa.<\/p>\n<p class=\"aw-1gybjub aw-1p7kakr kEtdKx cEmitX yle__article__paragraph\">Harva l\u00e4htee akateemiseen maailmaan rahan per\u00e4ss\u00e4, Sarlin huomauttaa.<\/p>\n<p class=\"aw-1gybjub aw-1p7kakr kEtdKx cEmitX yle__article__paragraph\">\u2013 Ei se kompensaatio ikin\u00e4 ole oikeastaan ollut keski\u00f6ss\u00e4 \u2013 on se sitten suuri tai pieni kompensaatio. T\u00e4rkeint\u00e4 minulle on ollut se, ett\u00e4 saan tehd\u00e4 merkityksellist\u00e4 ty\u00f6t\u00e4.<\/p>\n<p>Peter Sarlin kertoo, mit\u00e4 raha merkitsee h\u00e4nelle.Silo AI:n myynti ei ollut p\u00e4\u00e4tepiste<\/p>\n<p class=\"aw-1gybjub aw-1p7kakr kEtdKx cEmitX yle__article__paragraph\">AMD-kauppojen j\u00e4lkeen Sarlin on jatkanut omassa roolissaan eli Silo AI:n toimitusjohtajana. Silo AI:sta on puolestaan muodostunut AMD:n globaali teko\u00e4lylaboratorio, jonka p\u00e4\u00e4konttori on Helsingiss\u00e4.<\/p>\n<p class=\"aw-1gybjub aw-1p7kakr kEtdKx cEmitX yle__article__paragraph\">Viimeisen vuoden ajan Sarlin on integroinut perustamaansa yhti\u00f6t\u00e4 osaksi AMD:n organisaatiota.<\/p>\n<p class=\"aw-1gybjub aw-1p7kakr kEtdKx cEmitX yle__article__paragraph\">Kaupat eiv\u00e4t siis olleet p\u00e4\u00e4tepiste, vaan osa jatkumoa.<\/p>\n<p class=\"aw-1gybjub aw-1p7kakr kEtdKx cEmitX yle__article__paragraph\">\u2013 Silo AI on p\u00e4\u00e4ssyt hyvin merkitt\u00e4v\u00e4\u00e4n paikkaan osaksi oikeastaan ainoaa haastajaa maailman suurimmalle yhti\u00f6lle, Sarlin toteaa viitaten puolijohdej\u00e4tti Nvidiaan.<\/p>\n<p class=\"aw-1gybjub aw-1p7kakr kEtdKx cEmitX yle__article__paragraph\">Sarlin katsoo, ett\u00e4 maailma tarvitsee kilpailukykyisen vaihtoehdon Nvidialle, jonka sirut ovat avainasemassa nykyisess\u00e4 teko\u00e4lyhuumassa. T\u00e4t\u00e4 vaihtoehtoa Silo AI on nyt mukana rakentamassa osana AMD:t\u00e4. Ilman kauppoja t\u00e4llaista mahdollisuutta suomalaisyhti\u00f6lle tuskin olisi tullut.<\/p>\n<p class=\"aw-1gybjub aw-1p7kakr kEtdKx cEmitX yle__article__paragraph\">Nyt Silo AI osallistuu AMD:n hankkeisiin, joissa kumppaneina on Chat GPT:n kehitt\u00e4neen teko\u00e4ly-yhti\u00f6 Open AI:n kaltaisia toimijoita, Sarlin kertoo.<\/p>\n<p class=\"aw-1gybjub aw-1p7kakr kEtdKx cEmitX yle__article__paragraph\">\u2013 Realiteetti on se, ett\u00e4 samankaltaista teollista toimijaa ja samankaltaisia resursseja ei l\u00f6ydy Suomesta. Silloin oikeastaan se kysymys on, miten Silo AI:lla olisi mahdollisimman suuri vaikuttavuus Suomen teko\u00e4lyekosysteemille, Sarlin pohtii.<\/p>\n<p class=\"aw-1gybjub aw-1p7kakr kEtdKx cEmitX yle__article__paragraph\">Sarlinin johtop\u00e4\u00e4t\u00f6s oli, ett\u00e4 suurin vaikuttavuus voidaan saavuttaa osana siruj\u00e4tti\u00e4.<\/p>\n<p class=\"aw-1gybjub aw-1p7kakr kEtdKx cEmitX yle__article__paragraph\">\u2013 AMD:n globaalina teko\u00e4lylaboratoriona me p\u00e4\u00e4semme tekem\u00e4\u00e4n hyvin merkityksellist\u00e4 ty\u00f6t\u00e4. Samalla Suomi p\u00e4\u00e4see t\u00e4rke\u00e4\u00e4n positioon siin\u00e4, ett\u00e4 meid\u00e4n p\u00e4\u00e4konttorimme on Helsingiss\u00e4.<\/p>\n<p><img decoding=\"async\" alt=\"Peter Sarlinin kasvot kuvattuna l\u00e4helt\u00e4 h\u00e4nen katsoessaan oikealle.\" src=\"https:\/\/www.europesays.com\/fi\/wp-content\/uploads\/2025\/11\/39-15517226913038f41e89.jpeg\" loading=\"lazy\" class=\"aw-1l9m598 hKVVvP\"\/><\/p>\n<p>Avaa kuvien katselu<\/p>\n<p>AMD-kauppojen j\u00e4lkeen Sarlin on jatkanut Silo AI:n toimitusjohtajana. Kulunut vuosi on mennyt suomalaisyhti\u00f6n intergroimisessa osaksi amerikkalaista siruj\u00e4tti\u00e4. Kuva: Henrietta Hassinen \/ YleSarlin toivoo lis\u00e4\u00e4 teko\u00e4lymiljon\u00e4\u00e4rej\u00e4<\/p>\n<p class=\"aw-1gybjub aw-1p7kakr kEtdKx cEmitX yle__article__paragraph\">Silo AI:n myynnist\u00e4 tulleet miljoonat ovat antaneet Sarlinille mahdollisuuden tukea h\u00e4nelle itselleen merkityksellisi\u00e4 asioita. Tuki on jakautunut k\u00e4yt\u00e4nn\u00f6ss\u00e4 kahteen haaraan: akateemiseen ja liiketoiminnalliseen.<\/p>\n<p class=\"aw-1gybjub aw-1p7kakr kEtdKx cEmitX yle__article__paragraph\">Sarlin on perustanut voittoa tavoittelemattoman Foundation PS -s\u00e4\u00e4ti\u00f6n, joka tukee pitk\u00e4j\u00e4nteist\u00e4 tutkimustoimintaa. S\u00e4\u00e4ti\u00f6 teki <a class=\"aw-iao6s4 iHOxEa yle__article__link\" href=\"https:\/\/yle.fi\/a\/74-20136501\" role=\"link\" rel=\"nofollow noopener\" target=\"_blank\">tammikuussa<\/a> 10 miljoonan euron lahjoituksen 13 teko\u00e4lyprofessuurin perustamiseen yliopistoihin ymp\u00e4ri Suomea.<\/p>\n<p class=\"aw-1gybjub aw-1p7kakr kEtdKx cEmitX yle__article__paragraph\">Liiketoiminnallisella puolella toimii Post Scriptum, joka keskittyy etenkin teko\u00e4lyj\u00e4rjestelmien ja niiden kehitt\u00e4misen rahoittamiseen. Viimeisin esimerkki t\u00e4st\u00e4 on \u00e4lykk\u00e4it\u00e4 miehitt\u00e4m\u00e4tt\u00f6mi\u00e4 j\u00e4rjestelmi\u00e4 ja johtamisj\u00e4rjestelmi\u00e4 kehitt\u00e4v\u00e4 teko\u00e4ly-yhti\u00f6 Nest AI, joka on aloittanut yhteisty\u00f6n Puolustusvoimien kanssa. Post Scriptum omistaa Nest AI:n ja rahoittaa yhti\u00f6n kasvua.<\/p>\n<p class=\"aw-1gybjub aw-1p7kakr kEtdKx cEmitX yle__article__paragraph\">Sarlin uskoo, ett\u00e4 jatkossa h\u00e4nen kaltaisiaan teko\u00e4lymiljon\u00e4\u00e4rej\u00e4 n\u00e4hd\u00e4\u00e4n tulolistojen k\u00e4rjess\u00e4 enemm\u00e4n. H\u00e4n alleviivaa, ett\u00e4 teko\u00e4ly on jo nyt merkitt\u00e4v\u00e4 osa kaikkea tuotekehityst\u00e4.<\/p>\n<p class=\"aw-1gybjub aw-1p7kakr kEtdKx cEmitX yle__article__paragraph\">\u2013 Teko\u00e4ly on osa niit\u00e4 johtavia tuotteita, joita Suomessa pit\u00e4isi kehitt\u00e4\u00e4 viel\u00e4 enemm\u00e4n, ja silloin ehk\u00e4 n\u00e4in konseptina toivoisin Suomeen todella paljon teko\u00e4lymiljon\u00e4\u00e4rej\u00e4, Sarlin sanoo.<\/p>\n<p><img decoding=\"async\" alt=\"Peter Sarlin istuu puisella portaikon askelmalla nojaten kaiteeseen.\" src=\"https:\/\/www.europesays.com\/fi\/wp-content\/uploads\/2025\/11\/39-155171869130386efe98.jpeg\" loading=\"lazy\" class=\"aw-1l9m598 hKVVvP\"\/><\/p>\n<p>Avaa kuvien katselu<\/p>\n<p>Sarlin pit\u00e4\u00e4 eritt\u00e4in t\u00e4rke\u00e4n\u00e4, ett\u00e4 Euroopassa ja Suomessa kehitet\u00e4\u00e4n kilpailukykyisi\u00e4 tuotteita. \u201dMeid\u00e4n on pakko kasvattaa meid\u00e4n omaa tavoitetasoa ja rohkeutta l\u00e4hte\u00e4 yritt\u00e4m\u00e4\u00e4n moonshot-hankkeita\u201d, Sarlin sanoo. Kuva: Henrietta Hassinen \/ Yle<\/p>\n<p>Silo AI nousi nopeasti poikkeukselliseksi teko\u00e4ly-yhti\u00f6ksi<\/p>\n<p class=\"aw-1gybjub aw-1p7kakr kEtdKx cEmitX yle__article__paragraph\">Silo AI sai alkunsa Sarlinin perustamassa Infolytika-yrityskiihdytt\u00e4m\u00f6ss\u00e4. Yhti\u00f6 perustettiin kehitt\u00e4m\u00e4\u00e4n teko\u00e4lyratkaisuja yritysten erilaisiin tarpeisiin. Kunnianhimoisena tavoitteena oli luoda Suomeen menestyv\u00e4 teko\u00e4lyekosysteemi.<\/p>\n<p class=\"aw-1gybjub aw-1p7kakr kEtdKx cEmitX yle__article__paragraph\">Sarlin lis\u00e4ksi yhti\u00f6t\u00e4 oli perustamassa Nokian entinen teknologiajohtaja ja nyky\u00e4\u00e4n p\u00e4\u00e4omasijoittajana toimiva <strong class=\"aw-ak79eh KyCXm yle__article__strong\">Tero Ojanper\u00e4<\/strong>, ohjelmistoyhti\u00f6 Elektrobitill\u00e4 omaisuutensa tehnyt <strong class=\"aw-ak79eh KyCXm yle__article__strong\">Juha Hulkko<\/strong> ja h\u00e4nen sarjayritt\u00e4j\u00e4poikansa <strong class=\"aw-ak79eh KyCXm yle__article__strong\">Ville Hulkko<\/strong>, sek\u00e4 tilintarkastus- ja verokonsulttiyhti\u00f6 PwC:n entinen Suomen-toimitusjohtaja <strong class=\"aw-ak79eh KyCXm yle__article__strong\">Johan Kronberg<\/strong> sek\u00e4 teko\u00ad\u00e4lytutkija <strong class=\"aw-ak79eh KyCXm yle__article__strong\">Kaj-Mikael Bj\u00f6rk<\/strong>.<\/p>\n<p class=\"aw-1gybjub aw-1p7kakr kEtdKx cEmitX yle__article__paragraph\">Vuonna 2017 Silo AI nostettiin ulos Infolytikasta (joka my\u00f6hemmin vaihtoi nimens\u00e4 Post Scriptumiksi), jotta se kasvaisi nopeammin.<\/p>\n<p class=\"aw-1gybjub aw-1p7kakr kEtdKx cEmitX yle__article__paragraph\">Ja yhti\u00f6 kasvoi. Ty\u00f6ntekij\u00f6iden m\u00e4\u00e4r\u00e4 nousi ensin muutamasta kymmenest\u00e4 sataan ja kun AMD osti yhti\u00f6n viime vuonna, se ty\u00f6llisti noin 300 ihmist\u00e4. Samassa ajassa Silo AI:n liikevaihto kasvoi yli 20 miljoonaan euroon.<\/p>\n<p class=\"aw-1gybjub aw-1p7kakr kEtdKx cEmitX yle__article__paragraph\">\u2013 Me teimme sen sill\u00e4 ajatuksella, ett\u00e4 rakennamme kest\u00e4v\u00e4ll\u00e4 pohjalla olevaa, pitk\u00e4j\u00e4nteist\u00e4 liiketoimintaa, Sarlin sanoo.<\/p>\n<p class=\"aw-1gybjub aw-1p7kakr kEtdKx cEmitX yle__article__paragraph\">H\u00e4n huomauttaa, ett\u00e4 Silo AI oli vuosien ajan kannattava yhti\u00f6, mik\u00e4 on poikkeuksellista teko\u00e4ly-yritysten parissa.<\/p>\n<p class=\"aw-1gybjub aw-1p7kakr kEtdKx cEmitX yle__article__paragraph\">\u2013 Emme olleet miss\u00e4\u00e4n nimess\u00e4 pakon edess\u00e4 tai edes nostamassa rahoitusta, vaan n\u00e4imme, ett\u00e4 voimme tehd\u00e4 suurempaa vaikuttavuutta osana AMD:t\u00e4, Sarlin perustelee kauppoja.<\/p>\n","protected":false},"excerpt":{"rendered":"Teko\u00e4ly-yhti\u00f6 Silo AI:n myynti amerikkalaiselle puolijohdeyhti\u00f6 AMD:lle oli viime vuoden suurin yrityskauppa Suomessa. AMD osti suomalaisyhti\u00f6n noin 615&hellip;\n","protected":false},"author":2,"featured_media":87882,"comment_status":"","ping_status":"","sticky":false,"template":"","format":"standard","meta":{"footnotes":""},"categories":[84],"tags":[33,31,30,17813,32,78,91,92,433,2186,3323],"class_list":{"0":"post-87881","1":"post","2":"type-post","3":"status-publish","4":"format-standard","5":"has-post-thumbnail","7":"category-teknologia","8":"tag-fi","9":"tag-finland","10":"tag-finnish","11":"tag-silo-ai","12":"tag-suomi","13":"tag-talous","14":"tag-technology","15":"tag-teknologia","16":"tag-tekoaly","17":"tag-verotus","18":"tag-yrityskaupat"},"share_on_mastodon":{"url":"https:\/\/pubeurope.com\/@fi\/115535362512312479","error":""},"_links":{"self":[{"href":"https:\/\/www.europesays.com\/fi\/wp-json\/wp\/v2\/posts\/87881","targetHints":{"allow":["GET"]}}],"collection":[{"href":"https:\/\/www.europesays.com\/fi\/wp-json\/wp\/v2\/posts"}],"about":[{"href":"https:\/\/www.europesays.com\/fi\/wp-json\/wp\/v2\/types\/post"}],"author":[{"embeddable":true,"href":"https:\/\/www.europesays.com\/fi\/wp-json\/wp\/v2\/users\/2"}],"replies":[{"embeddable":true,"href":"https:\/\/www.europesays.com\/fi\/wp-json\/wp\/v2\/comments?post=87881"}],"version-history":[{"count":0,"href":"https:\/\/www.europesays.com\/fi\/wp-json\/wp\/v2\/posts\/87881\/revisions"}],"wp:featuredmedia":[{"embeddable":true,"href":"https:\/\/www.europesays.com\/fi\/wp-json\/wp\/v2\/media\/87882"}],"wp:attachment":[{"href":"https:\/\/www.europesays.com\/fi\/wp-json\/wp\/v2\/media?parent=87881"}],"wp:term":[{"taxonomy":"category","embeddable":true,"href":"https:\/\/www.europesays.com\/fi\/wp-json\/wp\/v2\/categories?post=87881"},{"taxonomy":"post_tag","embeddable":true,"href":"https:\/\/www.europesays.com\/fi\/wp-json\/wp\/v2\/tags?post=87881"}],"curies":[{"name":"wp","href":"https:\/\/api.w.org\/{rel}","templated":true}]}}