{"id":87893,"date":"2025-11-12T07:00:07","date_gmt":"2025-11-12T07:00:07","guid":{"rendered":"https:\/\/www.europesays.com\/fi\/87893\/"},"modified":"2025-11-12T07:00:07","modified_gmt":"2025-11-12T07:00:07","slug":"kuokkalalainen-lauri-haav-nettosi-mojovat-tulot-yrityksen-liikevaihto-kasvoi-myos-yli-100-000-euroa-keski-suomi","status":"publish","type":"post","link":"https:\/\/www.europesays.com\/fi\/87893\/","title":{"rendered":"Kuokkalalainen Lauri Haav nettosi mojovat tulot \u2013\u2009yrityksen liikevaihto kasvoi my\u00f6s yli 100\u2009000 euroa | Keski-Suomi"},"content":{"rendered":"<p>Jyv\u00e4skyl\u00e4n Kuokkalasta kotoisin olevan, nykyisin helsinkil\u00e4istyneen rap-artisti <strong>Lauri Haavin<\/strong> tulot olivat vuonna 2024 yhteens\u00e4 141\u2009492 euroa. N\u00e4ist\u00e4 ansiotuloja oli 141\u2009484 euroa ja p\u00e4\u00e4omatuloja 8 euroa. Nousua oli roimasti vuoteen 2023 verrattuna, jolloin artisti tienasi yhteens\u00e4 83\u2009621 euroa. J\u00e4\u00e4nn\u00f6sveroa Haav maksoi 2\u2009238 euroa.<\/p>\n","protected":false},"excerpt":{"rendered":"Jyv\u00e4skyl\u00e4n Kuokkalasta kotoisin olevan, nykyisin helsinkil\u00e4istyneen rap-artisti Lauri Haavin tulot olivat vuonna 2024 yhteens\u00e4 141\u2009492 euroa. N\u00e4ist\u00e4 ansiotuloja&hellip;\n","protected":false},"author":2,"featured_media":87894,"comment_status":"","ping_status":"","sticky":false,"template":"","format":"standard","meta":{"footnotes":""},"categories":[132],"tags":[137,33,31,30,425,108,7082,195,47,32,2107,17790,109],"class_list":{"0":"post-87893","1":"post","2":"type-post","3":"status-publish","4":"format-standard","5":"has-post-thumbnail","7":"category-musiikki","8":"tag-entertainment","9":"tag-fi","10":"tag-finland","11":"tag-finnish","12":"tag-jyvaskyla","13":"tag-kulttuuri","14":"tag-kulttuuriala","15":"tag-music","16":"tag-musiikki","17":"tag-suomi","18":"tag-vapaa-aika","19":"tag-verotiedot-2024","20":"tag-viihde"},"share_on_mastodon":{"url":"https:\/\/pubeurope.com\/@fi\/115535441292153769","error":""},"_links":{"self":[{"href":"https:\/\/www.europesays.com\/fi\/wp-json\/wp\/v2\/posts\/87893","targetHints":{"allow":["GET"]}}],"collection":[{"href":"https:\/\/www.europesays.com\/fi\/wp-json\/wp\/v2\/posts"}],"about":[{"href":"https:\/\/www.europesays.com\/fi\/wp-json\/wp\/v2\/types\/post"}],"author":[{"embeddable":true,"href":"https:\/\/www.europesays.com\/fi\/wp-json\/wp\/v2\/users\/2"}],"replies":[{"embeddable":true,"href":"https:\/\/www.europesays.com\/fi\/wp-json\/wp\/v2\/comments?post=87893"}],"version-history":[{"count":0,"href":"https:\/\/www.europesays.com\/fi\/wp-json\/wp\/v2\/posts\/87893\/revisions"}],"wp:featuredmedia":[{"embeddable":true,"href":"https:\/\/www.europesays.com\/fi\/wp-json\/wp\/v2\/media\/87894"}],"wp:attachment":[{"href":"https:\/\/www.europesays.com\/fi\/wp-json\/wp\/v2\/media?parent=87893"}],"wp:term":[{"taxonomy":"category","embeddable":true,"href":"https:\/\/www.europesays.com\/fi\/wp-json\/wp\/v2\/categories?post=87893"},{"taxonomy":"post_tag","embeddable":true,"href":"https:\/\/www.europesays.com\/fi\/wp-json\/wp\/v2\/tags?post=87893"}],"curies":[{"name":"wp","href":"https:\/\/api.w.org\/{rel}","templated":true}]}}