{"id":87921,"date":"2025-11-12T07:41:08","date_gmt":"2025-11-12T07:41:08","guid":{"rendered":"https:\/\/www.europesays.com\/fi\/87921\/"},"modified":"2025-11-12T07:41:08","modified_gmt":"2025-11-12T07:41:08","slug":"verotiedot-2024-tassa-ovat-kangasalan-10-suurinta-yhteisoveron-maksajaa","status":"publish","type":"post","link":"https:\/\/www.europesays.com\/fi\/87921\/","title":{"rendered":"Verotiedot 2024: T\u00e4ss\u00e4 ovat Kangasalan 10 suurinta yhteis\u00f6veron maksajaa"},"content":{"rendered":"<p>Kangasalan Sanomat 12.11.2025<\/p>\n<p> <a href=\"https:\/\/kangasalansanomat.fi\/wp-content\/uploads\/senop_ulkona-1-768x512-1.jpg\" title=\"senop_ulkona-1-768\u00d7512\" rel=\"nofollow noopener\" target=\"_blank\"><img loading=\"lazy\" width=\"600\" height=\"400\" src=\"https:\/\/www.europesays.com\/fi\/wp-content\/uploads\/2025\/11\/senop_ulkona-1-768x512-1-600x400.jpg\" alt=\"Patria konserniin kuuluvan Senopin p\u00e4\u00e4konttori sijaitsee Kangasalla. Kangasalan...\" itemprop=\"image\" decoding=\"async\"  \/><\/a>Patria konserniin kuuluvan Senopin p\u00e4\u00e4konttori sijaitsee Kangasalla. Kangasalan Sanomat p\u00e4\u00e4si vierailemaan yrityksess\u00e4 pari vuotta sitten. Kuvassa yhti\u00f6n myynti- ja markkinointijohtaja Janne Kuosmanen ja operaatiot-toiminnon johtaja Jenni L\u00e4hteenm\u00e4ki vuodenvaihteessa 2023. Kuva: KS arkisto<\/p>\n<p> T\u00e4n\u00e4\u00e4n keskiviikkona julkaistiin yhteis\u00f6jen tuloverotuksen julkiset tiedot vuodelta 2024.  Eniten yhteis\u00f6veroja kangasalalaisista yrityksist\u00e4 maksoi verovuonna 2024 Senop Oy. Yrityksen verotettava tulo oli yhteens\u00e4 noin\u2026<\/p>\n<p>T\u00e4m\u00e4 sis\u00e4lt\u00f6 on Kangasalan\u00a0Sanomien tilaajille<\/p>\n<p>Tilaa lukuoikeus alkaen 1\u00a0\u20ac.<\/p>\n<p> <a href=\"https:\/\/kangasalansanomat.fi\/tilaa?p3=168701&amp;p4=\" class=\"membernoticebtn\" title=\"Tilaa Kangasalan Sanomat\" rel=\"nofollow noopener\" target=\"_blank\">Tilaa<\/a><a href=\"https:\/\/kangasala.taikatilaus.fi\/oprp\/k.aspx?p1=https%3A%2F%2Fkangasalansanomat.fi%2Fverotiedot-tassa-ovat-kangasalan-10-suurinta-yhteisoveron-maksajaa-ykkoseksi-ylsi-puolustusalan-yritys\" class=\"membernoticebtn\" title=\"Kirjaudu sis\u00e4\u00e4n\" rel=\"nofollow noopener\" target=\"_blank\">Kirjaudu<\/a><\/p>\n","protected":false},"excerpt":{"rendered":"Kangasalan Sanomat 12.11.2025 Patria konserniin kuuluvan Senopin p\u00e4\u00e4konttori sijaitsee Kangasalla. Kangasalan Sanomat p\u00e4\u00e4si vierailemaan yrityksess\u00e4 pari vuotta sitten.&hellip;\n","protected":false},"author":2,"featured_media":87922,"comment_status":"","ping_status":"","sticky":false,"template":"","format":"standard","meta":{"footnotes":""},"categories":[76],"tags":[79,77,33,31,30,3815,32,78,17767,17818,17819,1356],"class_list":{"0":"post-87921","1":"post","2":"type-post","3":"status-publish","4":"format-standard","5":"has-post-thumbnail","7":"category-talous","8":"tag-business","9":"tag-economy","10":"tag-fi","11":"tag-finland","12":"tag-finnish","13":"tag-kangasala","14":"tag-suomi","15":"tag-talous","16":"tag-verotiedot","17":"tag-vuosi-2024","18":"tag-yhteisoverot","19":"tag-yritykset"},"share_on_mastodon":{"url":"https:\/\/pubeurope.com\/@fi\/115535602473751481","error":""},"_links":{"self":[{"href":"https:\/\/www.europesays.com\/fi\/wp-json\/wp\/v2\/posts\/87921","targetHints":{"allow":["GET"]}}],"collection":[{"href":"https:\/\/www.europesays.com\/fi\/wp-json\/wp\/v2\/posts"}],"about":[{"href":"https:\/\/www.europesays.com\/fi\/wp-json\/wp\/v2\/types\/post"}],"author":[{"embeddable":true,"href":"https:\/\/www.europesays.com\/fi\/wp-json\/wp\/v2\/users\/2"}],"replies":[{"embeddable":true,"href":"https:\/\/www.europesays.com\/fi\/wp-json\/wp\/v2\/comments?post=87921"}],"version-history":[{"count":0,"href":"https:\/\/www.europesays.com\/fi\/wp-json\/wp\/v2\/posts\/87921\/revisions"}],"wp:featuredmedia":[{"embeddable":true,"href":"https:\/\/www.europesays.com\/fi\/wp-json\/wp\/v2\/media\/87922"}],"wp:attachment":[{"href":"https:\/\/www.europesays.com\/fi\/wp-json\/wp\/v2\/media?parent=87921"}],"wp:term":[{"taxonomy":"category","embeddable":true,"href":"https:\/\/www.europesays.com\/fi\/wp-json\/wp\/v2\/categories?post=87921"},{"taxonomy":"post_tag","embeddable":true,"href":"https:\/\/www.europesays.com\/fi\/wp-json\/wp\/v2\/tags?post=87921"}],"curies":[{"name":"wp","href":"https:\/\/api.w.org\/{rel}","templated":true}]}}