{"id":88021,"date":"2025-11-12T10:45:08","date_gmt":"2025-11-12T10:45:08","guid":{"rendered":"https:\/\/www.europesays.com\/fi\/88021\/"},"modified":"2025-11-12T10:45:08","modified_gmt":"2025-11-12T10:45:08","slug":"uusi-roger-rabbit-elokuva-kehitteilla","status":"publish","type":"post","link":"https:\/\/www.europesays.com\/fi\/88021\/","title":{"rendered":"Uusi Roger Rabbit -elokuva kehitteill\u00e4"},"content":{"rendered":"<p>Kuka viritti ansan, Roger Rabbit (1988) on saamassa jatko-osan.<\/p>\n<p>Kirjailija <strong>Gary K. Wolf<\/strong> paljasti tuoreessa haastattelussa, ett\u00e4 on saanut Roger Rabbit -hahmon oikeudet takaisin.<\/p>\n<p>\u201dMinulla on nyt hallussani kaikki oikeudet hahmoihini ja kirjoihini. Voin k\u00e4yt\u00e4nn\u00f6ss\u00e4 tehd\u00e4 omia Roger Rabbit -projektejani\u201d, Wolf kertoi.<\/p>\n<p>Oikeudet palautuivat Wolfille niin kutsutun tekij\u00e4noikeuden palautuslausekkeen (35-Year Copyright Reversion Clause) turvin.<\/p>\n<p>Oikeudet olivat toisin sanoen  \u201dlainassa\u201d  Disneyll\u00e4 35 vuotta. Wolfin mukaan prosessi meni sujuvasti, eik\u00e4 Disney ei yritt\u00e4nyt est\u00e4\u00e4 palautusta.<\/p>\n<p>\u201dOdotin, ett\u00e4 prosessi olisi ollut riitaisa, mutta ei se ollut. Se oli asiallinen, kohtelias ja suoraviivainen\u201d.<\/p>\n<p>\u201dDisney on aina kohdellut minua hyvin. He ottivat toiveeni huomioon kaikessa.\u201d<\/p>\n<p>Lue my\u00f6s: <a href=\"https:\/\/www.episodi.fi\/uutiset\/bob-hoskins-meni-roger-rabbit-elokuvasta-aivan-sekaisin-naadat-ja-janikset-hyppivat-kodin-seinillakin\/\" title=\"Bob Hoskins meni Roger Rabbit -elokuvasta aivan sekaisin \u2013 N\u00e4\u00e4d\u00e4t ja j\u00e4nikset hyppiv\u00e4t kodin seinill\u00e4kin\" class=\"underline-custom !font-montserrat !font-bold !underline-offset-4 !decoration-4 !decoration-episodi-blue !text-md\" rel=\"nofollow noopener\" target=\"_blank\">Bob Hoskins meni Roger Rabbit -elokuvasta aivan sekaisin \u2013 N\u00e4\u00e4d\u00e4t ja j\u00e4nikset hyppiv\u00e4t kodin seinill\u00e4kin<\/a><\/p>\n<p>Lue my\u00f6s: <a href=\"https:\/\/www.episodi.fi\/uutiset\/kahdesti-oscar-palkittu-richard-williams-on-kuollut-toi-roger-rabbitin-valkokankaalle-pioneerin-elkein\/\" title=\"Kahdesti Oscar-palkittu Richard Williams on kuollut \u2013 Toi Roger Rabbitin valkokankaalle pioneerin elkein\" class=\"underline-custom !font-montserrat !font-bold !underline-offset-4 !decoration-4 !decoration-episodi-blue !text-md\" rel=\"nofollow noopener\" target=\"_blank\">Kahdesti Oscar-palkittu Richard Williams on kuollut \u2013 Toi Roger Rabbitin valkokankaalle pioneerin elkein<\/a><\/p>\n<p>Wolf suunnittelee tuovansa Roger Rabbitin ja muut Toontownin asukkaat taas valkokankaalle.<\/p>\n<p>\u201dMonet ovat kysyneet, miksi emme tehneet ensimm\u00e4ist\u00e4 elokuvaa l\u00e4heisemm\u00e4ksi alkuper\u00e4isen Who Censored Roger Rabbit -kirjan kanssa, jossa oli puhekuplia ja sen tyylisi\u00e4 hahmoja. No, se on nyt p\u00f6yd\u00e4ll\u00e4\u201d, Wolf ilmoitti.<\/p>\n<p>Tekeill\u00e4 on my\u00f6s sovitus Wolfin uusimmasta kirjasta Jessica Rabbit: XERIOUS Business (2022).<\/p>\n<p>\u201dT\u00e4ll\u00e4 hetkell\u00e4 lupaavin hanke on live-action\u2011Jessica Rabbit -elokuva, joka perustuu tuohon kirjaan. Se oli ensimm\u00e4inen projekti, jota aloimme kehitt\u00e4\u00e4 ja se on todenn\u00e4k\u00f6isesti pisimm\u00e4ll\u00e4\u201d, Wolf paljasti.<\/p>\n<p>Toistaiseksi mik\u00e4\u00e4n studio tai tuotantoyhti\u00f6 ei ole mukana Wolfin uusissa Roger Rabbit -hankkeissa. Kirjailija totesi, ett\u00e4 tekisi mielell\u00e4\u00e4n yhteisty\u00f6t\u00e4 Disneyn kanssa.<\/p>\n<p>\u201dHaluaisin Disneyn mukaan. On olemassa ydinryhm\u00e4 ihmisi\u00e4, jotka olivat mukana ensimm\u00e4isess\u00e4 elokuvassa ja haluaisin ty\u00f6skennell\u00e4 heid\u00e4n kanssaan: <strong>Steven Spielberg, Robert Zemeckis, Frank Marshall<\/strong>, <strong>Kathleen Kennedy<\/strong>. Haluaisin my\u00f6s, ett\u00e4 <strong>Charles Fleischer<\/strong> antaisi taas \u00e4\u00e4nens\u00e4 Roger-j\u00e4nikselle\u201d, Wolf kommentoi.<\/p>\n<p>Live-action-klassikko Kuka viritti ansan, Roger Rabbit on n\u00e4ht\u00e4vill\u00e4 Disney Plussassa.<\/p>\n<p><img loading=\"lazy\" decoding=\"async\" alt=\"YouTube video\" width=\"480\" height=\"360\" data-pin-nopin=\"true\" nopin=\"nopin\" class=\"perfmatters-lazy\" src=\"https:\/\/www.europesays.com\/fi\/wp-content\/uploads\/2025\/11\/1762944308_333_hqdefault.jpg\"\/><\/p>\n<p>L\u00e4hde: <a href=\"https:\/\/www.comingsoon.net\/movies\/news\/2060035-new-roger-rabbit-live-action-jessica-rabbit-movie-in-development?fbclid=IwY2xjawOBCH5leHRuA2FlbQIxMABicmlkETA5RjRhUGg0bDBwb3hNOEpSc3J0YwZhcHBfaWQQMjIyMDM5MTc4ODIwMDg5MgABHqT4BZ-eByMTAD8EcXqYJ6wcrbLOLfgEnrMaT3R1Rt9IbqQ2zWIWL47UZ76B_aem_HWLTH6VxI8APnMyrpunv-Q\" rel=\"nofollow noopener\" target=\"_blank\">Comingsoon<\/a><\/p>\n<p>Lue my\u00f6s: <a href=\"https:\/\/www.episodi.fi\/uutiskirje\/?uutiskirjemainos=tekstilinkkimainos\" title=\"Tilaa Episodin uutiskirje ja voit voittaa leffalippuja! Nappaa tv-vinkit suoraan s\u00e4hk\u00f6postiin t\u00e4st\u00e4.\" class=\"underline-custom !font-montserrat !font-bold !underline-offset-4 !decoration-4 !decoration-episodi-blue !text-md\" rel=\"nofollow noopener\" target=\"_blank\">Tilaa Episodin uutiskirje ja voit voittaa leffalippuja! Nappaa katseluvinkit suoraan s\u00e4hk\u00f6postiin t\u00e4st\u00e4.<\/a><\/p>\n","protected":false},"excerpt":{"rendered":"Kuka viritti ansan, Roger Rabbit (1988) on saamassa jatko-osan. Kirjailija Gary K. Wolf paljasti tuoreessa haastattelussa, ett\u00e4 on&hellip;\n","protected":false},"author":2,"featured_media":88022,"comment_status":"","ping_status":"","sticky":false,"template":"","format":"standard","meta":{"footnotes":""},"categories":[131],"tags":[155,137,33,173,31,30,17829,172,17830,32,109],"class_list":{"0":"post-88021","1":"post","2":"type-post","3":"status-publish","4":"format-standard","5":"has-post-thumbnail","7":"category-elokuvat","8":"tag-elokuvat","9":"tag-entertainment","10":"tag-fi","11":"tag-film","12":"tag-finland","13":"tag-finnish","14":"tag-gary-k-wolf","15":"tag-movies","16":"tag-roger-rabbit","17":"tag-suomi","18":"tag-viihde"},"share_on_mastodon":{"url":"https:\/\/pubeurope.com\/@fi\/115536326111584635","error":""},"_links":{"self":[{"href":"https:\/\/www.europesays.com\/fi\/wp-json\/wp\/v2\/posts\/88021","targetHints":{"allow":["GET"]}}],"collection":[{"href":"https:\/\/www.europesays.com\/fi\/wp-json\/wp\/v2\/posts"}],"about":[{"href":"https:\/\/www.europesays.com\/fi\/wp-json\/wp\/v2\/types\/post"}],"author":[{"embeddable":true,"href":"https:\/\/www.europesays.com\/fi\/wp-json\/wp\/v2\/users\/2"}],"replies":[{"embeddable":true,"href":"https:\/\/www.europesays.com\/fi\/wp-json\/wp\/v2\/comments?post=88021"}],"version-history":[{"count":0,"href":"https:\/\/www.europesays.com\/fi\/wp-json\/wp\/v2\/posts\/88021\/revisions"}],"wp:featuredmedia":[{"embeddable":true,"href":"https:\/\/www.europesays.com\/fi\/wp-json\/wp\/v2\/media\/88022"}],"wp:attachment":[{"href":"https:\/\/www.europesays.com\/fi\/wp-json\/wp\/v2\/media?parent=88021"}],"wp:term":[{"taxonomy":"category","embeddable":true,"href":"https:\/\/www.europesays.com\/fi\/wp-json\/wp\/v2\/categories?post=88021"},{"taxonomy":"post_tag","embeddable":true,"href":"https:\/\/www.europesays.com\/fi\/wp-json\/wp\/v2\/tags?post=88021"}],"curies":[{"name":"wp","href":"https:\/\/api.w.org\/{rel}","templated":true}]}}