{"id":88032,"date":"2025-11-12T10:58:08","date_gmt":"2025-11-12T10:58:08","guid":{"rendered":"https:\/\/www.europesays.com\/fi\/88032\/"},"modified":"2025-11-12T10:58:08","modified_gmt":"2025-11-12T10:58:08","slug":"tulokarkeen-ampaissut-matti-hall-77-vastaa-espanjasta-ja-kertoo-mita-ajattelee-it-alasta","status":"publish","type":"post","link":"https:\/\/www.europesays.com\/fi\/88032\/","title":{"rendered":"Tulok\u00e4rkeen ampaissut Matti H\u00e4ll, 77, vastaa Espanjasta ja kertoo mit\u00e4 ajattelee it-alasta"},"content":{"rendered":"<p>Tulot ja verot 2024|Matti H\u00e4ll rikastui myym\u00e4ll\u00e4 ohjelmistoyhti\u00f6ns\u00e4, jonka nykysuuntaan h\u00e4n on pettynyt. Potti p\u00e4\u00e4tynee lopulta lapsille.<\/p>\n<p>Lue tiivistelm\u00e4<\/p>\n<p>Tiivistelm\u00e4 on teko\u00e4lyn tekem\u00e4 ja ihmisen tarkistama.<\/p>\n<p class=\"article-body mb-nof-24 px-nof-16 sndp-summary-bullet-point-font\">Ohjelmistoyritt\u00e4j\u00e4 Matti H\u00e4ll, 77, nousi Suomen kolmanneksi kovatuloisimmaksi 30,7 miljoonan euron tuloilla.<\/p>\n<p class=\"article-body mb-nof-24 px-nof-16 sndp-summary-bullet-point-font\">H\u00e4ll myi viime vuonna omistuksensa perustamastaan Admicom-yhti\u00f6st\u00e4 noin 50 miljoonalla eurolla.<\/p>\n<p class=\"article-body mb-nof-24 px-nof-16 sndp-summary-bullet-point-font\">H\u00e4ll uskoo teko\u00e4lyn olevan yht\u00e4 merkitt\u00e4v\u00e4 teknologia kuin internet, mutta varoittaa markkinoiden ylikuumenemisesta.<\/p>\n<p class=\"article-body mb-nof-24 px-nof-16 sndp-summary-bullet-point-font\">H\u00e4ll pit\u00e4\u00e4 uransa parhaana p\u00e4\u00e4t\u00f6ksen\u00e4 ty\u00f6ntekij\u00f6iden sitouttamista osakkeenomistajiksi yhti\u00f6iss\u00e4\u00e4n.<\/p>\n<p class=\"article-body mb-nof-24 px-nof-16\">Suomen suurituloisimpien k\u00e4rkikahinoihin nousi nimi, joka ei ole monelle tuttu.<\/p>\n<p class=\"article-body mb-nof-24 px-nof-16\">H\u00e4n on <a class=\"article-personlink\" href=\"https:\/\/www.hs.fi\/haku\/?query=Matti%20H%C3%A4ll\" rel=\"nofollow noopener\" target=\"_blank\">Matti H\u00e4ll<\/a>, 77, jonka nimi aiempina vuosina k\u00e4vi l\u00e4hell\u00e4 eniten ansainneiden k\u00e4rke\u00e4. Nyt h\u00e4n nousee kertaheitolla kolmanneksi.<\/p>\n<p class=\"article-body mb-nof-24 px-nof-16\">H\u00e4llin kokonaistulot olivat yrityskaupan siivitt\u00e4m\u00e4n\u00e4 viime vuonna 30,7 miljoonaa euroa. H\u00e4n vastaa puhelimeen keskiviikkoaamuna Espanjan Aurinkorannikolta.<\/p>\n<p class=\"article-body mb-nof-24 px-nof-16\">\u201dPieni ja k\u00f6yh\u00e4 maa Suomi on, kun t\u00e4mm\u00f6isell\u00e4 p\u00e4\u00e4see t\u00e4llaiseen asemaan. Tarkoittaa, ett\u00e4 v\u00e4h\u00e4n on onnistuneita yrityksi\u00e4\u201d, H\u00e4ll tuumaa linjan v\u00e4lityksell\u00e4 Benalm\u00e1denasta, jossa h\u00e4nell\u00e4 on ollut talo vuodesta 2002.<\/p>\n<p class=\"article-body mb-nof-24 px-nof-16\">Keski-Suomen Haukivuorelta kotoisin oleva H\u00e4ll kokosi vaurautensa ohjelmistoalalla. H\u00e4nen is\u00e4ns\u00e4 oli s\u00e4hk\u00f6alalla, minne poikakin oli matkalla, kunnes ura l\u00e4hti vet\u00e4m\u00e4\u00e4n tietokoneiden suuntaan.<\/p>\n<p class=\"article-body mb-nof-24 px-nof-16\">H\u00e4ll perusti ohjelmistoyritys Liinoksen 1980-luvun lopulla, ja se myytiin norjalaiselle Vismalle vuosituhannen vaihteen j\u00e4lkeen.<\/p>\n<p class=\"article-body mb-nof-24 px-nof-16\">Sitten h\u00e4n perusti toisen yrityksen, Admicomin. Se tuottaa ohjelmistoja rakennusalalle ja listattiin vuonna 2018 p\u00f6rssin kasvuyhti\u00f6iden listalle eli First Northiin.<\/p>\n<p class=\"article-body mb-nof-24 px-nof-16\">H\u00e4ll myi viime vuonna kaikki omistuksensa noin 50 miljoonalla eurolla p\u00f6rssiss\u00e4.<\/p>\n<p class=\"article-body mb-nof-24 px-nof-16\">\u201dEn ollut en\u00e4\u00e4 moneen vuoteen hallituksessa, ruotsalaisethan valtasivat sen listautumisen j\u00e4lkeen. Rakennusalan suhdanteessa firma on, eli siin\u00e4 mieless\u00e4 ymm\u00e4rrett\u00e4v\u00e4\u00e4, ettei se ei ole lennossa t\u00e4ll\u00e4 hetkell\u00e4. Oli aika luonnollista h\u00e4ipy\u00e4.\u201d<\/p>\n<p class=\"article-body mb-nof-24 px-nof-16\">Yhti\u00f6st\u00e4 kohistiin viime vuoden lokakuussa, kun H\u00e4llin irtaantumisen j\u00e4lkeen my\u00f6s <a class=\"article-genericlink\" href=\"https:\/\/www.hs.fi\/talous\/art-2000010767177.html\" rel=\"nofollow noopener\" target=\"_blank\">toimitusjohtajalle n\u00e4ytettiin ovea<\/a>.<\/p>\n<p class=\"article-body mb-nof-24 px-nof-16\">H\u00e4llin mielest\u00e4 firma on tehnyt sittemmin v\u00e4\u00e4ri\u00e4 ratkaisuja. Admicom tietyll\u00e4 tapaa henkisesti jatkoi Liinoksen matkaa, joten h\u00e4n koki, ett\u00e4 uudet ihmiset eiv\u00e4t \u201dolleet n\u00e4hnet hommaa ja markkinaa ensink\u00e4\u00e4n.\u201d<\/p>\n<p class=\"article-body mb-nof-24 px-nof-16\">H\u00e4ll on el\u00e4nyt internetin yleistymisen kanssa rinta rinnan my\u00f6t\u00e4- ja vastoink\u00e4ymisiss\u00e4<\/p>\n<p class=\"article-body mb-nof-24 px-nof-16\">Liinoksen myynti sattui vuosituhannen vaihteen it-kuplan puhkeamisen aikoihin.<\/p>\n<p class=\"article-body mb-nof-24 px-nof-16\">Nyt kaikki puhuvat teko\u00e4lyst\u00e4 ja puolijohdefirmojen osakekurssit vain nousevat. Toistaako historia itse\u00e4\u00e4n ja kohta kuuluu poks?<\/p>\n<p class=\"article-body mb-nof-24 px-nof-16\">\u201dKyll\u00e4 t\u00e4mm\u00f6isess\u00e4 tilanteessa markkinat kuumenevat, koska siell\u00e4 on uskomattomia mahdollisuuksia ja porukat haluavat p\u00e4\u00e4st\u00e4 siihen mukaan. Eritt\u00e4in todenn\u00e4k\u00f6ist\u00e4, ett\u00e4 t\u00e4m\u00e4 ylikuumenee ja sitten on uusi alku.\u201d<\/p>\n<p class=\"article-body mb-nof-24 px-nof-16\">Niin k\u00e4vi internetinkin kanssa. Vaikka hype poksahti, niin nyt kaikki k\u00e4ytt\u00e4v\u00e4t netti\u00e4. Itse teko\u00e4lyteknologiaan h\u00e4nell\u00e4 on luottoa:<\/p>\n<p class=\"article-body mb-nof-24 px-nof-16\">\u201dT\u00e4m\u00e4 on v\u00e4hint\u00e4\u00e4n samaa luokkaa kuin netin tulo aikanaan.\u201d<\/p>\n<p class=\"article-body mb-nof-24 px-nof-16\">H\u00e4ll on yh\u00e4 eri yritysten hallituksissa, mutta ei operatiivisissa rooleissa.<\/p>\n<p class=\"article-body mb-nof-24 px-nof-16\">H\u00e4n pit\u00e4\u00e4 uransa mieleisimp\u00e4n\u00e4 liikkeen\u00e4 sit\u00e4, ett\u00e4 on sitouttanut ty\u00f6ntekij\u00f6it\u00e4\u00e4n ottamalla heit\u00e4 osakkaiksi. Kun Liinos listattiin p\u00f6rssiin vuonna 1999, oli sit\u00e4 reilun sadan ty\u00f6ntekij\u00e4n salkussa.<\/p>\n<p class=\"article-body mb-nof-24 px-nof-16\">\u201dTarkoittaa, ett\u00e4 olen koko ik\u00e4ni saanut tehd\u00e4 t\u00f6it\u00e4 porukoiden kanssa, joilla on yhteinen intressi. Min\u00e4 en ole ollut erillinen omistaja ja ty\u00f6ntekij\u00e4t ty\u00f6ntekij\u00f6ilt\u00e4. Minusta se on ollut kivaa, ollaan samaa jengi\u00e4\u201d.<\/p>\n<p class=\"article-body mb-nof-24 px-nof-16\">Liinoksen myyntiin liittyi ep\u00e4selvyyksi\u00e4, joista H\u00e4ll sai seitsem\u00e4n kuukauden <a class=\"article-genericlink\" href=\"https:\/\/www.hs.fi\/talous\/art-2000004594009.html\" rel=\"nofollow noopener\" target=\"_blank\">ehdollisen vankeustuomion <\/a>vuonna 2008. H\u00e4n teki isoja osakekauppoja ennen myynti\u00e4 Vismalle, joten h\u00e4net tuomittiin sis\u00e4piiritiedon v\u00e4\u00e4rink\u00e4yt\u00f6st\u00e4.<\/p>\n<p class=\"article-body mb-nof-24 px-nof-16\">Vuonna 2005 H\u00e4ll oli l\u00f6\u00f6peiss\u00e4 liikenneturvallisuuden vaarantamisesta <a class=\"article-genericlink\" href=\"https:\/\/www.hs.fi\/talous\/art-2000004546497.html\" rel=\"nofollow noopener\" target=\"_blank\">tulleista sakoista<\/a>, koska h\u00e4n nukahti veneens\u00e4 ruoriin ja karautti maille.<\/p>\n<p class=\"article-body mb-nof-24 px-nof-16\">Admicomin kautta saatuja tuloja h\u00e4n ei aio kipata esimerkiksi uuteen firmaan.<\/p>\n<p class=\"article-body mb-nof-24 px-nof-16\">\u201dEih\u00e4n t\u00e4ss\u00e4 itse en\u00e4\u00e4 mit\u00e4\u00e4n paljoa tarvitse. Lapsille ne varmaan menee, koska itse olen jo 77. Ei t\u00e4ss\u00e4 kymmeni\u00e4 miljoonia en\u00e4\u00e4 tarvitse.\u201d<\/p>\n","protected":false},"excerpt":{"rendered":"Tulot ja verot 2024|Matti H\u00e4ll rikastui myym\u00e4ll\u00e4 ohjelmistoyhti\u00f6ns\u00e4, jonka nykysuuntaan h\u00e4n on pettynyt. Potti p\u00e4\u00e4tynee lopulta lapsille. Lue&hellip;\n","protected":false},"author":2,"featured_media":88033,"comment_status":"","ping_status":"","sticky":false,"template":"","format":"standard","meta":{"footnotes":""},"categories":[12],"tags":[22,23,26,27,33,31,30,17,46,24,25,28,29,15,18,21,32,19,20,16],"class_list":{"0":"post-88032","1":"post","2":"type-post","3":"status-publish","4":"format-standard","5":"has-post-thumbnail","7":"category-suomi","8":"tag-breaking-news","9":"tag-breakingnews","10":"tag-featured-news","11":"tag-featurednews","12":"tag-fi","13":"tag-finland","14":"tag-finnish","15":"tag-headlines","16":"tag-helsingin-sanomat","17":"tag-latest-news","18":"tag-latestnews","19":"tag-main-news","20":"tag-mainnews","21":"tag-news","22":"tag-otsikot","23":"tag-paauutiset","24":"tag-suomi","25":"tag-top-stories","26":"tag-topstories","27":"tag-uutiset"},"share_on_mastodon":{"url":"https:\/\/pubeurope.com\/@fi\/115536376814561015","error":""},"_links":{"self":[{"href":"https:\/\/www.europesays.com\/fi\/wp-json\/wp\/v2\/posts\/88032","targetHints":{"allow":["GET"]}}],"collection":[{"href":"https:\/\/www.europesays.com\/fi\/wp-json\/wp\/v2\/posts"}],"about":[{"href":"https:\/\/www.europesays.com\/fi\/wp-json\/wp\/v2\/types\/post"}],"author":[{"embeddable":true,"href":"https:\/\/www.europesays.com\/fi\/wp-json\/wp\/v2\/users\/2"}],"replies":[{"embeddable":true,"href":"https:\/\/www.europesays.com\/fi\/wp-json\/wp\/v2\/comments?post=88032"}],"version-history":[{"count":0,"href":"https:\/\/www.europesays.com\/fi\/wp-json\/wp\/v2\/posts\/88032\/revisions"}],"wp:featuredmedia":[{"embeddable":true,"href":"https:\/\/www.europesays.com\/fi\/wp-json\/wp\/v2\/media\/88033"}],"wp:attachment":[{"href":"https:\/\/www.europesays.com\/fi\/wp-json\/wp\/v2\/media?parent=88032"}],"wp:term":[{"taxonomy":"category","embeddable":true,"href":"https:\/\/www.europesays.com\/fi\/wp-json\/wp\/v2\/categories?post=88032"},{"taxonomy":"post_tag","embeddable":true,"href":"https:\/\/www.europesays.com\/fi\/wp-json\/wp\/v2\/tags?post=88032"}],"curies":[{"name":"wp","href":"https:\/\/api.w.org\/{rel}","templated":true}]}}