{"id":88042,"date":"2025-11-12T11:20:09","date_gmt":"2025-11-12T11:20:09","guid":{"rendered":"https:\/\/www.europesays.com\/fi\/88042\/"},"modified":"2025-11-12T11:20:09","modified_gmt":"2025-11-12T11:20:09","slug":"isn-tiedot-joni-stagala-takala-vaihtoi-nimensa-nain-paljon-han-tienasi","status":"publish","type":"post","link":"https:\/\/www.europesays.com\/fi\/88042\/","title":{"rendered":"IS:n tiedot: Joni \u201dStagala\u201d Takala vaihtoi nimens\u00e4 \u2013 n\u00e4in paljon h\u00e4n tienasi"},"content":{"rendered":"<p>Stagala vaihtoi nime\u00e4\u00e4n.<\/p>\n<p>N\u00e4in k\u00e4yt\u00e4t verokonetta. Videolla on tiivis ohje siihen, miten l\u00f6yd\u00e4t koneesta haluamasi tiedot.<\/p>\n<p class=\"article-body mb-nof-24 px-nof-16\">Verop\u00e4iv\u00e4n\u00e4 keskiviikkona paljastui, ett\u00e4 vuoden 2024 julkisissa verotuloissa ei l\u00f6ydy <a class=\"article-personlink\" href=\"https:\/\/www.is.fi\/haku\/?query=Joni%20%E2%80%9DStagala%E2%80%9D%20Takalaa\" rel=\"nofollow noopener\" target=\"_blank\">Joni \u201dStagala\u201d Takalaa<\/a> mist\u00e4\u00e4n maakunnasta.<\/p>\n<p class=\"article-body mb-nof-24 px-nof-16\">Syy on se, ett\u00e4 Takala on vaihtanut nimens\u00e4 <a class=\"article-personlink\" href=\"https:\/\/www.is.fi\/haku\/?query=Alexander%20Krigsmaniksi\" rel=\"nofollow noopener\" target=\"_blank\">Alexander Krigsmaniksi<\/a>. Asia selvisi, kun Ilta-Sanomat selvitti Krigsmanin toiminimiyrityksen tietoja kaupparekisterist\u00e4. Aiemmin h\u00e4nen nimiins\u00e4 merkitty toiminimiyritys oli merkitty Joni Takalan nimiin, nyt kaupparekisteriss\u00e4 nimi on muuttunut Alexander Krigsmaniksi.<\/p>\n<p class=\"article-body mb-nof-24 px-nof-16\">N\u00e4iden nimien syntym\u00e4ajat t\u00e4sm\u00e4\u00e4v\u00e4t.<\/p>\n<p class=\"article-body mb-nof-24 px-nof-16\">Vuonna 2000 syntynyt, alun perin provosoivista sosiaalisen median videoista ja sittemmin nyrkkeilykeh\u00e4st\u00e4 tutuksi tullut Krigsman tienasi viime vuonna ansiotuloina 48\u202f821 euroa. P\u00e4\u00e4omatuloja h\u00e4nell\u00e4 ei ollut lainkaan. Vuotta aiemmin vuonna 2023 Krigsman tienasi 41\u202f362 euroa.<\/p>\n<p class=\"article-body mb-nof-24 px-nof-16\">Ilta-Sanomat tavoitti Krigsmanin keskiviikkona. H\u00e4n oli haluton kommentoimaan nimenmuutostaan ja ihmetteli, kuinka asia on selvinnyt IS:lle.<\/p>\n<p class=\"article-body mb-nof-24 px-nof-16\">\u2013 Min\u00e4 en l\u00e4hde t\u00e4t\u00e4 kommentoimaan nyt sen enemp\u00e4\u00e4, Krigsman sanoi puhelimitse.<\/p>\n<p class=\"article-body mb-nof-24 px-nof-16\">Krigsmanin nimell\u00e4 l\u00f6ytyy my\u00f6s toinen yritys, huhtikuun lopussa kaupparekisteriin merkitty Ideava Oy. Se ei ole toistaiseksi toimittanut tilinp\u00e4\u00e4t\u00f6stietojaan. Yhti\u00f6n hallituksessa on pelk\u00e4st\u00e4\u00e4n Krigsman, varaj\u00e4senen\u00e4 on h\u00e4nen managerinaan tunnettu <a class=\"article-personlink\" href=\"https:\/\/www.is.fi\/haku\/?query=Ricardo%20Blanco\" rel=\"nofollow noopener\" target=\"_blank\">Ricardo Blanco<\/a>.<\/p>\n<p class=\"article-body mb-nof-24 px-nof-16\">Krigsman tuli viimeist\u00e4\u00e4n suuren kansan tietoisuuteen, kun h\u00e4n otteli toukokuun alussa Ice Cage 4 -tapahtumassa <a class=\"article-personlink\" href=\"https:\/\/www.is.fi\/haku\/?query=Mika%20%E2%80%9DImmu%E2%80%9D%20Ilm%C3%A9ni%C3%A4\" rel=\"nofollow noopener\" target=\"_blank\">Mika \u201dImmu\u201d Ilm\u00e9ni\u00e4<\/a> vastaan.<\/p>\n<p class=\"article-body mb-nof-24 px-nof-16\">Krigsman, silloin Takala, tyrm\u00e4si Ilm\u00e9nin ensimm\u00e4isen er\u00e4n alussa.<\/p>\n<p class=\"article-body nof-ui-body-medium mb-nof-24 px-nof-16\">Oikaisu 12.11.2025 kello 12:20. Artikkelissa kerrottiin aiemmin virheellisesti, ett\u00e4 Stagala ja Ilm\u00e9n kohtasivat syyskuussa Ice Cage 5 -tapahtumassa. Tosiasiassa tapahtuma oli toukokuussa.<\/p>\n","protected":false},"excerpt":{"rendered":"Stagala vaihtoi nime\u00e4\u00e4n. N\u00e4in k\u00e4yt\u00e4t verokonetta. Videolla on tiivis ohje siihen, miten l\u00f6yd\u00e4t koneesta haluamasi tiedot. Verop\u00e4iv\u00e4n\u00e4 keskiviikkona&hellip;\n","protected":false},"author":2,"featured_media":88043,"comment_status":"","ping_status":"","sticky":false,"template":"","format":"standard","meta":{"footnotes":""},"categories":[158],"tags":[33,31,30,34,159,32,160],"class_list":{"0":"post-88042","1":"post","2":"type-post","3":"status-publish","4":"format-standard","5":"has-post-thumbnail","7":"category-urheilu","8":"tag-fi","9":"tag-finland","10":"tag-finnish","11":"tag-ilta-sanomat","12":"tag-sports","13":"tag-suomi","14":"tag-urheilu"},"share_on_mastodon":{"url":"https:\/\/pubeurope.com\/@fi\/115536463368983713","error":""},"_links":{"self":[{"href":"https:\/\/www.europesays.com\/fi\/wp-json\/wp\/v2\/posts\/88042","targetHints":{"allow":["GET"]}}],"collection":[{"href":"https:\/\/www.europesays.com\/fi\/wp-json\/wp\/v2\/posts"}],"about":[{"href":"https:\/\/www.europesays.com\/fi\/wp-json\/wp\/v2\/types\/post"}],"author":[{"embeddable":true,"href":"https:\/\/www.europesays.com\/fi\/wp-json\/wp\/v2\/users\/2"}],"replies":[{"embeddable":true,"href":"https:\/\/www.europesays.com\/fi\/wp-json\/wp\/v2\/comments?post=88042"}],"version-history":[{"count":0,"href":"https:\/\/www.europesays.com\/fi\/wp-json\/wp\/v2\/posts\/88042\/revisions"}],"wp:featuredmedia":[{"embeddable":true,"href":"https:\/\/www.europesays.com\/fi\/wp-json\/wp\/v2\/media\/88043"}],"wp:attachment":[{"href":"https:\/\/www.europesays.com\/fi\/wp-json\/wp\/v2\/media?parent=88042"}],"wp:term":[{"taxonomy":"category","embeddable":true,"href":"https:\/\/www.europesays.com\/fi\/wp-json\/wp\/v2\/categories?post=88042"},{"taxonomy":"post_tag","embeddable":true,"href":"https:\/\/www.europesays.com\/fi\/wp-json\/wp\/v2\/tags?post=88042"}],"curies":[{"name":"wp","href":"https:\/\/api.w.org\/{rel}","templated":true}]}}