{"id":88062,"date":"2025-11-12T11:44:08","date_gmt":"2025-11-12T11:44:08","guid":{"rendered":"https:\/\/www.europesays.com\/fi\/88062\/"},"modified":"2025-11-12T11:44:08","modified_gmt":"2025-11-12T11:44:08","slug":"yksi-marvel-studiosin-viime-vuosien-harvoista-valopilkuista-on-saamassa-jatko-osan","status":"publish","type":"post","link":"https:\/\/www.europesays.com\/fi\/88062\/","title":{"rendered":"Yksi Marvel Studiosin viime vuosien harvoista valopilkuista on saamassa jatko-osan"},"content":{"rendered":"<p>Werewolf by Night saa jatkoa.<\/p>\n<p>Marvel Studiosin vuonna 2022 Disney+:ssa julkaisema kauhuspesiaali <a href=\"https:\/\/muropaketti.com\/avainsana\/werewolf-by-night\/\" rel=\"nofollow noopener\" target=\"_blank\">Werewolf by Night<\/a> on saamassa jatkoa, uutisoi <a href=\"https:\/\/deadline.com\/2025\/11\/michael-giacchino-fantastic-four-first-steps-score-writing-1236609065\/\" target=\"_blank\" rel=\"noreferrer noopener nofollow\">Deadline<\/a>. Alun perin mustavalkoisena julkaistu Halloween-spesiaali on MCU:n kauhugenrell\u00e4 flirttaileva elokuva, jossa p\u00e4\u00e4osaa esitt\u00e4\u00e4 Gael Garc\u00eda Bernal.<\/p>\n<p>Jatko-osan ohjaa alkuper\u00e4isest\u00e4 elokuvasta tuttu Michael Giacchino. Muuta tarkempaa tietoa uudesta Werewolf by Nightista ei viel\u00e4 ole vahvistettu.<\/p>\n<p>Vuonna 2022 julkaistu Werewolf by Night on vajaan tunnin mittainen lyhytelokuva. Bernalin lis\u00e4ksi siin\u00e4 n\u00e4yttelev\u00e4t muun muassa Laura Donnelly, Harries Sansom Harris, Kirk R. Thatcher, Eugenie Bondurant ja Leonardo Nam.<\/p>\n","protected":false},"excerpt":{"rendered":"Werewolf by Night saa jatkoa. Marvel Studiosin vuonna 2022 Disney+:ssa julkaisema kauhuspesiaali Werewolf by Night on saamassa jatkoa,&hellip;\n","protected":false},"author":2,"featured_media":88063,"comment_status":"","ping_status":"","sticky":false,"template":"","format":"standard","meta":{"footnotes":""},"categories":[131],"tags":[298,155,137,33,173,31,30,2813,172,32,109,17835],"class_list":{"0":"post-88062","1":"post","2":"type-post","3":"status-publish","4":"format-standard","5":"has-post-thumbnail","7":"category-elokuvat","8":"tag-disney","9":"tag-elokuvat","10":"tag-entertainment","11":"tag-fi","12":"tag-film","13":"tag-finland","14":"tag-finnish","15":"tag-marvel-studios","16":"tag-movies","17":"tag-suomi","18":"tag-viihde","19":"tag-werewolf-by-night"},"share_on_mastodon":{"url":"https:\/\/pubeurope.com\/@fi\/115536557686140235","error":""},"_links":{"self":[{"href":"https:\/\/www.europesays.com\/fi\/wp-json\/wp\/v2\/posts\/88062","targetHints":{"allow":["GET"]}}],"collection":[{"href":"https:\/\/www.europesays.com\/fi\/wp-json\/wp\/v2\/posts"}],"about":[{"href":"https:\/\/www.europesays.com\/fi\/wp-json\/wp\/v2\/types\/post"}],"author":[{"embeddable":true,"href":"https:\/\/www.europesays.com\/fi\/wp-json\/wp\/v2\/users\/2"}],"replies":[{"embeddable":true,"href":"https:\/\/www.europesays.com\/fi\/wp-json\/wp\/v2\/comments?post=88062"}],"version-history":[{"count":0,"href":"https:\/\/www.europesays.com\/fi\/wp-json\/wp\/v2\/posts\/88062\/revisions"}],"wp:featuredmedia":[{"embeddable":true,"href":"https:\/\/www.europesays.com\/fi\/wp-json\/wp\/v2\/media\/88063"}],"wp:attachment":[{"href":"https:\/\/www.europesays.com\/fi\/wp-json\/wp\/v2\/media?parent=88062"}],"wp:term":[{"taxonomy":"category","embeddable":true,"href":"https:\/\/www.europesays.com\/fi\/wp-json\/wp\/v2\/categories?post=88062"},{"taxonomy":"post_tag","embeddable":true,"href":"https:\/\/www.europesays.com\/fi\/wp-json\/wp\/v2\/tags?post=88062"}],"curies":[{"name":"wp","href":"https:\/\/api.w.org\/{rel}","templated":true}]}}